{"id":140827,"date":"2025-05-31T04:32:23","date_gmt":"2025-05-31T04:32:23","guid":{"rendered":"https:\/\/www.europesays.com\/fr\/140827\/"},"modified":"2025-05-31T04:32:23","modified_gmt":"2025-05-31T04:32:23","slug":"une-manufacture-illegale-de-fabrication-de-cigarettes-decouverte-a-roubaix","status":"publish","type":"post","link":"https:\/\/www.europesays.com\/fr\/140827\/","title":{"rendered":"Une manufacture ill\u00e9gale de fabrication de cigarettes d\u00e9couverte \u00e0 Roubaix"},"content":{"rendered":"<p>            Par<br \/>\n        <strong><br \/>\n            <a href=\"https:\/\/actu.fr\/auteur\/redaction-lille\" title=\"Consulter tous les articles de R\u00e9daction Lille\" rel=\"nofollow noopener\" target=\"_blank\">R\u00e9daction Lille<\/a><br \/>\n        <\/strong><\/p>\n<p>        Publi\u00e9 le<\/p>\n<p>            30 mai 2025 \u00e0 6h36        <\/p>\n<p>Les auteurs ont \u00e9t\u00e9 mis en examen. Le 21 mai dernier, <b>une manufacture ill\u00e9gale de fabrication de cigarettes a \u00e9t\u00e9 d\u00e9couverte<\/b> \u00e0 <a href=\"https:\/\/actu.fr\/hauts-de-france\/roubaix_59512\" rel=\"nofollow noopener\" target=\"_blank\">Roubaix<\/a>, dans le <a href=\"https:\/\/actu.fr\/hauts-de-france\/nord_59\" rel=\"nofollow noopener\" target=\"_blank\">Nord<\/a>. <b>Plusieurs personnes ont \u00e9t\u00e9 interpell\u00e9es<\/b> dans cette affaire. Explications.\u00a0<\/p>\n<p>Des tonnes de tabac saisies lors des perquisitions\u00a0<\/p>\n<p class=\" wall-content\">Pour rappel, le 2 ao\u00fbt 2024, au <a href=\"https:\/\/actu.fr\/hauts-de-france\/fresnes-les-montauban_62355\/violent-incendie-au-peage-de-fresnes-les-montauban-deux-bus-de-supporters-ont-pris-feu_61114396.html\" rel=\"nofollow noopener\" target=\"_blank\">p\u00e9age de Fresnes-les-Montauban<\/a> sur l\u2019A1, les agents de la douane contr\u00f4laient un v\u00e9hicule dont les passagers, respectivement de nationalit\u00e9 espagnole et colombienne, \u00e9taient trouv\u00e9s en possession de 100 000 euros en esp\u00e8ces, ainsi que d\u2019un bon de livraison de 6,4 tonnes de tabac brut.\u00a0<\/p>\n<p class=\" wall-content\">\u00ab\u00a0Suite au dessaisissement du parquet d\u2019Arras au profit du parquet de Lille, une information judiciaire \u00e9tait ouverte le 4 ao\u00fbt 2024 des chefs de blanchiment, blanchiment douanier, manquement aux obligations d\u00e9claratives et d\u00e9tention en bande organis\u00e9e de tabac sans document justificatif r\u00e9gulier (fait r\u00e9put\u00e9 importation en contrebande) et les deux personnes interpell\u00e9es mises en examen\u00a0\u00bb, souligne le parquet de <a href=\"https:\/\/actu.fr\/lille\/\" rel=\"nofollow noopener\" target=\"_blank\">Lille<\/a> dans un communiqu\u00e9.\u00a0<\/p>\n<p class=\" wall-content\">Les investigations men\u00e9es ont permis d\u2019\u00e9tablir que cette marchandise avait \u00e9t\u00e9 livr\u00e9e le matin m\u00eame dans un entrep\u00f4t situ\u00e9 \u00e0 Roubaix. \u00ab\u00a0L\u2019existence d\u2019une manufacture ill\u00e9gale de tabac \u00e0 rouler, dirig\u00e9e par plusieurs co-auteurs appartenant \u00e0 la m\u00eame famille, \u00e9tait alors d\u00e9couverte par les enqu\u00eateurs\u00a0\u00bb, est-il indiqu\u00e9. Le tabac \u00e9tait ainsi revendu dans la r\u00e9gion, notamment via les r\u00e9seaux sociaux, \u00e0 un prix d\u2019environ <b>85 euros le kilo<\/b>.<\/p>\n<p class=\" wall-content\">Le 21 mai 2025, des perquisitions ont eu lieu dans l\u2019entrep\u00f4t de Roubaix et au sein de plusieurs domiciles situ\u00e9s en m\u00e9tropole lilloise et dans le d\u00e9partement du Nord. Plusieurs machines outil,<b> 3,7 tonnes de tabac brut, pr\u00e8s de 800 kg de tabac coup\u00e9, plus de 70 cartouches de cigarettes<\/b> et plusieurs milliers d\u2019euros en esp\u00e8ces ont \u00e9t\u00e9 saisis par les agents. \u00ab\u00a0Mais \u00e9galement de <b>plusieurs v\u00e9hicules et deux armes \u00e0 feu<\/b>\u00ab\u00a0, ajoute le parquet. Il a \u00e9t\u00e9 proc\u00e9d\u00e9 \u00e0 la saisie de deux comptes bancaires, repr\u00e9sentant un montant total de 58 400 euros.\u00a0<\/p>\n<p>Vid\u00e9os : en ce moment sur ActuUn homme et deux femmes mis en examen\u00a0<\/p>\n<p class=\" wall-content\">Le lendemain, <b>un homme \u00e2g\u00e9 de 30 ans, ainsi que deux femmes \u00e2g\u00e9es de 50 et 29 ans ont \u00e9t\u00e9 mis en examen<\/b> notamment des chefs de fabrication, d\u00e9tention, transport frauduleux de tabac en bande organis\u00e9e, de d\u00e9tention en vue de la vente de tabac en bande organis\u00e9e, ainsi que de blanchiment. Le premier a \u00e9t\u00e9 plac\u00e9 en d\u00e9tention provisoire, les deux femmes ont \u00e9t\u00e9 plac\u00e9es sous contr\u00f4le judiciaire par le juge des libert\u00e9s et de la d\u00e9tention. \u00ab\u00a0\u00c0 ce stade, ils sont pr\u00e9sum\u00e9s innocents.\u00a0\u00bb\u00a0<\/p>\n<p class=\" wall-content\">Le parquet pr\u00e9cise que \u00ab\u00a0le chiffre d\u2019affaires de cet atelier de fabrication et de vente de tabac manufactur\u00e9 peut \u00eatre \u00e9valu\u00e9 \u00e0 environ 350 000 euros depuis ao\u00fbt 2024\u00a0\u00bb. Tandis que le manque \u00e0 gagner pour l\u2019Etat est susceptible d\u2019approcher les 4 millions d\u2019euros, taxes comprises.<\/p>\n<p class=\" wall-content\">Suivez toute l\u2019actualit\u00e9 de vos villes et m\u00e9dias favoris en vous inscrivant \u00e0 <a href=\"https:\/\/moncompte.actu.fr\" title=\"D\u00e9couvez Mon Actu\" rel=\"nofollow noopener\" data-trk=\"{&quot;cta&quot;:{&quot;action&quot;:&quot;https:\\\/\\\/moncompte.actu.fr&quot;,&quot;category&quot;:&quot;mon compte&quot;,&quot;from&quot;:&quot;article footer&quot;,&quot;name&quot;:&quot;Mon actu&quot;,&quot;type&quot;:&quot;cta&quot;}}\" target=\"_blank\">Mon Actu<\/a>.<\/p>\n","protected":false},"excerpt":{"rendered":"Par R\u00e9daction Lille Publi\u00e9 le 30 mai 2025 \u00e0 6h36 Les auteurs ont \u00e9t\u00e9 mis en examen. Le&hellip;\n","protected":false},"author":2,"featured_media":140828,"comment_status":"","ping_status":"","sticky":false,"template":"","format":"standard","meta":{"footnotes":""},"categories":[2815],"tags":[1111,11,1777,674,118,1011,27,811,1307,12,25,6582],"class_list":{"0":"post-140827","1":"post","2":"type-post","3":"status-publish","4":"format-standard","5":"has-post-thumbnail","7":"category-lille","8":"tag-actu","9":"tag-actualites","10":"tag-eu","11":"tag-europe","12":"tag-faits-divers","13":"tag-fr","14":"tag-france","15":"tag-hauts-de-france","16":"tag-lille","17":"tag-news","18":"tag-republique-francaise","19":"tag-tabac"},"share_on_mastodon":{"url":"https:\/\/pubeurope.com\/@fr\/114600577838976583","error":""},"_links":{"self":[{"href":"https:\/\/www.europesays.com\/fr\/wp-json\/wp\/v2\/posts\/140827","targetHints":{"allow":["GET"]}}],"collection":[{"href":"https:\/\/www.europesays.com\/fr\/wp-json\/wp\/v2\/posts"}],"about":[{"href":"https:\/\/www.europesays.com\/fr\/wp-json\/wp\/v2\/types\/post"}],"author":[{"embeddable":true,"href":"https:\/\/www.europesays.com\/fr\/wp-json\/wp\/v2\/users\/2"}],"replies":[{"embeddable":true,"href":"https:\/\/www.europesays.com\/fr\/wp-json\/wp\/v2\/comments?post=140827"}],"version-history":[{"count":0,"href":"https:\/\/www.europesays.com\/fr\/wp-json\/wp\/v2\/posts\/140827\/revisions"}],"wp:featuredmedia":[{"embeddable":true,"href":"https:\/\/www.europesays.com\/fr\/wp-json\/wp\/v2\/media\/140828"}],"wp:attachment":[{"href":"https:\/\/www.europesays.com\/fr\/wp-json\/wp\/v2\/media?parent=140827"}],"wp:term":[{"taxonomy":"category","embeddable":true,"href":"https:\/\/www.europesays.com\/fr\/wp-json\/wp\/v2\/categories?post=140827"},{"taxonomy":"post_tag","embeddable":true,"href":"https:\/\/www.europesays.com\/fr\/wp-json\/wp\/v2\/tags?post=140827"}],"curies":[{"name":"wp","href":"https:\/\/api.w.org\/{rel}","templated":true}]}}