{"id":140831,"date":"2025-05-31T04:34:24","date_gmt":"2025-05-31T04:34:24","guid":{"rendered":"https:\/\/www.europesays.com\/fr\/140831\/"},"modified":"2025-05-31T04:34:24","modified_gmt":"2025-05-31T04:34:24","slug":"un-trafic-de-voitures-volees-entre-marseille-et-lalgerie-decouvert-un-prejudice-dantesque","status":"publish","type":"post","link":"https:\/\/www.europesays.com\/fr\/140831\/","title":{"rendered":"Un trafic de voitures vol\u00e9es entre Marseille et l&rsquo;Alg\u00e9rie d\u00e9couvert, un pr\u00e9judice dantesque"},"content":{"rendered":"<p>            Par<br \/>\n        <strong><br \/>\n            <a href=\"https:\/\/actu.fr\/auteur\/fabien-binacchi\" title=\"Consulter tous les articles de Fabien Binacchi\" target=\"_blank\" rel=\"noopener\">Fabien Binacchi<\/a><br \/>\n        <\/strong><\/p>\n<p>        Publi\u00e9 le<\/p>\n<p>            28 mai 2025 \u00e0 10h54        <\/p>\n<p>Le pr\u00e9judice est estim\u00e9 \u00e0 <strong>30\u00a0millions d\u2019euros.<\/strong><\/p>\n<p class=\" wall-content\">Depuis 2021 au moins, <strong>des v\u00e9hicules vol\u00e9s \u00e9taient maquill\u00e9s et export\u00e9s vers l\u2019Alg\u00e9rie<\/strong> \u00ab\u2009avec la complicit\u00e9 d\u2019individus ayant d\u2019importantes responsabilit\u00e9s\u2009\u00bb au sein du <a href=\"https:\/\/actu.fr\/tag\/port-de-marseille\" target=\"_blank\" rel=\"noopener\">Grand Port Maritime de Marseille,<\/a> annonce le parquet ce mardi 27\u00a0mai 2025.<\/p>\n<p class=\" wall-content\"><strong>Dix personnes soup\u00e7onn\u00e9es<\/strong> d\u2019\u00eatre mouill\u00e9es dans ce trafic \u00ab\u2009de tr\u00e8s grande ampleur\u2009\u00bb ont \u00e9t\u00e9 interpell\u00e9es, mises en examen, et pour certaines \u00e9crou\u00e9es.<\/p>\n<p>Un millier de v\u00e9hicules en 4\u00a0ans<\/p>\n<p class=\" wall-content\">C\u2019est une enqu\u00eate lanc\u00e9e l\u2019an dernier, en 2024, et confi\u00e9e \u00e0 la brigade des atteintes aux biens de la Division de la Criminalit\u00e9 Territoriale (DCT) des Bouches-du-Rh\u00f4ne qui a permis de mettre un coup d\u2019arr\u00eat \u00e0 <strong>cet impressionnant d\u00e9tournement.<\/strong> Un trafic international qui aurait perdur\u00e9 \u00ab\u2009depuis quatre ann\u00e9es\u2009\u00bb, selon le parquet de Marseille.<\/p>\n<p class=\" wall-content\">Au rythme d\u2019une vingtaine de voitures par mois, pr\u00e8s d\u2019un millier de v\u00e9hicules, au total, a ainsi pu se retrouver <strong>de l\u2019autre c\u00f4t\u00e9 de la M\u00e9diterran\u00e9e.<\/strong> Avec un syst\u00e8me bien rod\u00e9\u2009:<\/p>\n<p>Vid\u00e9os : en ce moment sur Actu<\/p>\n<blockquote class=\"ac-article-quote wall-content\">\n<p>\u00ab\u00a0Les malfaiteurs ciblaient principalement des v\u00e9hicules lou\u00e9s \u00e0 l\u2019\u00e9tranger. Avant qu\u2019ils n\u2019apparaissent vol\u00e9s sur les fichiers de police fran\u00e7aise, l\u2019organisation criminelle b\u00e9n\u00e9ficiait d\u2019un temps suffisant pour les acheminer en France, les maquiller, obtenir des immatriculations provisoires et les exp\u00e9dier \u00e0 l\u2019\u00e9tranger.\u00a0\u00bb<\/p>\n<p>    <strong>Parquet de Marseille<\/strong>\n            <\/p><\/blockquote>\n<p>Un hangar \u00ab\u2009mis \u00e0 disposition\u2009\u00bb au port<\/p>\n<p class=\" wall-content\">Le tout \u00ab\u2009avec la complicit\u00e9 d\u2019individus ayant d\u2019importantes responsabilit\u00e9s\u2009\u00bb au sein du Grand Port Maritime de Marseille. Ces derniers \u00ab\u2009autorisaient, <strong>moyennant r\u00e9mun\u00e9ration,<\/strong> l\u2019entr\u00e9e des v\u00e9hicules, ainsi qu\u2019un acc\u00e8s pour l\u2019\u00e9quipe de maquillage des v\u00e9hicules en mettant \u00e0 disposition de l\u2019organisation criminelle un hangar situ\u00e9 au sein de la zone d\u2019acc\u00e8s r\u00e9serv\u00e9 pour plus de discr\u00e9tion\u2009\u00bb, d\u00e9taille encore le parquet.<\/p>\n<p>    <a href=\"https:\/\/www.google.com\/maps\/embed?pb=!1m18!1m12!1m3!1d2902.792079878843!2d5.362650284853631!3d43.31861179014038!2m3!1f0!2f0!3f0!3m2!1i1024!2i768!4f13.1!3m3!1m2!1s0x12c9c1d60ddb17fd%3A0x3d8be303aa4daded!2sPort%20Autonome%20de%20Marseille!5e0!3m2!1sfr!2sfr!4v1748411525733!5m2!1sfr!2sfr\" title=\"Ouvrie le lien\" target=\"_blank\" rel=\"noopener\">Cliquez ici pour visualiser le contenu<\/a><\/p>\n<p class=\" wall-content\"><strong>Surveillances, interceptions t\u00e9l\u00e9phoniques et captations d\u2019images<\/strong>\u2026 une information judiciaire ouverte le 30\u00a0janvier 2025, avec le soutien du groupe interminist\u00e9riel de recherche (GIR), permettait de confondre les individus \u00e0 la man\u0153uvre.<\/p>\n<p>\u00ab\u2009Recel de vol en bande organis\u00e9e\u2009\u00bb<\/p>\n<p class=\" wall-content\">Une op\u00e9ration de police a finalement \u00e9t\u00e9 d\u00e9clench\u00e9e le 22\u00a0mai 2025. Au cours de diff\u00e9rentes perquisitions, un peu plus de <strong>60000 euros en liquide,<\/strong> mais aussi plusieurs <strong>montres de luxe,<\/strong> douze v\u00e9hicules et du mat\u00e9riel permettant de maquiller des voitures ont \u00e9t\u00e9 saisis, selon le parquet de Marseille. Dix personnes ont \u00e9t\u00e9 interpell\u00e9es.<\/p>\n<p>    <img   decoding=\"async\" loading=\"lazy\" src=\"https:\/\/www.europesays.com\/fr\/wp-content\/uploads\/2025\/05\/img-2245-960x640.jpeg\" alt=\"Le\" width=\"960\" height=\"640\"\/><br \/>\n    Les trafiquants ont re\u00e7u \u00ab\u2009la complicit\u00e9 d\u2019individus ayant d\u2019importantes responsabilit\u00e9s\u2009\u00bb au sein du Grand Port Maritime de Marseille, selon le parquet.(\u00a9Illustration Fabien Binacchi \/ actu Marseille)<\/p>\n<p class=\" wall-content\">Elles ont toutes \u00e9t\u00e9 mises en examen pour \u00ab\u2009recel de vol en bande organis\u00e9e\u2009\u00bb, \u00ab\u2009blanchiment\u2009\u00bb, \u00ab\u2009faux et usage de faux\u2009\u00bb ces derniers jours. <strong>Cinq ont \u00e9t\u00e9 plac\u00e9es en d\u00e9tention provisoire<\/strong> et les cinq autres sont d\u00e9sormais sous contr\u00f4le judiciaire.<\/p>\n<p class=\" wall-content\">Suivez toute l\u2019actualit\u00e9 de vos villes et m\u00e9dias favoris en vous inscrivant \u00e0 <a href=\"https:\/\/moncompte.actu.fr\" title=\"D\u00e9couvez Mon Actu\" rel=\"nofollow noopener\" data-trk=\"{&quot;cta&quot;:{&quot;action&quot;:&quot;https:\\\/\\\/moncompte.actu.fr&quot;,&quot;category&quot;:&quot;mon compte&quot;,&quot;from&quot;:&quot;article footer&quot;,&quot;name&quot;:&quot;Mon actu&quot;,&quot;type&quot;:&quot;cta&quot;}}\" target=\"_blank\">Mon Actu<\/a>.<\/p>\n","protected":false},"excerpt":{"rendered":"Par Fabien Binacchi Publi\u00e9 le 28 mai 2025 \u00e0 10h54 Le pr\u00e9judice est estim\u00e9 \u00e0 30\u00a0millions d\u2019euros. Depuis&hellip;\n","protected":false},"author":2,"featured_media":140832,"comment_status":"","ping_status":"","sticky":false,"template":"","format":"standard","meta":{"footnotes":""},"categories":[2814],"tags":[1111,11,15,646,1777,674,1011,27,884,12,26839,882,25,104],"class_list":{"0":"post-140831","1":"post","2":"type-post","3":"status-publish","4":"format-standard","5":"has-post-thumbnail","7":"category-marseille","8":"tag-actu","9":"tag-actualites","10":"tag-algerie","11":"tag-automobile","12":"tag-eu","13":"tag-europe","14":"tag-fr","15":"tag-france","16":"tag-marseille","17":"tag-news","18":"tag-port-de-marseille-fos","19":"tag-provence-alpes-cote-dazur","20":"tag-republique-francaise","21":"tag-societe"},"share_on_mastodon":{"url":"https:\/\/pubeurope.com\/@fr\/114600585861142810","error":""},"_links":{"self":[{"href":"https:\/\/www.europesays.com\/fr\/wp-json\/wp\/v2\/posts\/140831","targetHints":{"allow":["GET"]}}],"collection":[{"href":"https:\/\/www.europesays.com\/fr\/wp-json\/wp\/v2\/posts"}],"about":[{"href":"https:\/\/www.europesays.com\/fr\/wp-json\/wp\/v2\/types\/post"}],"author":[{"embeddable":true,"href":"https:\/\/www.europesays.com\/fr\/wp-json\/wp\/v2\/users\/2"}],"replies":[{"embeddable":true,"href":"https:\/\/www.europesays.com\/fr\/wp-json\/wp\/v2\/comments?post=140831"}],"version-history":[{"count":0,"href":"https:\/\/www.europesays.com\/fr\/wp-json\/wp\/v2\/posts\/140831\/revisions"}],"wp:featuredmedia":[{"embeddable":true,"href":"https:\/\/www.europesays.com\/fr\/wp-json\/wp\/v2\/media\/140832"}],"wp:attachment":[{"href":"https:\/\/www.europesays.com\/fr\/wp-json\/wp\/v2\/media?parent=140831"}],"wp:term":[{"taxonomy":"category","embeddable":true,"href":"https:\/\/www.europesays.com\/fr\/wp-json\/wp\/v2\/categories?post=140831"},{"taxonomy":"post_tag","embeddable":true,"href":"https:\/\/www.europesays.com\/fr\/wp-json\/wp\/v2\/tags?post=140831"}],"curies":[{"name":"wp","href":"https:\/\/api.w.org\/{rel}","templated":true}]}}