{"id":140833,"date":"2025-05-31T04:35:09","date_gmt":"2025-05-31T04:35:09","guid":{"rendered":"https:\/\/www.europesays.com\/fr\/140833\/"},"modified":"2025-05-31T04:35:09","modified_gmt":"2025-05-31T04:35:09","slug":"marseille-metro-et-bus-devies-circulation-infernale-une-foule-immense-attendue","status":"publish","type":"post","link":"https:\/\/www.europesays.com\/fr\/140833\/","title":{"rendered":"Marseille. M\u00e9tro et bus d\u00e9vi\u00e9s, circulation infernale&#8230; Une foule immense attendue"},"content":{"rendered":"<p>            Par<br \/>\n        <strong><br \/>\n            <a href=\"https:\/\/actu.fr\/auteur\/thibault-nadal-actu-fr\" title=\"Consulter tous les articles de Thibault Nadal\" rel=\"nofollow noopener\" target=\"_blank\">Thibault Nadal<\/a><br \/>\n        <\/strong><\/p>\n<p>        Publi\u00e9 le<\/p>\n<p>            31 mai 2025 \u00e0 5h54        <\/p>\n<p>Les plus impatients d\u2019entre eux n\u2019avaient pas envie d\u2019attendre jusqu\u2019\u00e0 ce samedi 31\u00a0mai. Depuis deux jours, <strong>une centaine de fans de Bruce Springsteen campent<\/strong> devant <a href=\"https:\/\/actu.fr\/tag\/stade-velodrome\" rel=\"nofollow noopener\" target=\"_blank\">le stade V\u00e9lodrome<\/a> pour avoir les meilleures places une fois que les portes de l\u2019enceinte du boulevard Michelet (8e) s\u2019ouvriront vers 18h. Il faut dire que la venue du chanteur am\u00e9ricain \u00e9tait particuli\u00e8rement attendue \u00e0 <a href=\"https:\/\/actu.fr\/marseille\/\" rel=\"nofollow noopener\" target=\"_blank\">Marseille<\/a>.<\/p>\n<p>Les pr\u00e9visions de trafic dans les transports<\/p>\n<p class=\" wall-content\">Car le concert marseillais de Bruce Springsteen devait initialement se d\u00e9rouler\u2026 un an plus t\u00f4t, le 25\u00a0mai 2024. Mais <a href=\"https:\/\/actu.fr\/provence-alpes-cote-d-azur\/marseille_13055\/bruce-springsteen-a-marseille-a-cinq-minutes-d-acceder-au-velodrome-le-concert-annule_61114004.html\" rel=\"nofollow noopener\" target=\"_blank\">cette date avait \u00e9t\u00e9 annul\u00e9e \u00e0 la derni\u00e8re minute<\/a>, parce que le chanteur avait \u00e9t\u00e9 victime d\u2019une extinction de voix.<\/p>\n<p class=\" wall-content\">\n<p class=\" wall-content\">Cette fois, les fans du chanteur esp\u00e8rent qu\u2019il ne sera pas victime des m\u00eames maux, puisque ce sont pr\u00e8s de 70\u2009000 qui sont attendus au V\u00e9lodrome.<\/p>\n<p class=\" wall-content\">Afin de s\u00e9curiser et fluidifier au maximum l\u2019arriv\u00e9e des spectateurs, la RTM modifie le service de ces lignes. Voici les pr\u00e9visions d\u00e9taill\u00e9es.<\/p>\n<p>De 16h \u00e0 la fin du service<\/p>\n<p class=\" wall-content\"><strong>M\u00e9tro M1 et M2<\/strong>\u2009:<\/p>\n<ul class=\" wall-content\">\n<li>Service renforc\u00e9 d\u00e8s 16h.<\/li>\n<li>Fermeture station P\u00e9rier d\u00e8s 22h35, vers G\u00e8ze.<\/li>\n<\/ul>\n<p class=\" wall-content\"><strong>Bus B1\u2009<\/strong>:<\/p>\n<ul class=\" wall-content\">\n<li>Neuf arr\u00eats non desservis en direction de Campus de Luminy\u2009: Castellane, Prado Dupr\u00e9, Prado P\u00e9rier, Prado Borde, Prado Louvain, Prado Rodocanachi, Rond Point du Prado, M\u00e9tro Rond Point du Prado et Michelet Huveaune.<\/li>\n<li>Dix arr\u00eats non desservis en direction de Castellane\u2009: Michelet Ramon, Michelet Huveaune, M\u00e9tro Rond Point du Prado, Rond Point du Prado, Prado Rodocanachi, Prado Louvain, Prado Borde, Prado P\u00e9rier, Prado Dupr\u00e9 et Castellane.<\/li>\n<li>Terminus Castellane d\u00e9plac\u00e9 \u00e0 PEM Ste Marguerite Dromel (terminus Bus 16).<\/li>\n<\/ul>\n<p class=\" wall-content\"><strong>Bus 15, 15S et 17<\/strong>\u2009:<\/p>\n<ul class=\" wall-content\">\n<li>Deux arr\u00eats non desservis en direction du terminus Sainte-Marguerite Dromel\u2009: Platanes Romain Rolland et Huveaune Platanes.<\/li>\n<li>D\u00e9viation par bd Romain Rolland, bd des Trinitaires et bd de l\u2019Huveaune.<\/li>\n<\/ul>\n<p class=\" wall-content\"><strong>Bus 22 et 22S<\/strong>\u2009:<\/p>\n<ul class=\" wall-content\">\n<li>Sept arr\u00eats non desservis en direction de Les Baumettes, La Seigneurie\u2009: M\u00e9tro Rond Point du Prado, Michelet Huveaune, Michelet Ramon, Michelet Bousquet, Le Corbusier, Luce Michelet et Luce Isaac.<\/li>\n<li>Neuf arr\u00eats non desservis en direction de M\u00e9tro Rond Point du Prado\u2009: Ste Anne, Isaac Luce, Luce Michelet, Michelet Luce, Le Corbusier, Michelet Bousquet, Michelet Ramon, Michelet Huveaune et M\u00e9tro Rond Point du Prado.<\/li>\n<li>Terminus M\u00e9tro Rond Point du Prado d\u00e9plac\u00e9s \u00e0 l\u2019arr\u00eat Mazargues Etienne Milan (arr\u00eat du Bus 23 situ\u00e9 sur l\u2019avenue de Mazargues, face au Supermarch\u00e9).<\/li>\n<\/ul>\n<p class=\" wall-content\"><strong>Bus 23, 44 et 45<\/strong>\u2009:<\/p>\n<ul class=\" wall-content\">\n<li>Deux arr\u00eats non desservis en direction de Beauvallon, Coll\u00e8ge Roy d\u2019Espagne, Marseilleveyre\u2009: M\u00e9tro Rond Point du Prado et N\u00e9gresko.<\/li>\n<li>Trois arr\u00eats non desservis en direction de M\u00e9tro Rond Point du Prado\u2009: Mazargues N\u00e9gresko, N\u00e9gresko, M\u00e9tro Rond Point du Prado.<\/li>\n<li>Terminus M\u00e9tro Rond Point du Prado d\u00e9plac\u00e9s \u00e0 l\u2019arr\u00eat Mazargues E.Milan (situ\u00e9 sur l\u2019avenue de Mazargues, face au Supermarch\u00e9).<\/li>\n<\/ul>\n<p class=\" wall-content\"><strong>Bus 41<\/strong>\u2009:<\/p>\n<ul class=\" wall-content\">\n<li>Huit arr\u00eats non desservis en direction de M\u00e9tro Rond Point du Prado\u2009: Place Delibes, Paradis Wulfran Puget, Paradis Lord Duveen, Paradis Mistral, Paradis D\u2019Urville, St Giniez, Prado St Giniez et M\u00e9tro Rond Point du Prado.<\/li>\n<li>Cinq arr\u00eats non desservis en direction de Vieux Port Ballard\u2009: M\u00e9tro Rond Point du Prado, St Giniez, Paradis Mistral, Paradis Lord Duveen et Paradis Wulfran Puget.<\/li>\n<li>Terminus M\u00e9tro Rond Point du Prado d\u00e9plac\u00e9 \u00e0 Place Delibes.<\/li>\n<\/ul>\n<p class=\" wall-content\"><strong>Bus 72<\/strong>\u2009:<\/p>\n<ul class=\" wall-content\">\n<li>Deux arr\u00eats non desservis\u2009: H\u00f4pital St Joseph, M\u00e9tro Rond Point du Prado.<\/li>\n<li>Terminus M\u00e9tro Rond Point du Prado d\u00e9plac\u00e9 \u00e0 4 bd de l\u2019Huveaune (\u00e0 proximit\u00e9 du PEM Ste Marguerite Dromel).<\/li>\n<\/ul>\n<p class=\" wall-content\"><strong>Bus 73<\/strong>\u2009:<\/p>\n<ul class=\" wall-content\">\n<li>Onze arr\u00eats non desservis en direction de Sainte-Marguerite Dromel\u2009: Toulon Delphes, Rouet Gaz du Midi, Rouet Cassis, Rouet Liandier, Rouet Roumanille, Rouet Louvain, Teisseire Rabatau, Teisseire Montfuron, Teisseire Palais des Sports, La Pugette et Sainte-Marguerite Dromel.<\/li>\n<li>Neuf arr\u00eats non desservis en direction de Vallon de l\u2019Oriol\u2009: Sainte-Marguerite Dromel, Teisseire Palais des Sports, Teisseire Montfuron, Teisseire Rabatau, Rouet Louvain, Maillane, Cantini Borde, Parc du 26\u00e8me Centenaire, Gouff\u00e9 Austerlitz.<\/li>\n<li>Terminus Sainte-Marguerite Dromel d\u00e9plac\u00e9 \u00e0 Castellane<\/li>\n<\/ul>\n<p>De 23h \u00e0 la fin de service<\/p>\n<p class=\" wall-content\"><strong>Bus 19<\/strong>\u2009:<\/p>\n<ul class=\" wall-content\">\n<li>Six arr\u00eats non desservis en direction du terminus Madrague de Montredon\u2009: Prado P\u00e9rier, Prado Borde, Prado Louvain, Prado Rodocanachi, Rond Point du Prado et M\u00e9tro Rond Point du Prado.<\/li>\n<li>Sept arr\u00eats non desservis en direction du terminus Castellane\u2009: Prado St Giniez, M\u00e9tro Rond Point du Prado, Rond Point du Prado, Prado Rodocanachi, Prado Louvain, Prado Borde et Prado P\u00e9rier.<\/li>\n<li>D\u00e9viation dans les deux sens par bd P\u00e9rier et rue Paradis.<\/li>\n<\/ul>\n<p class=\" wall-content\">Suivez toute l\u2019actualit\u00e9 de vos villes et m\u00e9dias favoris en vous inscrivant \u00e0 <a href=\"https:\/\/moncompte.actu.fr\" title=\"D\u00e9couvez Mon Actu\" rel=\"nofollow noopener\" data-trk=\"{&quot;cta&quot;:{&quot;action&quot;:&quot;https:\\\/\\\/moncompte.actu.fr&quot;,&quot;category&quot;:&quot;mon compte&quot;,&quot;from&quot;:&quot;article footer&quot;,&quot;name&quot;:&quot;Mon actu&quot;,&quot;type&quot;:&quot;cta&quot;}}\" target=\"_blank\">Mon Actu<\/a>.<\/p>\n","protected":false},"excerpt":{"rendered":"Par Thibault Nadal Publi\u00e9 le 31 mai 2025 \u00e0 5h54 Les plus impatients d\u2019entre eux n\u2019avaient pas envie&hellip;\n","protected":false},"author":2,"featured_media":140834,"comment_status":"","ping_status":"","sticky":false,"template":"","format":"standard","meta":{"footnotes":""},"categories":[2814],"tags":[1111,11,1697,1777,674,1011,27,884,12,882,25,10783,104,1280],"class_list":{"0":"post-140833","1":"post","2":"type-post","3":"status-publish","4":"format-standard","5":"has-post-thumbnail","7":"category-marseille","8":"tag-actu","9":"tag-actualites","10":"tag-concert","11":"tag-eu","12":"tag-europe","13":"tag-fr","14":"tag-france","15":"tag-marseille","16":"tag-news","17":"tag-provence-alpes-cote-dazur","18":"tag-republique-francaise","19":"tag-rtm","20":"tag-societe","21":"tag-stade-velodrome"},"share_on_mastodon":{"url":"https:\/\/pubeurope.com\/@fr\/114600589617999299","error":""},"_links":{"self":[{"href":"https:\/\/www.europesays.com\/fr\/wp-json\/wp\/v2\/posts\/140833","targetHints":{"allow":["GET"]}}],"collection":[{"href":"https:\/\/www.europesays.com\/fr\/wp-json\/wp\/v2\/posts"}],"about":[{"href":"https:\/\/www.europesays.com\/fr\/wp-json\/wp\/v2\/types\/post"}],"author":[{"embeddable":true,"href":"https:\/\/www.europesays.com\/fr\/wp-json\/wp\/v2\/users\/2"}],"replies":[{"embeddable":true,"href":"https:\/\/www.europesays.com\/fr\/wp-json\/wp\/v2\/comments?post=140833"}],"version-history":[{"count":0,"href":"https:\/\/www.europesays.com\/fr\/wp-json\/wp\/v2\/posts\/140833\/revisions"}],"wp:featuredmedia":[{"embeddable":true,"href":"https:\/\/www.europesays.com\/fr\/wp-json\/wp\/v2\/media\/140834"}],"wp:attachment":[{"href":"https:\/\/www.europesays.com\/fr\/wp-json\/wp\/v2\/media?parent=140833"}],"wp:term":[{"taxonomy":"category","embeddable":true,"href":"https:\/\/www.europesays.com\/fr\/wp-json\/wp\/v2\/categories?post=140833"},{"taxonomy":"post_tag","embeddable":true,"href":"https:\/\/www.europesays.com\/fr\/wp-json\/wp\/v2\/tags?post=140833"}],"curies":[{"name":"wp","href":"https:\/\/api.w.org\/{rel}","templated":true}]}}