{"id":140837,"date":"2025-05-31T04:37:09","date_gmt":"2025-05-31T04:37:09","guid":{"rendered":"https:\/\/www.europesays.com\/fr\/140837\/"},"modified":"2025-05-31T04:37:09","modified_gmt":"2025-05-31T04:37:09","slug":"lyon-des-tirs-en-rafale-dans-ce-quartier-de-villeurbanne-les-crs-envoyes-en-renfort","status":"publish","type":"post","link":"https:\/\/www.europesays.com\/fr\/140837\/","title":{"rendered":"Lyon. Des tirs en rafale dans ce quartier de Villeurbanne, les CRS envoy\u00e9s en renfort"},"content":{"rendered":"<p>            Par<br \/>\n        <strong><br \/>\n            <a href=\"https:\/\/actu.fr\/auteur\/redaction-lyon\" title=\"Consulter tous les articles de R\u00e9daction Lyon\" target=\"_blank\" rel=\"noopener\">R\u00e9daction Lyon<\/a><br \/>\n        <\/strong><\/p>\n<p>        Publi\u00e9 le<\/p>\n<p>            31 mai 2025 \u00e0 6h14        <\/p>\n<p>Encore des tirs \u00e0 <a href=\"https:\/\/actu.fr\/auvergne-rhone-alpes\/villeurbanne_69266\" target=\"_blank\" rel=\"noopener\">Villeurbanne<\/a>, dans la m\u00e9tropole de <a href=\"https:\/\/actu.fr\/auvergne-rhone-alpes\/lyon_69123\" target=\"_blank\" rel=\"noopener\">Lyon<\/a>. Un homme a \u00e9t\u00e9 l\u00e9g\u00e8rement bless\u00e9 par des coups de feu tir\u00e9s dans le <strong>quartier Grand Cl\u00e9ment<\/strong>, rue Burais, ce vendredi 31 mai, a-t-on appris de source polici\u00e8re, confirmant <a href=\"https:\/\/www.bfmtv.com\/lyon\/villeurbanne-un-homme-blesse-par-balles-a-proximite-d-un-point-de-deal_AN-202505300528.html\" target=\"_blank\" rel=\"noopener\">BFM Lyon<\/a>. Les faits se sont d\u00e9roul\u00e9s en pleine journ\u00e9e vers 15h.<\/p>\n<p class=\" wall-content\">L\u2019individu touch\u00e9 par les tirs a \u00e9t\u00e9 <strong>bless\u00e9<\/strong>. Les faits se sont d\u00e9roul\u00e9s \u00e0 proximit\u00e9 d\u2019un point de deal connu de la police. Le tireur aurait ensuite pris la fuite en trottinette et des nouveaux coups de feu ont \u00e9t\u00e9 entendus dans le <a href=\"https:\/\/actu.fr\/auvergne-rhone-alpes\/villeurbanne_69266\/pres-de-lyon-fusillades-trafic-agressions-ce-quartier-secoue-par-l-insecurite-galopante_61421299.html\" target=\"_blank\" rel=\"noopener\">quartier de Maisons-Neuves<\/a>. Plusieurs d\u00e9tonations ont \u00e9t\u00e9 entendues rue Lafontaine, rue Florian et rue Saint-Exup\u00e9ry.<\/p>\n<p>    <a href=\"https:\/\/www.google.com\/maps\/embed?pb=!1m18!1m12!1m3!1d8675.40396629519!2d4.88524998170781!3d45.75997744366993!2m3!1f0!2f0!3f0!3m2!1i1024!2i768!4f13.1!3m3!1m2!1s0x47f4c1ca611f2d3b%3A0x8c6d4e993cb4a4ca!2sRue%20Burais%2C%2069100%20Villeurbanne!5e0!3m2!1sfr!2sfr!4v1748637213496!5m2!1sfr!2sfr\" title=\"Ouvrie le lien\" target=\"_blank\" rel=\"noopener\">Cliquez ici pour visualiser le contenu<\/a><\/p>\n<p>D\u2019autres tirs sur un immeuble la nuit de jeudi \u00e0 vendredi<\/p>\n<p class=\" wall-content\">Selon nos informations, un autre fait avec des armes \u00e0 feu s\u2019est d\u00e9roul\u00e9 vers 2h dans la nuit de jeudi \u00e0 vendredi. Des tirs ont \u00e9clat\u00e9 contre la porte d\u2019un immeuble de Villeurbanne.\u00a0<\/p>\n<p class=\" wall-content\">Des coups de feu ont \u00e9t\u00e9 entendus dans l\u2019immeuble. Sur place, les policiers ont constat\u00e9 que la porte d\u2019un appartement situ\u00e9 au 2e \u00e9tage pr\u00e9sentait <strong>10 impacts de balle<\/strong>. Neuf douilles de calibre ont \u00e9t\u00e9 saisies au sol. Le locataire pr\u00e9sent au moment des faits n\u2019a pas<br \/>bless\u00e9. Une source polici\u00e8re \u00e9voque au moins deux bless\u00e9s li\u00e9s \u00e0 ces tirs.<\/p>\n<p>Des CRS d\u00e9ploy\u00e9s \u00e0 Villeurbanne<\/p>\n<p class=\" wall-content\">Ces faits pourraient \u00eatre li\u00e9s au <strong>trafic de drogue<\/strong> qui agite la commune voisine de Lyon. La pr\u00e9fecture a indiqu\u00e9 que des CRS sont d\u00e9ploy\u00e9s \u00e0 Villeurbanne depuis vendredi \u00e0 la suite de ces nouveaux tirs dans le quartier Grandcl\u00e9ment.<\/p>\n<p class=\" wall-content\">Ce printemps, les <a href=\"https:\/\/actu.fr\/auvergne-rhone-alpes\/lyon_69123\/lyon-systemes-mafieux-meurtres-trafics-pourquoi-les-episodes-de-tirs-s-enchainent_62692190.html\" target=\"_blank\" rel=\"noopener\">r\u00e8glements de compte se sont suivis dans la ville<\/a>. Le 27 mai, <a href=\"https:\/\/actu.fr\/auvergne-rhone-alpes\/villeurbanne_69266\/metropole-de-lyon-un-homme-abattu-en-pleine-rue-a-villeurbanne-le-tireur-en-fuite_62691225.html\" target=\"_blank\" rel=\"noopener\">un homme connu des services de police a \u00e9t\u00e9 abattu<\/a> en pleine rue dans le quartier des Buers. Quelques jours plus t\u00f4t, le 24 mai, <a href=\"https:\/\/actu.fr\/auvergne-rhone-alpes\/villeurbanne_69266\/pres-de-lyon-des-tirs-font-trois-blesses-dont-un-grave-en-pleine-rue-a-villeurbanne_62684769.html\" target=\"_blank\" rel=\"noopener\">trois hommes ont \u00e9t\u00e9 bless\u00e9s par balles<\/a> rue L\u00e9on Blum.\u00a0<\/p>\n<p class=\" wall-content\">En avril, c\u2019est le quartier de Maisons-Neuves qui a \u00e9t\u00e9 la cible d\u2019une rafale de tirs sans bless\u00e9s. Un <a href=\"https:\/\/actu.fr\/auvergne-rhone-alpes\/villeurbanne_69266\/villeurbanne-un-homme-tire-dix-fois-sur-un-restaurant-pres-du-metro-la-scene-filmee_62410907.html\" target=\"_blank\" rel=\"noopener\">snack du quartier Laurent Bonnevay avait \u00e9t\u00e9 vis\u00e9 par une dizaine de tirs<\/a> sur sa fa\u00e7ade en mars.<\/p>\n<p class=\" wall-content\">Le quartier du <a href=\"https:\/\/actu.fr\/auvergne-rhone-alpes\/villeurbanne_69266\/pres-de-lyon-insecurite-drogue-une-brigade-speciale-arrive-pour-le-tonkin-et-charpennes_61935679.html\" target=\"_blank\" rel=\"noopener\">Tonkin<\/a> est aussi l\u2019objet r\u00e9gulier de tirs et de violences en lien avec la drogue. L\u2019Etat a r\u00e9cemment mis en place une brigade de police sp\u00e9cialis\u00e9e d\u00e9di\u00e9e au secteur.<\/p>\n<p class=\" wall-content\">Suivez toute l\u2019actualit\u00e9 de vos villes et m\u00e9dias favoris en vous inscrivant \u00e0 <a href=\"https:\/\/moncompte.actu.fr\" title=\"D\u00e9couvez Mon Actu\" rel=\"nofollow noopener\" data-trk=\"{&quot;cta&quot;:{&quot;action&quot;:&quot;https:\\\/\\\/moncompte.actu.fr&quot;,&quot;category&quot;:&quot;mon compte&quot;,&quot;from&quot;:&quot;article footer&quot;,&quot;name&quot;:&quot;Mon actu&quot;,&quot;type&quot;:&quot;cta&quot;}}\" target=\"_blank\">Mon Actu<\/a>.<\/p>\n","protected":false},"excerpt":{"rendered":"Par R\u00e9daction Lyon Publi\u00e9 le 31 mai 2025 \u00e0 6h14 Encore des tirs \u00e0 Villeurbanne, dans la m\u00e9tropole&hellip;\n","protected":false},"author":2,"featured_media":140838,"comment_status":"","ping_status":"","sticky":false,"template":"","format":"standard","meta":{"footnotes":""},"categories":[1889],"tags":[1111,11,2430,1052,1777,674,1011,27,2825,2428,12,1072,25,104],"class_list":{"0":"post-140837","1":"post","2":"type-post","3":"status-publish","4":"format-standard","5":"has-post-thumbnail","7":"category-lyon","8":"tag-actu","9":"tag-actualites","10":"tag-auvergne-rhone-alpes","11":"tag-drogue","12":"tag-eu","13":"tag-europe","14":"tag-fr","15":"tag-france","16":"tag-insecurite","17":"tag-lyon","18":"tag-news","19":"tag-police","20":"tag-republique-francaise","21":"tag-societe"},"share_on_mastodon":{"url":"https:\/\/pubeurope.com\/@fr\/114600597439967313","error":""},"_links":{"self":[{"href":"https:\/\/www.europesays.com\/fr\/wp-json\/wp\/v2\/posts\/140837","targetHints":{"allow":["GET"]}}],"collection":[{"href":"https:\/\/www.europesays.com\/fr\/wp-json\/wp\/v2\/posts"}],"about":[{"href":"https:\/\/www.europesays.com\/fr\/wp-json\/wp\/v2\/types\/post"}],"author":[{"embeddable":true,"href":"https:\/\/www.europesays.com\/fr\/wp-json\/wp\/v2\/users\/2"}],"replies":[{"embeddable":true,"href":"https:\/\/www.europesays.com\/fr\/wp-json\/wp\/v2\/comments?post=140837"}],"version-history":[{"count":0,"href":"https:\/\/www.europesays.com\/fr\/wp-json\/wp\/v2\/posts\/140837\/revisions"}],"wp:featuredmedia":[{"embeddable":true,"href":"https:\/\/www.europesays.com\/fr\/wp-json\/wp\/v2\/media\/140838"}],"wp:attachment":[{"href":"https:\/\/www.europesays.com\/fr\/wp-json\/wp\/v2\/media?parent=140837"}],"wp:term":[{"taxonomy":"category","embeddable":true,"href":"https:\/\/www.europesays.com\/fr\/wp-json\/wp\/v2\/categories?post=140837"},{"taxonomy":"post_tag","embeddable":true,"href":"https:\/\/www.europesays.com\/fr\/wp-json\/wp\/v2\/tags?post=140837"}],"curies":[{"name":"wp","href":"https:\/\/api.w.org\/{rel}","templated":true}]}}