{"id":140839,"date":"2025-05-31T04:39:17","date_gmt":"2025-05-31T04:39:17","guid":{"rendered":"https:\/\/www.europesays.com\/fr\/140839\/"},"modified":"2025-05-31T04:39:17","modified_gmt":"2025-05-31T04:39:17","slug":"psg-inter-milan-ou-voir-la-finale-de-la-ligue-des-champions-sur-ecran-geant-en-ile-de-france","status":"publish","type":"post","link":"https:\/\/www.europesays.com\/fr\/140839\/","title":{"rendered":"PSG &#8211; Inter Milan\u00a0: o\u00f9 voir la finale de la Ligue des champions sur \u00e9cran g\u00e9ant\u00a0en \u00cele-de-France\u00a0?"},"content":{"rendered":"<p class=\"paragraph text_align_left\">Au-del\u00e0 <a href=\"https:\/\/www.leparisien.fr\/sports\/football\/ligue-des-champions\/jamais-ete-aussi-content-de-lacher-360-euros-les-premiers-supporters-du-psg-ont-leur-place-pour-la-finale-a-munich-09-05-2025-X7QKQECRARCSDB64HZPN45LOWA.php\" target=\"_self\" rel=\"nofollow noopener\">des heureux d\u00e9tenteurs de billet d\u2019entr\u00e9e<\/a> au stade de Munich (Allemagne), la finale tr\u00e8s attendue entre le PSG et l\u2019Inter Milan pourra aussi se vivre sur \u00e9cran g\u00e9ant ce samedi 31 mai. Voici la liste des villes en \u00cele-de-France qui ont pr\u00e9vu de mettre en place une fan-zone ou une diffusion indoor.<\/p>\n<p class=\"lp-f-ui-06 bet-widget_legal-notices lp-color-text-muted lp-mb-07\">LES JEUX D&rsquo;ARGENT ET DE HASARD PEUVENT \u00caTRE DANGEREUX : PERTES D&rsquo;ARGENT, CONFLITS FAMILIAUX, ADDICTION\u2026 RETROUVEZ NOS CONSEILS SUR <a href=\"https:\/\/joueurs-info-service.fr\/\" class=\"lp-color-text-muted\" rel=\"nofollow noopener\" target=\"_blank\">JOUEURS-INFO-SERVICE.FR<\/a> (09 74 75 13 13 &#8211; APPEL NON SURTAX\u00c9)<\/p>\n<p>\u00c0 Paris<\/p>\n<p class=\"paragraph text_align_left\"><a href=\"https:\/\/www.leparisien.fr\/paris-75\/parc-des-princes\/\" target=\"_self\" rel=\"nofollow noopener\">Au Parc des Princes<\/a>, l\u2019antre du <a href=\"https:\/\/www.leparisien.fr\/sports\/football\/psg\/\" target=\"_self\" rel=\"nofollow noopener\">PSG<\/a>, les supporters parisiens vibreront \u00e0 distance avec l\u2019Allianz Arena. Une semaine apr\u00e8s avoir v\u00e9cu <a href=\"https:\/\/www.leparisien.fr\/sports\/football\/psg\/gerer-cette-emotion-qui-nous-entoure-apres-la-victoire-en-coupe-de-france-comment-le-psg-va-preparer-munich-25-05-2025-ORRKIZBM5JCYNPAFV2QASATQPU.php\" target=\"_self\" rel=\"nofollow noopener\">la finale de la Coupe de France<\/a> contre Reims, <a href=\"https:\/\/www.leparisien.fr\/sports\/football\/ligue-des-champions\/psg-inter-milan-la-finale-de-la-ligue-des-champions-sera-bien-diffusee-au-parc-des-princes-20-05-2025-ZDCY5DD7CRD65EOCRZX6BACHXA.php?xtor=AD-366\" target=\"_self\" rel=\"nofollow noopener\">le Parc sera une nouvelle fois ouvert<\/a>. 38 000 supporters sont attendus, ticket en main, pour profiter des quatre \u00e9crans g\u00e9ants qui seront install\u00e9s au milieu de la pelouse.<\/p>\n<p class=\"paragraph text_align_left\"><b>Dans le XVIIe arrondissement<\/b>, la municipalit\u00e9 ouvre sa salle des f\u00eates et la salle des mariages pour y diffuser la finale sur \u00e9cran g\u00e9ant. D\u00e9j\u00e0 lors de la demi-finale pr\u00e8s de 700 spectateurs avaient suivi le match retour contre Arsenal dans la salle des f\u00eates Jacques-Chirac. Mais cette fois la salle des mariages (150 places), en mairie, vient renforcer le dispositif, notamment pour les familles qui pr\u00e9f\u00e8rent une ambiance \u00ab plus tranquille \u00bb. Un lien pour r\u00e9server sa place (gratuite) a \u00e9t\u00e9 envoy\u00e9 \u00e0 toutes les associations sportives et au r\u00e9seau jeunesse. Les portes des deux lieux ouvriront \u00e0 19h30.<\/p>\n<p class=\"paragraph text_align_left\">Toujours \u00e0 Paris, les habitu\u00e9s des retransmissions de matchs ne manqueront pas \u00e0 l\u2019appel. Exemple au <b>Belushi\u2019s Gare du Nord <\/b>(Xe), o\u00f9 les 300 places destin\u00e9es aux r\u00e9servations sont d\u00e9j\u00e0 compl\u00e8tes. \u00ab Au total, on aura 900 personnes, voire 1 000 \u00bb, fait savoir l\u2019\u00e9tablissement aux 20 \u00e9crans, qui ouvrira sa salle du bas pour l\u2019occasion. \u00ab Pour cette salle, c\u2019est d\u00e9j\u00e0 complet depuis une semaine. On doit refuser \u00e9norm\u00e9ment de monde \u00bb, poursuit-on du c\u00f4t\u00e9 du lieu. Dans sa deuxi\u00e8me adresse au bord du canal de l\u2019Ourcq (XIXe), l\u2019espace principal est d\u00e9j\u00e0 complet depuis deux semaines. \u00ab Tout le monde est au taquet ! On a re\u00e7u des demandes juste apr\u00e8s la victoire contre Arsenal. Ce sera serr\u00e9, c\u2019est s\u00fbr. Mais bon, c\u2019est la finale ! \u00bb, s\u2019enthousiasme-t-on.<\/p>\n<p class=\"paragraph text_align_left\">Ailleurs dans la capitale, <b>les Caf\u00e9 Oz<\/b> ne seront pas en reste. Au total, dans ses quatre adresses parisiennes, les bars dansants projetteront la finale sur des \u00e9crans g\u00e9ants. Du rooftop d\u2019Austerlitz (XIIIe) \u00e0 l\u2019adresse du Ch\u00e2telet (Ier) en passant par celles de Grands Boulevards (IXe) et de Denfert (XIVe), les quatre \u00e9tablissements recevront plus de 2 500 personnes. Selon les lieux, les portes ouvriront d\u00e8s 15 ou 17 heures et l\u2019entr\u00e9e pourra \u00eatre gratuite ou payante. Dans tous les cas, aucune r\u00e9servation ne sera possible. Notre conseil : venez (tr\u00e8s) t\u00f4t ! Pour d\u2019autres grands lieux, vous pouvez compter sur l<b>e Point \u00c9ph\u00e9m\u00e8re<\/b> (XIXe), <b>le Trinquet Village<\/b> (XVIe), <b>le Mazette<\/b> (XIIe) ou <b>le Ground Control<\/b> (XIIe) qui cr\u00e9eront des ambiances fan-zones.<\/p>\n<p class=\"paragraph text_align_left\">Enfin, n\u2019oublions pas les fameux bars, qui se comptent en centaine dans la capitale. Dans le VIe, la tr\u00e8s \u00ab rugbyesque \u00bb rue Princesse fera cette fois-ci honneur au ballon rond, sans oublier les bars de supporters qui vibrent chaque week-end pour le PSG et qui se pr\u00e9parent pour LE grand soir. Si certains affichent d\u00e9j\u00e0 complet, comme <b>Le Perroquet<\/b> (XIVe), les lieux estampill\u00e9s PSG ne manquent pas \u00e0 Paris ! Pour vous assurer une place, renseignez-vous en amont aupr\u00e8s des \u00e9tablissements ou venez d\u00e8s l\u2019apr\u00e8s-midi.<\/p>\n<p><img decoding=\"async\" class=\"image \" loading=\"lazy\" src=\"https:\/\/www.europesays.com\/fr\/wp-content\/uploads\/2025\/05\/PGNLNNNSHZDNXLI3HG2JJXL47U.jpg\" alt=\"\" align=\"\" data-rubrique-principale=\"\" data-article-type=\"\" fetchpriority=\"auto\"\/>Dans les Yvelines<\/p>\n<p class=\"paragraph text_align_left\"><b>Carri\u00e8res-sous Poissy <\/b>ouvre son h\u00f4tel de ville (1 place Saint-Blaise) pour une diffusion sur \u00e9cran g\u00e9ant. Des ateliers de confection de drapeaux et de maquillage seront propos\u00e9s.<\/p>\n<p class=\"paragraph text_align_left\"><b>Conflans-Sainte-Honorine<\/b>, dont le maire (Horizons) Laurent Brosse est fan du PSG, propose une diffusion au parc du Prieur\u00e9 (1 place Jules-G\u00e9velot). La consommation d\u2019alcool y sera interdite.<\/p>\n<p class=\"paragraph text_align_left\"><b>Saint-Germain-en-Laye<\/b>, la ville berceau du club francilien, a d\u00e9cid\u00e9 de cr\u00e9er <a href=\"https:\/\/www.leparisien.fr\/yvelines-78\/saint-germain-en-laye-la-finale-psg-inter-retransmise-sur-ecran-geant-au-camp-des-loges-19-05-2025-JGISD567K5CTLD3VV7KOWSQWEQ.php\" target=\"_self\" rel=\"nofollow noopener\">une fan-zone \u00e0 l\u2019occasion de cette finale.<\/a> Elle sera ouverte aux supporters d\u00e8s 18h30 au stade Georges-Lef\u00e8vre <a href=\"https:\/\/www.leparisien.fr\/sports\/football\/psg\/le-psg-quitte-le-camp-des-loges-jai-toujours-aime-cet-endroit-ouvert-aux-gens-confie-luis-fernandez-02-06-2023-2MPVUF3QSFFXLKTOHNFT6YFEVI.php\" target=\"_self\" rel=\"nofollow noopener\">du camp des Loges,<\/a> le site qui a accueilli l\u2018entra\u00eenement des joueurs pros durant 53 ans.<\/p>\n<p class=\"paragraph text_align_left\"><b>Saint-Quentin-en-Yvelines<\/b> va mettre \u00e0 profit le V\u00e9lodrome national, \u00e0 Montigny-le-Bretonneux. L\u2019agglom\u00e9ration en ouvrira les portes d\u00e8s 18h30 aux 6 000 supporters inscrits pour suivre la finale sur \u00e9cran g\u00e9ant. Toutes les places (gratuites) ont \u00e9t\u00e9 \u00e9coul\u00e9es, il n\u2019est donc pas conseill\u00e9 de s\u2019y rendre sans billet.<\/p>\n<p>Dans le Val-de-Marne<\/p>\n<p class=\"paragraph text_align_left\"><b>Villeneuve-Saint-Georges<\/b> propose une soir\u00e9e dans une ambiance \u00ab sportive, conviviale et familiale \u00bb en diffusant la rencontre sur \u00e9cran g\u00e9ant au gymnase L\u00e9o-Lagrange d\u00e8s 20 heures. Un food truck sera pr\u00e9sent ainsi que des animations comme des mini-cages de football pour que les enfants montrent leurs talents durant la mi-temps. Ouvert \u00e0 tous sans inscription.<\/p>\n<p>Dans les Hauts-de-Seine<\/p>\n<p class=\"paragraph text_align_left\">A <b>Meudon, <\/b>retransmission sur \u00e9cran g\u00e9ant au complexe Georges Millandy, 3 rue Georges Millandy, \u00e0 partir de 19 heures. Ouvert \u00e0 tous, supporters \u00abparisiens comme int\u00e9ristes \u00bb, assure la ville. <\/p>\n<p class=\"paragraph text_align_left\"><b>Rueil-Malmaison <\/b>organise une retransmission sur \u00e9cran g\u00e9ant au complexe omnisports Alain Mimoun \u00e0 partager \u00ab en famille ou entre amis \u00bb, dans la limite de 800 places. Certains objets \u2014 casques de moto, bouteilles en verre, p\u00e9tards, gourdes m\u00e9talliques, fumig\u00e8nes \u2014 sont interdits. Ouverture des portes \u00e0 19H30, 41 rue Voltaire.<\/p>\n<p class=\"paragraph text_align_left\"><b>Suresnes. <\/b>Retransmission au stade Maurice Hubert qui prendra des airs de mini-parc des Princes \u00e0 partir de 20 heures. Restauration sur place. Attention, le stade est situ\u00e9 avenue Alexandre Maistrasse \u00e0 Rueil-Malmaison.<\/p>\n<p class=\"paragraph text_align_left\"><b>Ville-d\u2019Avray<\/b> installe un \u00e9cran g\u00e9ant sur la place Charles-de-Gaulle. Ouvert \u00e0 tous. Food trucks \u00e0 partir de 18 heures. <\/p>\n<p>En Seine-Saint-Denis<\/p>\n<p class=\"paragraph text_align_left\"><b>Aulnay-sous-Bois. <\/b>D\u00e8s la victoire de Paris sur Arsenal, le maire Bruno Beschizza (LR), fervent supporter du PSG et candidat \u00e0 l\u2019accueil de son futur stade, <a href=\"https:\/\/www.leparisien.fr\/seine-saint-denis-93\/desireux-dattirer-le-futur-stade-du-psg-aulnay-diffusera-la-finale-de-la-ligue-des-champions-sur-ecran-geant-08-05-2025-5TYOOQ5XX5CZ7HFWQYWXVXZLWI.php?at_variant=link&amp;at_creation=Le%20Parisien%2093%20-%20Seine%20Saint%20Denis&amp;at_campaign=Partage%20Facebook%20CM&amp;at_medium=Social%20media\" target=\"_blank\" rel=\"noreferrer nofollow noopener\">a donn\u00e9 rendez-vous \u00ab pour regarder cette finale historique sur grand \u00e9cran \u00bb<\/a>. Il y en aura deux : un sur le parking Dumont et l\u2019autre sur la place du march\u00e9 de la Rose-des-Vents.<\/p>\n<p class=\"paragraph text_align_left\"><b>Bobigny<\/b>. Le Canal barboteur, open air itin\u00e9rant du nord-est parisien et de la Seine-Saint-Denis, bouleversera son programme et diffusera la rencontre. Samedi soir, il fera escale au 6, rue Raymond Queneau. Entr\u00e9e gratuite avec ouverture des portes \u00e0 16 heures.<\/p>\n<p class=\"paragraph text_align_left\"><b>Drancy. <\/b>Le parc de Ladoucette se transforme en fan-zone, avec un \u00e9cran g\u00e9ant et des animations pour les enfants. Ouverture des portes \u00e0 19h30 (le parc ferme de 17 heures \u00e0 19h30 et la circulation sera interrompue rue Sadi-Carnot apr\u00e8s le match). Entr\u00e9e libre mais filtr\u00e9e. Pas d\u2019alcool.<\/p>\n<p class=\"paragraph text_align_left\"><b>\u00c9pinay-sur-Seine.<\/b> \u00c0 partir de 19h30, au parc de l\u2019h\u00f4tel de ville. Entr\u00e9e libre. Les objets consid\u00e9r\u00e9s comme dangereux (bouteilles, chaises, tabourets, m\u00e2ts de drapeau, p\u00e9tards, fumig\u00e8nes\u2026) sont interdits.<\/p>\n<p class=\"paragraph text_align_left\"><b>Neuilly-sur-Marne.<\/b> Au stade d\u2019athl\u00e9tisme du parc des 33-Hectares. Ouverture des portes \u00e0 18 heures. Concours de pronostics et quiz. Entr\u00e9e gratuite<\/p>\n<p class=\"paragraph text_align_left\"><b>Noisy-le-Grand.<\/b> Fan-zone dans les jardins situ\u00e9s \u00e0 l\u2019arri\u00e8re de l\u2019h\u00f4tel de ville. Ouverture des portes \u00e0 partir de 20 heures.<\/p>\n<p class=\"paragraph text_align_left\"><b>Pantin. <\/b>Le tiers-lieu de la Cit\u00e9 fertile installera un grand \u00e9cran dans ses all\u00e9es. Pour se mettre en jambes, il sera possible de jouer au football, au volley et m\u00eame \u00e0 la p\u00e9tanque ! Un open air conclura la soir\u00e9e pour f\u00eater (on l\u2019esp\u00e8re), la victoire du PSG. Ouverture des portes \u00e0 midi, sans r\u00e9servation.<\/p>\n<p class=\"paragraph text_align_left\"><b>Rosny-sous-Bois.<\/b> Fan-zone au c\u0153ur du parc Decesari, 20, rue Claude-Pern\u00e8s.<\/p>\n<p class=\"paragraph text_align_left\"><b>Saint-Denis.<\/b> La Ville installe un Village des Champions sur la place Victor-Hugo, avec au programme : un tournoi de jeunes, de 10 heures \u00e0 13h30 ; un tournoi de foot ouvert \u00e0 toutes et tous, de 14 heures \u00e0 17h30 ; ouverture de la fan-zone \u00e0 19 heures pour la retransmission de la finale sur \u00e9cran g\u00e9ant. Acc\u00e8s libre et gratuit.<\/p>\n<p class=\"paragraph text_align_left\"><b>Saint-Ouen<\/b>. \u00c0 Communale, cinq \u00e9crans seront install\u00e9s, dont deux g\u00e9ants dans l\u2019Estaminet des Sports, la zone p\u00e9renne du lieu de vie. Une fan-zone de 500 personnes sera install\u00e9e pour l\u2019occasion.<\/p>\n<p class=\"paragraph text_align_left\"><b>Le Blanc-Mesnil.<\/b> En partenariat avec l\u2019association Farafina Mousso, la municipalit\u00e9 organise une retransmission du match sur \u00e9cran g\u00e9ant \u00e0 proximit\u00e9 du square Maurice-Audin, dans la cit\u00e9 des Tilleuls. L\u2019\u00e9v\u00e9nement sera pr\u00e9c\u00e9d\u00e9, \u00e0 partir de 14 heures, d\u2019un tournoi de jeux vid\u00e9o de foot. Le vainqueur pourra regarder la finale de la Ligue des champions avec, sur le dos, un maillot du PSG floqu\u00e9 \u00e0 son nom.<\/p>\n<p>En Seine-et-Marne<\/p>\n<p class=\"paragraph text_align_left\"><b>Lagny-sur-Marne.<\/b> La municipalit\u00e9 vous propose de regarder le match sur \u00e9cran g\u00e9ant place de la Fontaine. Quatre parkings gratuits seront disponibles \u00e0 partir de 19 heures : Saint-Laurent (18, rue des Sources), Foch (place du Mar\u00e9chal-Foch), Charles Vanel (6, boulevard du Mar\u00e9chal-Gallieni) et La Tour (18, boulevard Charpentier). Des food-trucks et des points de restauration seront pr\u00e9sents sur place. Entr\u00e9e gratuite et sans r\u00e9servation.<\/p>\n<p class=\"paragraph text_align_left\"><b>Montereau-Fault-Yonne.<\/b> La mairie donne rendez-vous aux supporters place du March\u00e9 au Bl\u00e9 (ouverture \u00e0 20 heures) avec une fan-zone s\u00e9curis\u00e9e. Buvette et restauration sur place. En cas de mauvais temps, un repli est pr\u00e9vu dans la salle Rustic (place du Calvaire). Entr\u00e9e gratuite.<\/p>\n<p class=\"paragraph text_align_left\"><b>Varennes-sur-Seine.<\/b> La finale sera \u00e0 suivre dans la salle Jean-Ferrat (9, rue de la Font des Nou\u00e9s). Ouverture des portes \u00e0 20h30. Buvette et zone de restauration disponible. Entr\u00e9e gratuite.<\/p>\n<p>Dans le Val-d\u2019Oise<\/p>\n<p class=\"paragraph text_align_left\"><b>Garges-l\u00e8s-Gonesse<\/b>.<b> <\/b>Direction le stade Pierre-de-Coubertin d\u00e8s 20 heures. Une buvette est disponible sur place pour se restaurer. Le stationnement n\u2019est pas autoris\u00e9, il est donc demand\u00e9 de privil\u00e9gier les mobilit\u00e9s douces (v\u00e9lo, marche, transports en commun). Le terrain synth\u00e9tique \u00e9tant fragile, les chaises sont interdites.<\/p>\n<p class=\"paragraph text_align_left\"><b>Beaumont-sur-Oise<\/b>. Le match sera diffus\u00e9 dans la salle L\u00e9o Lagrange. Ouverture d\u00e8s 20 heures, avec buvette sur place. Entr\u00e9e libre.<\/p>\n<p>En Essonne<\/p>\n<p class=\"paragraph text_align_left\"><b>\u00c9vry-Courcouronnes :<\/b> en plus des nombreux bars et restaurants qui diffuseront le match en direct, la ville pr\u00e9fecture de l\u2019Essonne convie les supporters du PSG dans deux de ses \u00e9quipements d\u00e8s 20h30, la mairie annexe de Courcouronnes Centre (salle des mariages) et la maison des sports, situ\u00e9 dans le quartier des Pyramides.<\/p>\n<p class=\"paragraph text_align_left\"><b>Br\u00e9tigny-sur-Orge :<\/b> les supporters sont aussi attendus au V and B, rue du Poitou. \u00ab Foodtruck en terrasse avec de la street food italienne et un camion \u00e0 pizza qui sent bon la dolce vita \u00bb, promettent les organisateurs. Entr\u00e9e gratuite sans r\u00e9servation.<\/p>\n<p class=\"paragraph text_align_left\">Grand \u00e9cran, supporters survolt\u00e9s, bi\u00e8re fra\u00eeche et \u00e9motions garanties !<\/p>\n","protected":false},"excerpt":{"rendered":"Au-del\u00e0 des heureux d\u00e9tenteurs de billet d\u2019entr\u00e9e au stade de Munich (Allemagne), la finale tr\u00e8s attendue entre le&hellip;\n","protected":false},"author":2,"featured_media":140840,"comment_status":"","ping_status":"","sticky":false,"template":"","format":"standard","meta":{"footnotes":""},"categories":[1592],"tags":[1111,11,1777,674,63,1011,27,662,447,12,626,25,60],"class_list":{"0":"post-140839","1":"post","2":"type-post","3":"status-publish","4":"format-standard","5":"has-post-thumbnail","7":"category-ile-de-france","8":"tag-actu","9":"tag-actualites","10":"tag-eu","11":"tag-europe","12":"tag-football","13":"tag-fr","14":"tag-france","15":"tag-ile-de-france","16":"tag-ligue-des-champions","17":"tag-news","18":"tag-paris","19":"tag-republique-francaise","20":"tag-sports"},"share_on_mastodon":{"url":"https:\/\/pubeurope.com\/@fr\/114600605555758965","error":""},"_links":{"self":[{"href":"https:\/\/www.europesays.com\/fr\/wp-json\/wp\/v2\/posts\/140839","targetHints":{"allow":["GET"]}}],"collection":[{"href":"https:\/\/www.europesays.com\/fr\/wp-json\/wp\/v2\/posts"}],"about":[{"href":"https:\/\/www.europesays.com\/fr\/wp-json\/wp\/v2\/types\/post"}],"author":[{"embeddable":true,"href":"https:\/\/www.europesays.com\/fr\/wp-json\/wp\/v2\/users\/2"}],"replies":[{"embeddable":true,"href":"https:\/\/www.europesays.com\/fr\/wp-json\/wp\/v2\/comments?post=140839"}],"version-history":[{"count":0,"href":"https:\/\/www.europesays.com\/fr\/wp-json\/wp\/v2\/posts\/140839\/revisions"}],"wp:featuredmedia":[{"embeddable":true,"href":"https:\/\/www.europesays.com\/fr\/wp-json\/wp\/v2\/media\/140840"}],"wp:attachment":[{"href":"https:\/\/www.europesays.com\/fr\/wp-json\/wp\/v2\/media?parent=140839"}],"wp:term":[{"taxonomy":"category","embeddable":true,"href":"https:\/\/www.europesays.com\/fr\/wp-json\/wp\/v2\/categories?post=140839"},{"taxonomy":"post_tag","embeddable":true,"href":"https:\/\/www.europesays.com\/fr\/wp-json\/wp\/v2\/tags?post=140839"}],"curies":[{"name":"wp","href":"https:\/\/api.w.org\/{rel}","templated":true}]}}