{"id":140845,"date":"2025-05-31T04:42:09","date_gmt":"2025-05-31T04:42:09","guid":{"rendered":"https:\/\/www.europesays.com\/fr\/140845\/"},"modified":"2025-05-31T04:42:09","modified_gmt":"2025-05-31T04:42:09","slug":"la-ville-de-paris-sommee-de-loger-une-mere-et-son-bebe-de-4-mois-loin-des-rats-et-des-cafards","status":"publish","type":"post","link":"https:\/\/www.europesays.com\/fr\/140845\/","title":{"rendered":"La ville de Paris somm\u00e9e de loger une m\u00e8re et son b\u00e9b\u00e9 de 4 mois loin des \u00ab\u00a0rats\u00a0\u00bb et des \u00ab\u00a0cafards\u00a0\u00bb"},"content":{"rendered":"<p>            Par<br \/>\n        <strong><br \/>\n            <a href=\"https:\/\/actu.fr\/auteur\/redaction-paris\" title=\"Consulter tous les articles de R\u00e9daction Paris\" target=\"_blank\" rel=\"noopener\">R\u00e9daction Paris<\/a><br \/>\n        <\/strong><\/p>\n<p>        Publi\u00e9 le<\/p>\n<p>            31 mai 2025 \u00e0 6h20        <\/p>\n<p>La juge des r\u00e9f\u00e9r\u00e9s du <a href=\"https:\/\/actu.fr\/tag\/tribunal-administratif-de-paris\" target=\"_blank\" rel=\"noopener\">tribunal administratif de Paris<\/a> a condamn\u00e9 la <a href=\"https:\/\/actu.fr\/tag\/mairie-de-paris\" target=\"_blank\" rel=\"noopener\">ville de Paris<\/a> \u00e0 trouver \u00ab\u00a0sans d\u00e9lai\u00a0\u00bb un <a href=\"https:\/\/actu.fr\/tag\/logement\" target=\"_blank\" rel=\"noopener\">logement<\/a> \u00ab\u00a0conforme aux objectifs (\u2026) de dignit\u00e9\u00a0\u00bb pour une ressortissante congolaise qui vit \u00ab\u00a0\u00e0 la rue\u00a0\u00bb avec son b\u00e9b\u00e9 de 4 mois. Cette femme de 30 ans et son fils avait pourtant \u00e9t\u00e9 accueillis \u00ab\u00a0au sein de la \u00ab\u00a0structure d\u2019h\u00e9bergement d\u2019urgence\u00a0\u00bb g\u00e9r\u00e9e par l\u2019association Aurore au\u00a021 rue de l\u2019Amiral Hamelin, dans le 16e arrondissement de Paris, relate la magistrate dans une ordonnance en date du 14 avril 2025 qui vient d\u2019\u00eatre rendue publique.<\/p>\n<p>Lumi\u00e8re allum\u00e9e toute la nuit, des rats et des cafards<\/p>\n<p class=\" wall-content\">Mais ce logement n\u2019\u00e9tait ni \u00ab\u00a0adapt\u00e9\u00a0\u00bb ni \u00ab\u00a0digne\u00a0\u00bb, faisait valoir l\u2019avocat de cette m\u00e8re de famille \u00ab\u00a0expos\u00e9e \u00e0 des traitements inhumains et d\u00e9gradants\u00a0\u00bb. \u00ab\u00a0Sans ressources financi\u00e8res\u00a0\u00bb sa cliente est en effet \u00ab\u00a0toujours \u00e0 la rue avec son enfant\u00a0\u00bb alors que son \u00ab\u00a0extr\u00eame vuln\u00e9rabilit\u00e9\u00a0\u00bb avait pourtant \u00e9t\u00e9 \u00ab\u00a0port\u00e9e \u00e0 la connaissance\u00a0\u00bb de la mairie de Paris.<\/p>\n<p class=\" wall-content\">\u00ab\u00a0Si Mme X.\u00a0 et son fils b\u00e9n\u00e9ficient (\u2026) d\u2019un h\u00e9bergement (\u2026), le centre de mise \u00e0 l\u2019abri (\u2026) ne dispose que de lits \u00ab\u00a0picot\u00a0\u00bb inadapt\u00e9s aux jeunes enfants\u00a0\u00bb, confirme la juge des r\u00e9f\u00e9r\u00e9s du tribunal administratif de Paris. \u00ab\u00a0Leurs sanitaires ne sont pas adapt\u00e9s et leur nombre est insuffisant au regard du nombre de personnes accueillies.\u00a0\u00bb<\/p>\n<p>    <a href=\"https:\/\/email.publihebdos.com\/form?lid=Mqc7o19yVDtMEo2FE8aUtw2\" title=\"Ouvrie le lien\" target=\"_blank\" rel=\"noopener\">Cliquez ici pour visualiser le contenu<\/a><\/p>\n<p class=\" wall-content\">\u00ab\u00a0La lumi\u00e8re qui reste allum\u00e9e tout au long de la nuit ne permet ni aux enfants ni aux adultes d\u2019avoir un cycle de sommeil de qualit\u00e9\u00a0\u00bb ajoute encore la magistrate parisienne. \u00ab\u00a0Selon le rapport social \u00e9tabli le 11 avril 2025, \u00ab\u00a0la pr\u00e9sence de nuisibles (rats et cafards) est relev\u00e9e dans les salles de classes am\u00e9nag\u00e9es en dortoir et dans la cuisine collective\u00a0\u00bb.\u00a0\u00bb<\/p>\n<p>\u00ab\u00a0Une carence de la ville de Paris\u00a0\u00bb<\/p>\n<p class=\" wall-content\">\u00ab\u00a0La ville de Paris ne conteste pas ce constat selon lequel le lieu dans lequel Mme X.\u00a0 et son tr\u00e8s jeune enfant sont h\u00e9berg\u00e9s n\u2019est pas adapt\u00e9 \u00e0 leur situation\u00a0\u00bb, en conclut-elle donc. \u00ab\u00a0Elle ne produit aucun \u00e9l\u00e9ment de nature \u00e0 \u00e9tablir qu\u2019elle ne dispose pas des moyens de leur assurer un h\u00e9bergement adapt\u00e9.\u00a0\u00bb<\/p>\n<p class=\" wall-content\">\u00ab\u00a0Eu \u00e9gard \u00e0 la situation particuli\u00e8re de cette famille, figurant parmi les plus vuln\u00e9rables, l\u2019absence de caract\u00e8re adapt\u00e9 de son h\u00e9bergement est de nature \u00e0 constituer (\u2026) une carence caract\u00e9ris\u00e9e dans l\u2019accomplissement de la mission confi\u00e9e \u00e0 la ville de Paris, pouvant entra\u00eener des cons\u00e9quences graves pour son enfant qui est seulement \u00e2g\u00e9 de 4 mois\u00a0\u00bb, r\u00e9p\u00e8te-t-elle. Dans ces conditions, la ville dirig\u00e9e par la maire (PS) <a href=\"https:\/\/actu.fr\/tag\/anne-hidalgo\" target=\"_blank\" rel=\"noopener\">Anne Hidalgo<\/a> a \u00e9t\u00e9 condamn\u00e9e \u00e0 verser 1 000 euros \u00e0 la m\u00e8re de famille congolaise pour ses frais de <a href=\"https:\/\/actu.fr\/tag\/justice\" target=\"_blank\" rel=\"noopener\">justice<\/a>.<\/p>\n<p class=\" wall-content\"><strong>MJ-PressPepper<\/strong><\/p>\n<p class=\" wall-content\">Suivez toute l\u2019actualit\u00e9 de vos villes et m\u00e9dias favoris en vous inscrivant \u00e0 <a href=\"https:\/\/moncompte.actu.fr\" title=\"D\u00e9couvez Mon Actu\" rel=\"nofollow noopener\" data-trk=\"{&quot;cta&quot;:{&quot;action&quot;:&quot;https:\\\/\\\/moncompte.actu.fr&quot;,&quot;category&quot;:&quot;mon compte&quot;,&quot;from&quot;:&quot;article footer&quot;,&quot;name&quot;:&quot;Mon actu&quot;,&quot;type&quot;:&quot;cta&quot;}}\" target=\"_blank\">Mon Actu<\/a>.<\/p>\n","protected":false},"excerpt":{"rendered":"Par R\u00e9daction Paris Publi\u00e9 le 31 mai 2025 \u00e0 6h20 La juge des r\u00e9f\u00e9r\u00e9s du tribunal administratif de&hellip;\n","protected":false},"author":2,"featured_media":140846,"comment_status":"","ping_status":"","sticky":false,"template":"","format":"standard","meta":{"footnotes":""},"categories":[1888],"tags":[11,1777,674,1011,27,6459,2381,12,626,25,104,22321],"class_list":{"0":"post-140845","1":"post","2":"type-post","3":"status-publish","4":"format-standard","5":"has-post-thumbnail","7":"category-paris","8":"tag-actualites","9":"tag-eu","10":"tag-europe","11":"tag-fr","12":"tag-france","13":"tag-logements-sociaux","14":"tag-mairie-de-paris","15":"tag-news","16":"tag-paris","17":"tag-republique-francaise","18":"tag-societe","19":"tag-tribunal-administratif-de-paris"},"share_on_mastodon":{"url":"https:\/\/pubeurope.com\/@fr\/114600617377401971","error":""},"_links":{"self":[{"href":"https:\/\/www.europesays.com\/fr\/wp-json\/wp\/v2\/posts\/140845","targetHints":{"allow":["GET"]}}],"collection":[{"href":"https:\/\/www.europesays.com\/fr\/wp-json\/wp\/v2\/posts"}],"about":[{"href":"https:\/\/www.europesays.com\/fr\/wp-json\/wp\/v2\/types\/post"}],"author":[{"embeddable":true,"href":"https:\/\/www.europesays.com\/fr\/wp-json\/wp\/v2\/users\/2"}],"replies":[{"embeddable":true,"href":"https:\/\/www.europesays.com\/fr\/wp-json\/wp\/v2\/comments?post=140845"}],"version-history":[{"count":0,"href":"https:\/\/www.europesays.com\/fr\/wp-json\/wp\/v2\/posts\/140845\/revisions"}],"wp:featuredmedia":[{"embeddable":true,"href":"https:\/\/www.europesays.com\/fr\/wp-json\/wp\/v2\/media\/140846"}],"wp:attachment":[{"href":"https:\/\/www.europesays.com\/fr\/wp-json\/wp\/v2\/media?parent=140845"}],"wp:term":[{"taxonomy":"category","embeddable":true,"href":"https:\/\/www.europesays.com\/fr\/wp-json\/wp\/v2\/categories?post=140845"},{"taxonomy":"post_tag","embeddable":true,"href":"https:\/\/www.europesays.com\/fr\/wp-json\/wp\/v2\/tags?post=140845"}],"curies":[{"name":"wp","href":"https:\/\/api.w.org\/{rel}","templated":true}]}}