{"id":140847,"date":"2025-05-31T04:43:10","date_gmt":"2025-05-31T04:43:10","guid":{"rendered":"https:\/\/www.europesays.com\/fr\/140847\/"},"modified":"2025-05-31T04:43:10","modified_gmt":"2025-05-31T04:43:10","slug":"paris-lincroyable-succes-dune-fete-des-voisins-a-pigalle-qui-sempare-dune-rue-entiere","status":"publish","type":"post","link":"https:\/\/www.europesays.com\/fr\/140847\/","title":{"rendered":"Paris\u00a0: l\u2019incroyable succ\u00e8s d\u2019une F\u00eate des voisins \u00e0 Pigalle qui s\u2019empare d\u2019une rue enti\u00e8re"},"content":{"rendered":"<p class=\"paragraph text_align_left\">400 convives r\u00e9unis dans une ambiance de folie autour d\u2019une tabl\u00e9e g\u00e9ante de plus de 120 m\u00e8tres install\u00e9e en contrebas de Pigalle, tout le long de rue pav\u00e9e Duperr\u00e9. S\u2019il fallait une preuve de la force de conviction des r\u00e9seaux sociaux, la Grande tabl\u00e9e, organis\u00e9e ce vendredi soir sous la Butte Montmartre, en ferait office.<\/p>\n<p class=\"paragraph text_align_left\">Quatre minutes au total auront suffi, deux mercredis de suite, pour \u00e9couler les r\u00e9servations pour cet \u00e9v\u00e9nement in\u00e9dit promu sur les r\u00e9seaux. \u00ab On ne s\u2019attendait pas un tel succ\u00e8s pour cette soir\u00e9e que nous avons mis huit mois \u00e0 organiser. Nous avons fait beaucoup de d\u00e9\u00e7us mais la rue n\u2019\u00e9tait pas extensible \u00bb, s\u2019exclame B\u00e9rang\u00e8re Michy, directrice du Pink Mama de Pigalle, du groupe<a href=\"https:\/\/www.leparisien.fr\/paris-75\/une-valeur-sure-east-mamma-popolare-felicita-comment-les-restos-big-mamma-ont-conquis-paris-en-dix-ans-16-04-2025-KOHSYYJ5NBHUXKF6ZSLS5CPYN4.php?ts=1748638749248\" target=\"_self\" rel=\"nofollow noopener\"> Big Mama qui c\u00e9l\u00e8bre ses dix ans cette ann\u00e9e<\/a>.<\/p>\n<p>\u00ab J\u2019adore ce type d\u2019exp\u00e9rience \u00bb<img decoding=\"async\" class=\"image \" loading=\"lazy\" src=\"https:\/\/www.europesays.com\/fr\/wp-content\/uploads\/2025\/05\/UJLYHJT6PBDX7CZ7IMJM3V5BAI.jpg\" alt=\"Les transformistes du cabaret La Barbichette ont anim\u00e9 la soir\u00e9e. LP\/C.H.\" align=\"\" data-rubrique-principale=\"\" data-article-type=\"\" fetchpriority=\"auto\"\/>Les transformistes du cabaret La Barbichette ont anim\u00e9 la soir\u00e9e. LP\/C.H.<\/p>\n<p class=\"paragraph text_align_left\">Pour l\u2019occasion, le n\u00e9o restaurant italien s\u2019\u00e9tait alli\u00e9 avec <a href=\"https:\/\/www.leparisien.fr\/paris-75\/restaurants-a-paris-de-chartier-a-pigalle-le-bouillon-une-affaire-qui-marche-09-09-2020-8381607.php\" target=\"_self\" rel=\"nofollow noopener\">le Bouillon Pigalle<\/a>, autre institution bon march\u00e9 et de qualit\u00e9 du quartier, pris\u00e9e par une client\u00e8le jeune. Les deux enseignes ont pu tester ce vendredi leur grande popularit\u00e9. La Machine, la discoth\u00e8que du Moulin Rouge, \u00e9tait aussi de la partie pour l\u2019animation musicale avec les transformistes du cabaret La Barbichette.<\/p>\n<p class=\"paragraph text_align_left\">Louan, la vingtaine, \u00e9tudiant en alternance \u00e0 Paris, venu en compagnie de Monica, son amie lituanienne, n\u2019a pas h\u00e9sit\u00e9 \u00e0 d\u00e9bourser les 39 euros par personne du repas apr\u00e8s avoir d\u00e9couvert l\u2019annonce sur Instagram. \u00ab L\u2019exp\u00e9rience avait l\u2019air d\u2019\u00eatre unique et conviviale, l\u2019occasion de rencontrer du monde. J\u2019adore ce type d\u2019exp\u00e9rience. \u00bb<\/p>\n<p>Tequi Latex, Dalida, le renard et la belette<\/p>\n<p class=\"paragraph text_align_left\">On aurait pu imaginer une f\u00eate de quartier r\u00e9unissant tous les \u00e2ges, on avait rendez-vous ce vendredi soir avec une foule de jeunes gens extatiques venue de tout Paris, parcourue par les olas, les tourn\u00e9es de serviette de table ou les chenilles, au son tonitruant du DJ Tequi latex, de Dalida, de St\u00e9phanie de Monaco ou du bretonnant \u00ab renard et la belette \u00bb.<\/p>\n<p class=\"paragraph text_align_left\">\u00ab Nous avions un quota de r\u00e9servation pour les voisins, il n\u2019\u00e9tait pas question qu\u2019ils ne puissent pas venir \u00bb, assure B\u00e9rang\u00e8re Michy. \u00ab J\u2019adore ce genre d\u2019initiative, je n\u2019avais pas de place mais, heureusement, j\u2019ai r\u00e9ussi \u00e0 en acheter une sur place, explique Jules, 23 ans, \u00e9tudiant du XVIe. Je suis venu pour rencontrer des gens, pour partager un moment, vivre des choses simples de la vie, bien manger, boire et rigoler. \u00bb \u00ab En plus, il fait super beau ce soir et c\u2019est l\u2019occasion de parler avec des gens qu\u2019on ne conna\u00eet pas \u00bb, rench\u00e9rit Jules, venu avec sa copine et son ami Victor.<\/p>\n<p>Saucisse pur\u00e9e et p\u00e2tes \u00e0 la truffe<img decoding=\"async\" class=\"image \" loading=\"lazy\" src=\"https:\/\/www.europesays.com\/fr\/wp-content\/uploads\/2025\/05\/SGUOSPWWQNHNXEAM5BRT542PGA.jpg\" alt=\"Le menu combinait les plats les plus r\u00e9put\u00e9s des deux restaurants. LP\/C.H.\" align=\"\" data-rubrique-principale=\"\" data-article-type=\"\" fetchpriority=\"auto\"\/>Le menu combinait les plats les plus r\u00e9put\u00e9s des deux restaurants. LP\/C.H.<\/p>\n<p class=\"paragraph text_align_left\">Question menu, les convives n\u2019ont pas \u00e9t\u00e9 d\u00e9\u00e7us par les \u00ab best-sellers \u00bb r\u00e9unis des deux restaurants, la cuisine de bistrot du \u00ab Bouillon \u00bb et les sp\u00e9cialit\u00e9s transalpines de \u00ab Pink Mama \u00bb. Olives de Sicile, \u00e9normes brisures de parmesan, jambon de Parme, assiette de charcuterie fran\u00e7aise, \u0153ufs mayo, carpaccio de tomates\u2026 dans des quantit\u00e9s pantagru\u00e9liques.<\/p>\n<p class=\"paragraph text_align_left\">L\u2019\u00e9tonnante soir\u00e9e, s\u00e9v\u00e8rement encadr\u00e9e par la s\u00e9curit\u00e9 derri\u00e8re les barri\u00e8res qui obstruaient la rue, devait s\u2019achever au Bar \u00e0 bulles du Moulin Rouge. Nombreux \u00e9taient ceux qui pensaient d\u00e9j\u00e0 \u00e0 remettre le couvert l\u2019ann\u00e9e prochaine.<\/p>\n","protected":false},"excerpt":{"rendered":"400 convives r\u00e9unis dans une ambiance de folie autour d\u2019une tabl\u00e9e g\u00e9ante de plus de 120 m\u00e8tres install\u00e9e&hellip;\n","protected":false},"author":2,"featured_media":140848,"comment_status":"","ping_status":"","sticky":false,"template":"","format":"standard","meta":{"footnotes":""},"categories":[1888],"tags":[11,1777,674,1011,27,1944,12,626,25],"class_list":{"0":"post-140847","1":"post","2":"type-post","3":"status-publish","4":"format-standard","5":"has-post-thumbnail","7":"category-paris","8":"tag-actualites","9":"tag-eu","10":"tag-europe","11":"tag-fr","12":"tag-france","13":"tag-ma-ville","14":"tag-news","15":"tag-paris","16":"tag-republique-francaise"},"share_on_mastodon":{"url":"https:\/\/pubeurope.com\/@fr\/114600621119641942","error":""},"_links":{"self":[{"href":"https:\/\/www.europesays.com\/fr\/wp-json\/wp\/v2\/posts\/140847","targetHints":{"allow":["GET"]}}],"collection":[{"href":"https:\/\/www.europesays.com\/fr\/wp-json\/wp\/v2\/posts"}],"about":[{"href":"https:\/\/www.europesays.com\/fr\/wp-json\/wp\/v2\/types\/post"}],"author":[{"embeddable":true,"href":"https:\/\/www.europesays.com\/fr\/wp-json\/wp\/v2\/users\/2"}],"replies":[{"embeddable":true,"href":"https:\/\/www.europesays.com\/fr\/wp-json\/wp\/v2\/comments?post=140847"}],"version-history":[{"count":0,"href":"https:\/\/www.europesays.com\/fr\/wp-json\/wp\/v2\/posts\/140847\/revisions"}],"wp:featuredmedia":[{"embeddable":true,"href":"https:\/\/www.europesays.com\/fr\/wp-json\/wp\/v2\/media\/140848"}],"wp:attachment":[{"href":"https:\/\/www.europesays.com\/fr\/wp-json\/wp\/v2\/media?parent=140847"}],"wp:term":[{"taxonomy":"category","embeddable":true,"href":"https:\/\/www.europesays.com\/fr\/wp-json\/wp\/v2\/categories?post=140847"},{"taxonomy":"post_tag","embeddable":true,"href":"https:\/\/www.europesays.com\/fr\/wp-json\/wp\/v2\/tags?post=140847"}],"curies":[{"name":"wp","href":"https:\/\/api.w.org\/{rel}","templated":true}]}}