{"id":140849,"date":"2025-05-31T04:44:16","date_gmt":"2025-05-31T04:44:16","guid":{"rendered":"https:\/\/www.europesays.com\/fr\/140849\/"},"modified":"2025-05-31T04:44:16","modified_gmt":"2025-05-31T04:44:16","slug":"leffet-des-sanctions-occidentales-depuis-linvasion-de-lukraine","status":"publish","type":"post","link":"https:\/\/www.europesays.com\/fr\/140849\/","title":{"rendered":"l&rsquo;effet des sanctions occidentales depuis l&rsquo;invasion de l\u2019Ukraine"},"content":{"rendered":"<p>Quelles ont \u00e9t\u00e9 les cons\u00e9quences des sanctions \u00e9conomiques occidentales appliqu\u00e9es \u00e0 la Russie depuis 2022 \u2013 sur le commerce avec l&rsquo;Afrique subsaharienne. C&rsquo;est l&rsquo;objet d&rsquo;une \u00e9tude r\u00e9alis\u00e9e par Thierry Vircoulon et publi\u00e9e ce mercredi par l&rsquo;institut fran\u00e7ais des relations internationales.<\/p>\n<p>Avant la premi\u00e8re vague de sanctions, les \u00e9changes commerciaux entre Moscou et l&rsquo;<strong><a href=\"https:\/\/www.rfi.fr\/fr\/tag\/afrique\/\" class=\"link \" rel=\"nofollow noopener\" target=\"_blank\" data-ylk=\"slk:Afrique;elm:context_link;itc:0;sec:content-canvas\">Afrique<\/a> <\/strong>subsaharienne atteignaient 22 milliards de dollars \u2013 en comparaison, ils \u00e9taient de 40 milliards avec la Turquie, 30 milliards avec la France. Les investissements russes \u00e9taient notables dans les secteurs des mines et des hydrocarbures, notamment. Un certain nombre de ces projets ont \u00e9t\u00e9 impact\u00e9s.<\/p>\n<p>Les sanctions ont conduit \u00e0 des \u00ab strat\u00e9gies de repli \u00bb qui varient du retrait ou du ralentissement des activit\u00e9s, au gel des partenariats. C&rsquo;est le cas de grands projets miniers au Zimbabwe, en Afrique du Sud ou en Angola par exemple. M\u00eame probl\u00e9matique dans le secteur des hydrocarbures. Les sanctions ont affaibli les capacit\u00e9s financi\u00e8res de la <strong><a href=\"https:\/\/www.rfi.fr\/fr\/tag\/russie\/\" class=\"link \" rel=\"nofollow noopener\" target=\"_blank\" data-ylk=\"slk:Russie;elm:context_link;itc:0;sec:content-canvas\">Russie<\/a><\/strong> \u00e0 investir dans de grands projets, elles ont \u00e9galement conduit les partenaires occidentaux dans le cadre des consortiums conclut pr\u00e9c\u00e9demment avec Moscou &#8211; \u00e0 chercher de nouveaux partenaires.<\/p>\n<p>L&rsquo;Afrique, un des d\u00e9bouch\u00e9s pour le p\u00e9trole russe<\/p>\n<p>Si sur le terrain de grands projets d&rsquo;investissements ont \u00e9t\u00e9 impact\u00e9s, la promotion des \u00e9changes commerciaux entre la Russie et le continent n&rsquo;a cependant pas fl\u00e9chi.<\/p>\n<p><a href=\"https:\/\/www.rfi.fr\/fr\/afrique\/20250531-commerce-afrique-russie-l-effet-des-sanctions-occidentales-depuis-l-invasion-de-l-ukraine\" rel=\"nofollow noopener\" target=\"_blank\" data-ylk=\"slk:Lire la suite sur RFI;elm:context_link;itc:0;sec:content-canvas\" class=\"link \">Lire la suite sur RFI<\/a><\/p>\n","protected":false},"excerpt":{"rendered":"Quelles ont \u00e9t\u00e9 les cons\u00e9quences des sanctions \u00e9conomiques occidentales appliqu\u00e9es \u00e0 la Russie depuis 2022 \u2013 sur le&hellip;\n","protected":false},"author":2,"featured_media":140850,"comment_status":"","ping_status":"","sticky":false,"template":"","format":"standard","meta":{"footnotes":""},"categories":[1591],"tags":[11,5594,22079,1887,26840,12,1885,1886,132,23610,26841],"class_list":{"0":"post-140849","1":"post","2":"type-post","3":"status-publish","4":"format-standard","5":"has-post-thumbnail","7":"category-russie","8":"tag-actualites","9":"tag-afrique-du-sud","10":"tag-echanges-commerciaux","11":"tag-federation-de-russie","12":"tag-lafrique-subsaharienne","13":"tag-news","14":"tag-russia","15":"tag-russian-federation","16":"tag-russie","17":"tag-sanctions-economiques","18":"tag-thierry-vircoulon"},"share_on_mastodon":{"url":"https:\/\/pubeurope.com\/@fr\/114600624987369942","error":""},"_links":{"self":[{"href":"https:\/\/www.europesays.com\/fr\/wp-json\/wp\/v2\/posts\/140849","targetHints":{"allow":["GET"]}}],"collection":[{"href":"https:\/\/www.europesays.com\/fr\/wp-json\/wp\/v2\/posts"}],"about":[{"href":"https:\/\/www.europesays.com\/fr\/wp-json\/wp\/v2\/types\/post"}],"author":[{"embeddable":true,"href":"https:\/\/www.europesays.com\/fr\/wp-json\/wp\/v2\/users\/2"}],"replies":[{"embeddable":true,"href":"https:\/\/www.europesays.com\/fr\/wp-json\/wp\/v2\/comments?post=140849"}],"version-history":[{"count":0,"href":"https:\/\/www.europesays.com\/fr\/wp-json\/wp\/v2\/posts\/140849\/revisions"}],"wp:featuredmedia":[{"embeddable":true,"href":"https:\/\/www.europesays.com\/fr\/wp-json\/wp\/v2\/media\/140850"}],"wp:attachment":[{"href":"https:\/\/www.europesays.com\/fr\/wp-json\/wp\/v2\/media?parent=140849"}],"wp:term":[{"taxonomy":"category","embeddable":true,"href":"https:\/\/www.europesays.com\/fr\/wp-json\/wp\/v2\/categories?post=140849"},{"taxonomy":"post_tag","embeddable":true,"href":"https:\/\/www.europesays.com\/fr\/wp-json\/wp\/v2\/tags?post=140849"}],"curies":[{"name":"wp","href":"https:\/\/api.w.org\/{rel}","templated":true}]}}