{"id":140858,"date":"2025-05-31T04:49:13","date_gmt":"2025-05-31T04:49:13","guid":{"rendered":"https:\/\/www.europesays.com\/fr\/140858\/"},"modified":"2025-05-31T04:49:13","modified_gmt":"2025-05-31T04:49:13","slug":"les-fraudes-aux-aides-agricoles-se-multiplient-en-europe","status":"publish","type":"post","link":"https:\/\/www.europesays.com\/fr\/140858\/","title":{"rendered":"Les fraudes aux aides agricoles se multiplient en Europe"},"content":{"rendered":"<p>Ces derni\u00e8res heures, la Gr\u00e8ce a annonc\u00e9 une r\u00e9forme de son agence consacr\u00e9e au versement des subventions agricoles europ\u00e9ennes. La cons\u00e9quence d\u2019une vaste enqu\u00eate sur un syst\u00e8me pr\u00e9sum\u00e9 de fraudes, impliquant des fonds agricoles, et de corruption de fonctionnaires, men\u00e9e par les autorit\u00e9s nationales et le parquet europ\u00e9en (EPPO).<\/p>\n<p>Elle a conduit, le 20 mai 2025, \u00e0 une s\u00e9rie de perquisitions men\u00e9e \u00e0 Ath\u00e8nes et en Cr\u00eate, notamment au si\u00e8ge de l\u2019OPEKEPE, l\u2019agence grecque de paiement et de contr\u00f4le de quelque trois milliards d\u2019euros d\u2019aides communautaires.<\/p>\n<p>Le juge \u00e0 la retraite qui dirigeait l\u2019OPEKEPE a \u00e9t\u00e9 limog\u00e9 et l\u2019agence plac\u00e9e sous la tutelle de l\u2019autorit\u00e9 fiscale grecque.<\/p>\n<p>Gr\u00e8ce, Italie et Roumanie<\/p>\n<p>Sur la base de fausses d\u00e9clarations, \u00ab\u00a0un nombre important\u00a0\u00bb de personnes aurait obtenu des droits \u00e0 paiement. Selon un communiqu\u00e9 du parquet europ\u00e9en, elles sont soup\u00e7onn\u00e9es d\u2019avoir d\u00e9clar\u00e9 des p\u00e2tures \u00e9ligibles aux subventions qui se trouvaient \u00eatre des terres publiques, de surcro\u00eet souvent situ\u00e9es loin des lieux de r\u00e9sidence des b\u00e9n\u00e9ficiaires. \u00ab\u00a0Ces pratiques ill\u00e9gales pourraient avoir \u00e9t\u00e9 organis\u00e9es de mani\u00e8re syst\u00e9matique, avec la participation de fonctionnaires\u00a0\u00bb, soup\u00e7onne l\u2019autorit\u00e9 europ\u00e9enne.<\/p>\n<p>Quelques jours plus t\u00f4t, une enqu\u00eate men\u00e9e en Roumanie donnait lieu \u00e0 307 perquisitions li\u00e9es \u00e0 des demandes suspectes de paiements d\u2019aides agricoles pour de pr\u00e9tendues exploitations apicoles et une fraude estim\u00e9e \u00e0 1,32 million d\u2019euros.<\/p>\n<p>Une affaire similaire a \u00e9clat\u00e9 mardi 27 mai, en Italie, o\u00f9 les carabiniers de Naples, requis par le parquet europ\u00e9en, ont saisi plus d\u2019un million d\u2019euros. Cette fois encore, les suspects auraient sollicit\u00e9 des paiements du Fonds europ\u00e9ens agricoles pour le d\u00e9veloppement rural (Feader) en utilisant de fausses informations, une fois encore avec la complicit\u00e9 de fonctionnaires.<\/p>\n<p>Pr\u00e8s de 25 milliards d\u2019euros de pr\u00e9judices<\/p>\n<p>Ces affaires sont loin d\u2019\u00eatre isol\u00e9es. Les enqu\u00eates sur les fraudes aux aides europ\u00e9ennes concernent la plupart des pays europ\u00e9ens, dont la France. Dans son dernier rapport annuel, le parquet europ\u00e9en faisait \u00e9tat d\u2019une forte augmentation du nombre d\u2019enqu\u00eates. En cause, des fraudes \u00e0 la TVA mais aussi aux fonds europ\u00e9ens et notamment agricoles. Il estimait le pr\u00e9judice, fin 2024, pour le budget de l\u2019Union europ\u00e9enne, \u00e0 pr\u00e8s de 25 milliards d\u2019euros, dont la moiti\u00e9 li\u00e9e \u00e0 la fraude transfrontali\u00e8re \u00e0 la TVA.<\/p>\n<p>Pour l\u2019Italie, les fraudes et irr\u00e9gularit\u00e9s au d\u00e9triment des seuls fonds de la politique agricole commune auraient atteint 22,7 millions d\u2019euros en 2023.<\/p>\n","protected":false},"excerpt":{"rendered":"Ces derni\u00e8res heures, la Gr\u00e8ce a annonc\u00e9 une r\u00e9forme de son agence consacr\u00e9e au versement des subventions agricoles&hellip;\n","protected":false},"author":2,"featured_media":140859,"comment_status":"","ping_status":"","sticky":false,"template":"","format":"standard","meta":{"footnotes":""},"categories":[1586],"tags":[11,327,5825,33,765,1777,674,1011,27,303,12,25,364],"class_list":{"0":"post-140858","1":"post","2":"type-post","3":"status-publish","4":"format-standard","5":"has-post-thumbnail","7":"category-europe","8":"tag-actualites","9":"tag-agriculture","10":"tag-agroalimentaire","11":"tag-economie","12":"tag-en-continu","13":"tag-eu","14":"tag-europe","15":"tag-fr","16":"tag-france","17":"tag-justice","18":"tag-news","19":"tag-republique-francaise","20":"tag-union-europeenne"},"share_on_mastodon":{"url":"https:\/\/pubeurope.com\/@fr\/114600644699888914","error":""},"_links":{"self":[{"href":"https:\/\/www.europesays.com\/fr\/wp-json\/wp\/v2\/posts\/140858","targetHints":{"allow":["GET"]}}],"collection":[{"href":"https:\/\/www.europesays.com\/fr\/wp-json\/wp\/v2\/posts"}],"about":[{"href":"https:\/\/www.europesays.com\/fr\/wp-json\/wp\/v2\/types\/post"}],"author":[{"embeddable":true,"href":"https:\/\/www.europesays.com\/fr\/wp-json\/wp\/v2\/users\/2"}],"replies":[{"embeddable":true,"href":"https:\/\/www.europesays.com\/fr\/wp-json\/wp\/v2\/comments?post=140858"}],"version-history":[{"count":0,"href":"https:\/\/www.europesays.com\/fr\/wp-json\/wp\/v2\/posts\/140858\/revisions"}],"wp:featuredmedia":[{"embeddable":true,"href":"https:\/\/www.europesays.com\/fr\/wp-json\/wp\/v2\/media\/140859"}],"wp:attachment":[{"href":"https:\/\/www.europesays.com\/fr\/wp-json\/wp\/v2\/media?parent=140858"}],"wp:term":[{"taxonomy":"category","embeddable":true,"href":"https:\/\/www.europesays.com\/fr\/wp-json\/wp\/v2\/categories?post=140858"},{"taxonomy":"post_tag","embeddable":true,"href":"https:\/\/www.europesays.com\/fr\/wp-json\/wp\/v2\/tags?post=140858"}],"curies":[{"name":"wp","href":"https:\/\/api.w.org\/{rel}","templated":true}]}}