{"id":140873,"date":"2025-05-31T05:01:09","date_gmt":"2025-05-31T05:01:09","guid":{"rendered":"https:\/\/www.europesays.com\/fr\/140873\/"},"modified":"2025-05-31T05:01:09","modified_gmt":"2025-05-31T05:01:09","slug":"giro-tour-ditalie-s-yates-le-plan-etait-different-je-ne-veux-pas-en-dire-plus","status":"publish","type":"post","link":"https:\/\/www.europesays.com\/fr\/140873\/","title":{"rendered":"Giro. Tour d&rsquo;Italie &#8211; S. Yates : \u00abLe plan \u00e9tait diff\u00e9rent&#8230; Je ne veux pas en dire plus\u00bb"},"content":{"rendered":"<p>En embuscade \u00e0 seulement 51 secondes du leader, <strong>Simon Yates <\/strong>(Team Visma | Lease a Bike) avait l&rsquo;occasion lors de cette 19\u00e8me \u00e9tape du <strong><a href=\"https:\/\/www.cyclismactu.net\/..\/news-giro-route-tour-d-italie-nicolas-prodhomme-19e-etape-1ere-victoire-francaise-du-giro-88134.html\" target=\"_blank\" rel=\"nofollow noopener\">Tour d&rsquo;Italie<\/a><\/strong> de refaire son retard sur un terrain \u00e0 sa convenance. C&rsquo;\u00e9tait en tout cas l&rsquo;objectif affich\u00e9 puisqu&rsquo;on a vu sa formation rouler derri\u00e8re l&rsquo;\u00e9chapp\u00e9e avec notamment\u00a0<strong>Lemmen<\/strong>,\u00a0<strong>Keldermann <\/strong>et\u00a0<strong>Kruijswijk<\/strong>. Mais au final\u00a0 le grand perdant de la journ\u00e9e c&rsquo;est lui.\u00a0Incapable de suivre <strong>Del Toro <\/strong>(UAE Team Emirates XRG) et <strong>Carapaz <\/strong>(EF Education-EasyPost) dans le final, il leur conc\u00e8de une trentaine de secondes et se retrouve d\u00e9sormais repouss\u00e9 \u00e0 1&rsquo;21 du Mexicain et \u00e0 38&Prime; de l&rsquo;Equatorien.<\/p>\n<p>Vid\u00e9o &#8211; Le r\u00e9sum\u00e9 de cette 19e \u00e9tape un peu d\u00e9cevante Lire la suite de l&rsquo;article&#13;<\/p>\n<p>\u00a0<\/p>\n<p>&#13;<br \/>\nDes secondes perdues mais une derni\u00e8re opportunit\u00e9 samedi&#13;<\/p>\n<p>\u00ab\u00a0Je me sens bien mais les deux coureurs devant moi sont un peu trop explosifs et je ne peux pas suivre. On verra si on arrivera \u00e0 trouver une solution\u00a0\u00bb a commenc\u00e9 par expliquer le fr\u00e8re jumeau d&rsquo;Adam avant de revenir sur la strat\u00e9gie de son \u00e9quipe : \u00ab\u00a0Le plan ce matin \u00e9tait compl\u00e9ment diff\u00e9rent de ce que nous avons fait aujourd&rsquo;hui. On va devoir revoir \u00e7a avec l&rsquo;\u00e9quipe. Je ne veux pas en dire plus.\u00a0\u00bb<\/p>\n<p>&#13;<\/p>\n<p>Son directeur sportif <strong>Marc Reef<\/strong> a sembl\u00e9 surpris par la r\u00e9action de <strong>Yates<\/strong> et a insist\u00e9 sur le fait que la strat\u00e9gie avait \u00e9t\u00e9 suivie. \u00ab\u00a0Tout s&rsquo;est d\u00e9roul\u00e9 exactement comme convenu. Nous voulions rendre la course difficile autant que possible et je pense que les gars ont fait un excellent travail. Au final, tout s&rsquo;est jou\u00e9 sur ceux qui avaient les meilleures jambes, et Isaac Del Toro et Richard Carapaz \u00e9taient juste un peu plus forts\u00a0\u00bb. <strong>Reef<\/strong> a admis qu&rsquo;il n&rsquo;y avait pas de plan d\u00e9finitif pour r\u00e9agir aux man\u0153uvres tardives : \u00ab\u00a0On n&rsquo;en a pas parl\u00e9 \u00e0 la fin. Il s&rsquo;agissait surtout de savoir si [Yates] pouvait suivre. Si les autres sont plus explosifs \u00e0 la fin, il faut juste penser \u00e0 s&rsquo;accrocher.\u00a0\u00bb<\/p>\n<p>&#13;<\/p>\n<p>Il reste une derni\u00e8re opportunit\u00e9 au vainqueur de la <strong>Vuelta <\/strong>2018 pour renverser le <strong>Tour d&rsquo;Italie <\/strong>m\u00eame s&rsquo;il pr\u00e9f\u00e8re rester prudent : \u00ab\u00a0Demain le col est plus long, mais il y a une partie gravel au milieu et ce n&rsquo;est pas ce que je pr\u00e9f\u00e8re. Les jambes \u00e9taient bonnes aujourd&rsquo;hui, j&rsquo;esp\u00e8re que ce sera pareil demain et que je pourrais tenter quelque chose.\u00a0\u00bb<\/p>\n<p>Tour d&rsquo;Italie &#8211; Classement de la 19\u00e8 \u00e9tape Tour d&rsquo;Italie &#8211; Classement g\u00e9n\u00e9ral provisoire apr\u00e8s la 19\u00e8 \u00e9tape<\/p>\n","protected":false},"excerpt":{"rendered":"En embuscade \u00e0 seulement 51 secondes du leader, Simon Yates (Team Visma | Lease a Bike) avait l&rsquo;occasion&hellip;\n","protected":false},"author":2,"featured_media":139716,"comment_status":"","ping_status":"","sticky":false,"template":"","format":"standard","meta":{"footnotes":""},"categories":[1411],"tags":[1154,207,1011,27,209,60,3318,208],"class_list":{"0":"post-140873","1":"post","2":"type-post","3":"status-publish","4":"format-standard","5":"has-post-thumbnail","7":"category-cyclisme","8":"tag-cycling","9":"tag-cyclisme","10":"tag-fr","11":"tag-france","12":"tag-route","13":"tag-sports","14":"tag-tour-d","15":"tag-velo"},"share_on_mastodon":{"url":"https:\/\/pubeurope.com\/@fr\/114600691843442842","error":""},"_links":{"self":[{"href":"https:\/\/www.europesays.com\/fr\/wp-json\/wp\/v2\/posts\/140873","targetHints":{"allow":["GET"]}}],"collection":[{"href":"https:\/\/www.europesays.com\/fr\/wp-json\/wp\/v2\/posts"}],"about":[{"href":"https:\/\/www.europesays.com\/fr\/wp-json\/wp\/v2\/types\/post"}],"author":[{"embeddable":true,"href":"https:\/\/www.europesays.com\/fr\/wp-json\/wp\/v2\/users\/2"}],"replies":[{"embeddable":true,"href":"https:\/\/www.europesays.com\/fr\/wp-json\/wp\/v2\/comments?post=140873"}],"version-history":[{"count":0,"href":"https:\/\/www.europesays.com\/fr\/wp-json\/wp\/v2\/posts\/140873\/revisions"}],"wp:featuredmedia":[{"embeddable":true,"href":"https:\/\/www.europesays.com\/fr\/wp-json\/wp\/v2\/media\/139716"}],"wp:attachment":[{"href":"https:\/\/www.europesays.com\/fr\/wp-json\/wp\/v2\/media?parent=140873"}],"wp:term":[{"taxonomy":"category","embeddable":true,"href":"https:\/\/www.europesays.com\/fr\/wp-json\/wp\/v2\/categories?post=140873"},{"taxonomy":"post_tag","embeddable":true,"href":"https:\/\/www.europesays.com\/fr\/wp-json\/wp\/v2\/tags?post=140873"}],"curies":[{"name":"wp","href":"https:\/\/api.w.org\/{rel}","templated":true}]}}