{"id":140880,"date":"2025-05-31T05:05:09","date_gmt":"2025-05-31T05:05:09","guid":{"rendered":"https:\/\/www.europesays.com\/fr\/140880\/"},"modified":"2025-05-31T05:05:09","modified_gmt":"2025-05-31T05:05:09","slug":"kysia-dorizon-presente-son-nouveau-livre-le-theme-de-la-fin-de-vie","status":"publish","type":"post","link":"https:\/\/www.europesays.com\/fr\/140880\/","title":{"rendered":"Kysia Dorizon pr\u00e9sente son nouveau livre le th\u00e8me de la fin de vie"},"content":{"rendered":"<p>            Par<br \/>\n        <strong><br \/>\n            <a href=\"https:\/\/actu.fr\/auteur\/redaction-lerepublique\" title=\"Consulter tous les articles de R\u00e9daction La R\u00e9publique de Seine et Marne\" target=\"_blank\" rel=\"noopener\">R\u00e9daction La R\u00e9publique de Seine et Marne<\/a><br \/>\n        <\/strong><\/p>\n<p>        Publi\u00e9 le<\/p>\n<p>            31 mai 2025 \u00e0 6h00        <\/p>\n<p>Apr\u00e8s un premier thriller f\u00e9ministe, intitul\u00e9 Faute de Frappe,<a href=\"https:\/\/actu.fr\/ile-de-france\/avon_77014\" target=\"_blank\" rel=\"noopener\"> l\u2019Avonnaise<\/a> <b>Kysia Dorizon<\/b> sort son deuxi\u00e8me roman : Le passeur de libert\u00e9. Paru chez HelloEditions, ce roman choral retrace la vie, ou plut\u00f4t<b> la fin de vie<\/b>, d\u2019un r\u00e9sident d\u2019un Ehpad, en qu\u00eate d\u2019une mort digne. Une qu\u00eate dans laquelle il va \u00eatre aid\u00e9 d\u2019un migrant.<\/p>\n<p>Kysia Dorizon pr\u00e9sente Le passeur de libert\u00e9 son nouveau livre sur la fin de vie<\/p>\n<p class=\" wall-content\">Deux sujets de soci\u00e9t\u00e9, qui ne sont pas sans rappeler les ann\u00e9es de travail de l\u2019autrice dans un centre social et aussi sa volont\u00e9 de mettre en lumi\u00e8re ses th\u00e8mes de pr\u00e9dilection : la libert\u00e9 et la culpabilit\u00e9.<\/p>\n<p class=\" wall-content\">\u00ab\u00a0Comme dans mon premier roman, les personnages sont trait\u00e9s avec beaucoup de d\u00e9rision : il n\u2019y a pas de h\u00e9ros, pr\u00e9vient-elle. On s\u2019identifie \u00e0 leurs faiblesses, et c\u2019est aussi ce qui les rend touchants\u00a0\u00bb, confie Kysia Dorizon.<\/p>\n<p class=\" wall-content\">Armand, le personnage principal, est un ancien peintre au cr\u00e9puscule de sa vie, qui a la ferme intention de s\u2019enfuir de sa r\u00e9sidence. Mais son grand \u00e2ge ne lui permet pas de faire ce voyage, alors il pactise avec celui qui pourra l\u2019emmener vers un voyage sans retour. \u00c9vasion en plein confinement, le livre est con\u00e7u comme un road-trip.<\/p>\n<p>Vid\u00e9os : en ce moment sur Actu<\/p>\n<p class=\" wall-content\">\u00ab\u00a0Ce roman est d\u00e9di\u00e9 \u00e0 mon p\u00e8re dont j\u2019aurais r\u00eav\u00e9 la m\u00eame fin de vie que celle de mon h\u00e9ros, poursuit-elle. Il aborde avec sensibilit\u00e9 des th\u00e8mes comme la dignit\u00e9, l\u2019autod\u00e9termination\u2026 C\u2019est \u00e9galement un hommage aux personnels des Ehpad qui font un travail passionn\u00e9, sous-\u00e9valu\u00e9, sous-pay\u00e9, et souvent critiqu\u00e9.\u00a0\u00bb<\/p>\n<p class=\" wall-content\">Un nouveau roman, dr\u00f4le et po\u00e9tique, o\u00f9 plusieurs parcours de vie gravitent, d\u2019une jeune employ\u00e9e qui se r\u00eave influenceuse, ou encore cette femme en pleine m\u00e9nopause en qu\u00eate de libert\u00e9\u2026 Le livre est disponible \u00e0 la librairie-presse de la rue Dumoncel ou \u00e0 la m\u00e9diath\u00e8que des Sources vives.<\/p>\n<p class=\" wall-content\">Les lecteurs pourront bient\u00f4t rencontrer l\u2019autrice puisque Kysia Dorizon sera pr\u00e9sente au premier salon du livre Palabres, organis\u00e9 par la ville d\u2019Avon, dimanche 15 juin dans le parc du Bel \u00c9bat, mais aussi le 21 juin \u00e0 la foire de Nemours, puis le 22 juin au salon du livre de Fontainebleau, \u00e0 la Charit\u00e9 royale.<\/p>\n<p>Renseignements : <a href=\"https:\/\/www.kysia-dorizon.com\/\" target=\"_blank\" rel=\"noopener\">www.kysia-dorizon.com<\/a>.<\/p>\n<p class=\" wall-content\">Suivez toute l\u2019actualit\u00e9 de vos villes et m\u00e9dias favoris en vous inscrivant \u00e0 <a href=\"https:\/\/moncompte.actu.fr\" title=\"D\u00e9couvez Mon Actu\" rel=\"nofollow noopener\" data-trk=\"{&quot;cta&quot;:{&quot;action&quot;:&quot;https:\\\/\\\/moncompte.actu.fr&quot;,&quot;category&quot;:&quot;mon compte&quot;,&quot;from&quot;:&quot;article footer&quot;,&quot;name&quot;:&quot;Mon actu&quot;,&quot;type&quot;:&quot;cta&quot;}}\" target=\"_blank\">Mon Actu<\/a>.<\/p>\n","protected":false},"excerpt":{"rendered":"Par R\u00e9daction La R\u00e9publique de Seine et Marne Publi\u00e9 le 31 mai 2025 \u00e0 6h00 Apr\u00e8s un premier&hellip;\n","protected":false},"author":2,"featured_media":140881,"comment_status":"","ping_status":"","sticky":false,"template":"","format":"standard","meta":{"footnotes":""},"categories":[1357],"tags":[1379,58,12216,59,1011,27,1380,104],"class_list":{"0":"post-140880","1":"post","2":"type-post","3":"status-publish","4":"format-standard","5":"has-post-thumbnail","7":"category-livres","8":"tag-books","9":"tag-divertissement","10":"tag-ehpad","11":"tag-entertainment","12":"tag-fr","13":"tag-france","14":"tag-livres","15":"tag-societe"},"share_on_mastodon":{"url":"https:\/\/pubeurope.com\/@fr\/114600707634672996","error":""},"_links":{"self":[{"href":"https:\/\/www.europesays.com\/fr\/wp-json\/wp\/v2\/posts\/140880","targetHints":{"allow":["GET"]}}],"collection":[{"href":"https:\/\/www.europesays.com\/fr\/wp-json\/wp\/v2\/posts"}],"about":[{"href":"https:\/\/www.europesays.com\/fr\/wp-json\/wp\/v2\/types\/post"}],"author":[{"embeddable":true,"href":"https:\/\/www.europesays.com\/fr\/wp-json\/wp\/v2\/users\/2"}],"replies":[{"embeddable":true,"href":"https:\/\/www.europesays.com\/fr\/wp-json\/wp\/v2\/comments?post=140880"}],"version-history":[{"count":0,"href":"https:\/\/www.europesays.com\/fr\/wp-json\/wp\/v2\/posts\/140880\/revisions"}],"wp:featuredmedia":[{"embeddable":true,"href":"https:\/\/www.europesays.com\/fr\/wp-json\/wp\/v2\/media\/140881"}],"wp:attachment":[{"href":"https:\/\/www.europesays.com\/fr\/wp-json\/wp\/v2\/media?parent=140880"}],"wp:term":[{"taxonomy":"category","embeddable":true,"href":"https:\/\/www.europesays.com\/fr\/wp-json\/wp\/v2\/categories?post=140880"},{"taxonomy":"post_tag","embeddable":true,"href":"https:\/\/www.europesays.com\/fr\/wp-json\/wp\/v2\/tags?post=140880"}],"curies":[{"name":"wp","href":"https:\/\/api.w.org\/{rel}","templated":true}]}}