{"id":140882,"date":"2025-05-31T05:06:13","date_gmt":"2025-05-31T05:06:13","guid":{"rendered":"https:\/\/www.europesays.com\/fr\/140882\/"},"modified":"2025-05-31T05:06:13","modified_gmt":"2025-05-31T05:06:13","slug":"la-fin-expliquee-de-la-serie-netflix","status":"publish","type":"post","link":"https:\/\/www.europesays.com\/fr\/140882\/","title":{"rendered":"La fin expliqu\u00e9e de la s\u00e9rie Netflix"},"content":{"rendered":"<p>Depuis le d\u00e9but de l&rsquo;ann\u00e9e, Netflix a vu se succ\u00e9der des succ\u00e8s venus de Scandinavie. Apr\u00e8s <a href=\"https:\/\/www.programme-tv.net\/news\/series-tv\/374252-en-attendant-la-saison-2-de-meurtres-a-are-sur-netflix-la-romanciere-viveca-sten-annonce-une-grande-nouvelle\/\" data-api-deeplink=\"teleloisirs:\/\/news\/374252\" target=\"_blank\" rel=\"noopener\">Meurtres \u00e0 Are<\/a> et <a href=\"https:\/\/www.programme-tv.net\/news\/series-tv\/377317-exclu-le-dome-de-verre-je-voulais-que-ce-soit-inattendu-lauteure-camilla-lackberg-reagit-a-la-revelation-finale-de-la-serie\/\" data-api-deeplink=\"teleloisirs:\/\/news\/377317\" target=\"_blank\" rel=\"noopener\">Le D\u00f4me de verre<\/a>, c&rsquo;est <a href=\"https:\/\/www.programme-tv.net\/news\/series-tv\/379528-secrets-we-keep-saison-2-netflix-nos-theories-sur-une-suite-de-la-serie\/\" data-api-deeplink=\"teleloisirs:\/\/news\/379528\" target=\"_blank\" rel=\"noopener\">Secrets We Keep qui a cr\u00e9\u00e9 l&rsquo;\u00e9v\u00e9nement<\/a> en mai. \u00c0 pr\u00e9sent, c&rsquo;est au tour de la premi\u00e8re adaptation en s\u00e9rie des livres de Jussi Adler-Olsen de proposer une enqu\u00eate riche en rebondissements. Imagin\u00e9e par un auteur danois, l&rsquo;action se d\u00e9roule cependant \u00e0 Edimbourg et c&rsquo;est \u00e0 Scott Frank, le cerveau derri\u00e8re <a href=\"https:\/\/www.programme-tv.net\/news\/series-tv\/292740-le-jeu-de-la-dame-poursuivi-pour-un-commentaire-juge-sexiste-netflix-perd-son-proces\/\" data-api-deeplink=\"teleloisirs:\/\/news\/292740\" target=\"_blank\" rel=\"noopener\">Le Jeu de la dame<\/a>, que l&rsquo;on doit sa version s\u00e9rielle. Apr\u00e8s avoir suivi pendant neuf \u00e9pisodes l&rsquo;enqu\u00eate de l&rsquo;inspecteur Carl Morck (<a href=\"https:\/\/www.programme-tv.net\/biographie\/6529-goode-matthew\/\" data-link-people=\"bd6d91f1-d5d0-44e9-92e4-c731d21cf5a6\" target=\"_blank\" rel=\"noopener\">Matthew Goode<\/a>) sur la disparition de Merritt Lingard (Chloe Pirrie), le final offre une conclusion \u00e0 l&rsquo;enqu\u00eate. Explications.<\/p>\n<p>Les Dossiers oubli\u00e9s : qui a vraiment enlev\u00e9 Merritt Lingard ?<\/p>\n<p>Apr\u00e8s avoir longtemps cru que c&rsquo;\u00e9tait Finch, l&rsquo;homme que Merritt a tent\u00e9 de faire condamner pour le meurtre de sa femme avant de dispara\u00eetre, qui l&rsquo;avait enlev\u00e9, on r\u00e9alise que c&rsquo;est en r\u00e9alit\u00e9 Aisla et Lyle Jennings. Adolescente, Merritt sortait avec Harry, le fils a\u00een\u00e9 de la famille Jennings. Une relation qui s&rsquo;est termin\u00e9e apr\u00e8s que Merritt ait d\u00e9couvert le corps inerte de son fr\u00e8re, battu jusqu&rsquo;\u00e0 tomber dans le coma, et r\u00e9alis\u00e9 que c&rsquo;est Harry le coupable id\u00e9al. Pour fuir les cons\u00e9quences, Harry s&rsquo;est \u00e0 l&rsquo;\u00e9poque enfui et il est tomb\u00e9 par accident du ferry, mourant sur le coup. Aisla et Lyle, la m\u00e8re et le fr\u00e8re d&rsquo;Harry, tiennent depuis toujours Merritt pour responsable et ont d\u00e9cid\u00e9 de la torturer pour lui faire payer.<\/p>\n<p>                        Les Dossiers oubli\u00e9s : quel est l&rsquo;\u00e9trange tube o\u00f9 Merritt est enferm\u00e9e et survit-elle ?<\/p>\n<p>Pendant quatre ans, l&rsquo;\u00e9trange cellule de Merritt est en r\u00e9alit\u00e9 un caisson hyperbare, utilis\u00e9 notamment pour l&rsquo;entra\u00eenement des plongeurs pour r\u00e9sister \u00e0 la pression de l&rsquo;eau. Quand Lyle et Harry \u00e9taient petits, c&rsquo;est l\u00e0 qu&rsquo;Aisla les enfermait pour les punir. Elle les oubliait parfois des jours entiers dedans. Une punition qui r\u00e9pugnait Harry mais dont Lyle n&rsquo;avait pas de perception n\u00e9gative.<\/p>\n<p>\u00c0 la fin, en voulant s&rsquo;enfuir et achever Merritt, Aisla et Lyle font monter la pression du caisson pour la tuer. Quand Morck et Akram trouvent Merritt, ils appellent l&rsquo;arm\u00e9e pour qu&rsquo;ils viennent la d\u00e9loger avec un tube permettant de faire redescendre progressivement la tension sans que son corps ne c\u00e8de. Une technique qui lui permet de survivre.<\/p>\n<p>Les Dossiers oubli\u00e9s : qui a r\u00e9ellement battu William jusqu&rsquo;\u00e0 le rendre handicap\u00e9 quand il \u00e9tait jeune ?<\/p>\n<p>Jusqu&rsquo;au dernier \u00e9pisode, on nous laisse croire que c&rsquo;est Harry, l&rsquo;amour de jeunesse de Merritt, qui a rendu son fr\u00e8re William handicap\u00e9. En r\u00e9alit\u00e9, c&rsquo;est Lyle, violent depuis qu&rsquo;il est tout petit, qui a s\u00e9v\u00e8rement battu William. Harry l&rsquo;a stopp\u00e9 avant qu&rsquo;il ne le tue et a port\u00e9 le chapeau pour prot\u00e9ger son petit fr\u00e8re.<\/p>\n<p>            Les Dossiers oubli\u00e9s (Netflix) : comment Lyle se fait-il passer pour Sam Haig ?<\/p>\n<p>Avant de dispara\u00eetre, on sait que Merritt a eu une liaison avec le journaliste Sam Haig et que ce dernier est mort quelques jours apr\u00e8s sa disparition. En r\u00e9alit\u00e9, Merritt n&rsquo;a jamais rencontr\u00e9 le vrai Sam Haig. C&rsquo;est Lyle Jennings qui a approch\u00e9 Merritt sous ce nom. Sam Haig \u00e9tait en centre de d\u00e9tention juv\u00e9nile avec Lyle lorsqu&rsquo;il \u00e9tait ado. C&rsquo;est lui qui a donn\u00e9 son \u0153il noir \u00e0 Lyle en le tabassant. Le vrai Sam Haig n&rsquo;est pas tomb\u00e9 d&rsquo;une falaise en faisant de l&rsquo;escalade mais a \u00e9t\u00e9 assassin\u00e9 par Lyle afin que personne ne d\u00e9couvre jamais qu&rsquo;il y avait eu vol d&rsquo;identit\u00e9.<\/p>\n<p>Les Dossiers oubli\u00e9s : le patron de Merritt et Finch ont-ils jou\u00e9 un r\u00f4le dans la disparition de Merritt ?<\/p>\n<p>Morck soup\u00e7onne pendant longtemps Finch d&rsquo;\u00eatre m\u00eal\u00e9 \u00e0 la disparition de Merritt et m\u00eame d&rsquo;y avoir impliqu\u00e9 le procureur g\u00e9n\u00e9ral, patron de Merritt. Les deux hommes n&rsquo;ont en r\u00e9alit\u00e9 rien \u00e0 voir avec sa disparition mais il est av\u00e9r\u00e9 que le procureur g\u00e9n\u00e9ral a c\u00e9d\u00e9 au chantage de Finch \u00e0 l&rsquo;\u00e9poque de son proc\u00e8s pour le meurtre de sa femme et a manipul\u00e9 les t\u00e9moignages recueillis par Merritt pour qu&rsquo;elle ne gagne pas.<\/p>\n<p>                        Les Dossiers oubli\u00e9s : sait-on qui a tir\u00e9 sur Morck et Hardy au d\u00e9but de la s\u00e9rie ?<\/p>\n<p>C&rsquo;est le grand myst\u00e8re qui subsiste ! Si Hardy rejoint l&rsquo;\u00e9quipe en sous-sol en fin de saison, on ne conna\u00eet toujours pas l&rsquo;identit\u00e9 pr\u00e9cise de celui qui a failli les tuer et a abattu leur jeune coll\u00e8gue Anderson. En revanche, on d\u00e9couvre qu&rsquo;Anderson \u00e9tait probablement la cible de l&rsquo;attaque. On suspecte que le jeune homme travaillait avec des indics qui le renseignait sur les gangs du quartier, voire collaborait avec eux. Le myst\u00e8re n&rsquo;\u00e9tant toujours pas \u00e9lucid\u00e9, il ne serait pas \u00e9tonnant de le voir r\u00e9solu dans une prochaine saison&#8230;<\/p>\n","protected":false},"excerpt":{"rendered":"Depuis le d\u00e9but de l&rsquo;ann\u00e9e, Netflix a vu se succ\u00e9der des succ\u00e8s venus de Scandinavie. Apr\u00e8s Meurtres \u00e0&hellip;\n","protected":false},"author":2,"featured_media":140883,"comment_status":"","ping_status":"","sticky":false,"template":"","format":"standard","meta":{"footnotes":""},"categories":[1356],"tags":[244,58,59,1011,27,26843,127,1722,1721,129,252,1364],"class_list":{"0":"post-140882","1":"post","2":"type-post","3":"status-publish","4":"format-standard","5":"has-post-thumbnail","7":"category-television","8":"tag-commentaire","9":"tag-divertissement","10":"tag-entertainment","11":"tag-fr","12":"tag-france","13":"tag-les-dossiers-oubliu00e9s","14":"tag-netflix","15":"tag-pub-streaming-netflix","16":"tag-su00e9rie-netflix","17":"tag-svod","18":"tag-television","19":"tag-tv"},"share_on_mastodon":{"url":"https:\/\/pubeurope.com\/@fr\/114600711513105318","error":""},"_links":{"self":[{"href":"https:\/\/www.europesays.com\/fr\/wp-json\/wp\/v2\/posts\/140882","targetHints":{"allow":["GET"]}}],"collection":[{"href":"https:\/\/www.europesays.com\/fr\/wp-json\/wp\/v2\/posts"}],"about":[{"href":"https:\/\/www.europesays.com\/fr\/wp-json\/wp\/v2\/types\/post"}],"author":[{"embeddable":true,"href":"https:\/\/www.europesays.com\/fr\/wp-json\/wp\/v2\/users\/2"}],"replies":[{"embeddable":true,"href":"https:\/\/www.europesays.com\/fr\/wp-json\/wp\/v2\/comments?post=140882"}],"version-history":[{"count":0,"href":"https:\/\/www.europesays.com\/fr\/wp-json\/wp\/v2\/posts\/140882\/revisions"}],"wp:featuredmedia":[{"embeddable":true,"href":"https:\/\/www.europesays.com\/fr\/wp-json\/wp\/v2\/media\/140883"}],"wp:attachment":[{"href":"https:\/\/www.europesays.com\/fr\/wp-json\/wp\/v2\/media?parent=140882"}],"wp:term":[{"taxonomy":"category","embeddable":true,"href":"https:\/\/www.europesays.com\/fr\/wp-json\/wp\/v2\/categories?post=140882"},{"taxonomy":"post_tag","embeddable":true,"href":"https:\/\/www.europesays.com\/fr\/wp-json\/wp\/v2\/tags?post=140882"}],"curies":[{"name":"wp","href":"https:\/\/api.w.org\/{rel}","templated":true}]}}