{"id":140896,"date":"2025-05-31T05:14:09","date_gmt":"2025-05-31T05:14:09","guid":{"rendered":"https:\/\/www.europesays.com\/fr\/140896\/"},"modified":"2025-05-31T05:14:09","modified_gmt":"2025-05-31T05:14:09","slug":"washington-accuse-la-chine-de-se-preparer-a-utiliser-la-force-en-asie-pacifique","status":"publish","type":"post","link":"https:\/\/www.europesays.com\/fr\/140896\/","title":{"rendered":"Washington accuse la Chine de se pr\u00e9parer \u00e0 \u00abutiliser la force\u00bb en Asie-Pacifique"},"content":{"rendered":"<p>Le chef du Pentagone a exhort\u00e9 samedi ses alli\u00e9s dans la r\u00e9gion \u00e0 augmenter leurs d\u00e9penses de d\u00e9fense, alors que P\u00e9kin \u00abs\u2019entra\u00eene tous les jours\u00bb en vue d\u2019une invasion de Ta\u00efwan.<\/p>\n<p class=\"fig-paragraph\">Le ministre am\u00e9ricain de la D\u00e9fense, Pete Hegseth, a d\u00e9clar\u00e9 samedi 31 mai que\u00a0<a href=\"https:\/\/www.lefigaro.fr\/tag\/chine\" target=\"_blank\" rel=\"noopener nofollow\" data-gtm-custom-categorie=\"navigation\" data-gtm-custom-action=\"crossclick\" data-gtm-custom-label=\"Contextuel\" data-gtm-event=\"customEventSPE\">la Chine<\/a>\u00a0se pr\u00e9parait \u00ab\u00e0 potentiellement utiliser la force militaire\u00bb en Asie-Pacifique, une r\u00e9gion dont Washington fait son \u00abth\u00e9\u00e2tre prioritaire\u00bb. \u00abLa menace que repr\u00e9sente la Chine est r\u00e9elle et pourrait \u00eatre imminente\u00bb, a-t-il d\u00e9clar\u00e9 au Shangri-La Dialogue de Singapour, plus grand forum sur la s\u00e9curit\u00e9 et la d\u00e9fense en Asie. Il a ajout\u00e9 que P\u00e9kin \u00absouhaite dominer et contr\u00f4ler\u00bb la r\u00e9gion et \u00abs\u2019entra\u00eene tous les jours\u00bb en vue d\u2019une invasion de Ta\u00efwan.<\/p>\n<p class=\"fig-paragraph\">Hegseth a assur\u00e9 que P\u00e9kin se pr\u00e9parait \u00abclairement et de mani\u00e8re cr\u00e9dible \u00e0 potentiellement utiliser la force militaire pour modifier l\u2019\u00e9quilibre des forces\u00bb en Asie-Pacifique. Dans ce contexte, les \u00c9tats-Unis ont fait de cette r\u00e9gion leur \u00abth\u00e9\u00e2tre prioritaire\u00bb et \u00abr\u00e9orientent (leur strat\u00e9gie, NDLR) en vue de dissuader toute agression par la Chine communiste\u00bb, a-t-il soulign\u00e9, ajoutant que Washington a accentu\u00e9 sa coop\u00e9ration avec le Japon et les Philippines, ses alli\u00e9s traditionnels dans la r\u00e9gion, et entrepris de renforcer ses relations avec l\u2019Inde. \u00abL\u2019Am\u00e9rique est fi\u00e8re d\u2019\u00eatre de retour en Indo-Pacifique, et nous sommes ici pour y rester\u00bb, a-t-il martel\u00e9.<\/p>\n<p>\u00abLa dissuasion n\u2019est pas bon march\u00e9\u00bb<\/p>\n<p class=\"fig-paragraph\">Mais de leur c\u00f4t\u00e9, \u00ables alli\u00e9s des \u00c9tats-Unis dans l\u2019Indo-Pacifique peuvent et doivent augmenter rapidement leurs propres moyens de d\u00e9fense\u00bb, a-t-il soulign\u00e9, citant l\u2019Europe en exemple. \u00abC\u2019est un peu difficile de croire (&#8230;) que je puisse dire \u00e7a, mais gr\u00e2ce au pr\u00e9sident Trump nos alli\u00e9s et partenaires asiatiques devraient s\u2019inspirer des pays europ\u00e9ens, un tout nouvel exemple\u00bb en la mati\u00e8re, a-t-il d\u00e9clar\u00e9. \u00abLa dissuasion n\u2019est pas bon march\u00e9\u00bb, a-t-il rappel\u00e9. Plusieurs pays europ\u00e9ens, \u00e0 commencer par l\u2019Allemagne, ont annonc\u00e9 une hausse drastique de leurs budgets militaires afin de les porter \u00e0 5% de leur PIB face \u00e0 la menace du pr\u00e9sident am\u00e9ricain Donald Trump de se d\u00e9sengager de la d\u00e9fense de l\u2019Europe via l\u2019Otan.<\/p>\n<p class=\"fig-paragraph\">Le forum Shangri-La Dialogue, dont c\u2019est la 22e \u00e9dition, rassemble chaque ann\u00e9e des responsables issus de l\u2019ensemble de l\u2019Asie ainsi que du reste du monde dans la cit\u00e9-\u00c9tat de Singapour. Il a r\u00e9guli\u00e8rement offert par le pass\u00e9 l\u2019occasion \u00e0 des dirigeants de pays rivaux de se rencontrer. Pour la premi\u00e8re fois depuis 2019 cependant, la Chine a annonc\u00e9 qu\u2019elle n\u2019y enverrait pas de responsable de haut niveau. Ouvert vendredi par un discours du pr\u00e9sident fran\u00e7ais Emmanuel Macron, une premi\u00e8re pour un repr\u00e9sentant europ\u00e9en, le forum se tient jusqu\u2019\u00e0 dimanche.<\/p>\n","protected":false},"excerpt":{"rendered":"Le chef du Pentagone a exhort\u00e9 samedi ses alli\u00e9s dans la r\u00e9gion \u00e0 augmenter leurs d\u00e9penses de d\u00e9fense,&hellip;\n","protected":false},"author":2,"featured_media":140897,"comment_status":"","ping_status":"","sticky":false,"template":"","format":"standard","meta":{"footnotes":""},"categories":[5],"tags":[259,11,260,309,73,1011,27,14,261,12,262,28],"class_list":{"0":"post-140896","1":"post","2":"type-post","3":"status-publish","4":"format-standard","5":"has-post-thumbnail","7":"category-international","8":"tag-actualite-internationale","9":"tag-actualites","10":"tag-affaires-etrangeres","11":"tag-chine","12":"tag-etats-unis","13":"tag-fr","14":"tag-france","15":"tag-international","16":"tag-ministere-des-affaires-etrangeres","17":"tag-news","18":"tag-politique-etrangere","19":"tag-world"},"share_on_mastodon":{"url":"https:\/\/pubeurope.com\/@fr\/114600743030996499","error":""},"_links":{"self":[{"href":"https:\/\/www.europesays.com\/fr\/wp-json\/wp\/v2\/posts\/140896","targetHints":{"allow":["GET"]}}],"collection":[{"href":"https:\/\/www.europesays.com\/fr\/wp-json\/wp\/v2\/posts"}],"about":[{"href":"https:\/\/www.europesays.com\/fr\/wp-json\/wp\/v2\/types\/post"}],"author":[{"embeddable":true,"href":"https:\/\/www.europesays.com\/fr\/wp-json\/wp\/v2\/users\/2"}],"replies":[{"embeddable":true,"href":"https:\/\/www.europesays.com\/fr\/wp-json\/wp\/v2\/comments?post=140896"}],"version-history":[{"count":0,"href":"https:\/\/www.europesays.com\/fr\/wp-json\/wp\/v2\/posts\/140896\/revisions"}],"wp:featuredmedia":[{"embeddable":true,"href":"https:\/\/www.europesays.com\/fr\/wp-json\/wp\/v2\/media\/140897"}],"wp:attachment":[{"href":"https:\/\/www.europesays.com\/fr\/wp-json\/wp\/v2\/media?parent=140896"}],"wp:term":[{"taxonomy":"category","embeddable":true,"href":"https:\/\/www.europesays.com\/fr\/wp-json\/wp\/v2\/categories?post=140896"},{"taxonomy":"post_tag","embeddable":true,"href":"https:\/\/www.europesays.com\/fr\/wp-json\/wp\/v2\/tags?post=140896"}],"curies":[{"name":"wp","href":"https:\/\/api.w.org\/{rel}","templated":true}]}}