{"id":140906,"date":"2025-05-31T05:19:11","date_gmt":"2025-05-31T05:19:11","guid":{"rendered":"https:\/\/www.europesays.com\/fr\/140906\/"},"modified":"2025-05-31T05:19:11","modified_gmt":"2025-05-31T05:19:11","slug":"le-savez-vous-du-jour-savez-vous-pourquoi-le-poignard-du-plus-celebre-bandit-napolitain-se-trouve-a-nancy","status":"publish","type":"post","link":"https:\/\/www.europesays.com\/fr\/140906\/","title":{"rendered":"Le \u00ab\u00a0savez-vous\u00a0\u00bb du jour. Savez-vous pourquoi le poignard du plus c\u00e9l\u00e8bre bandit napolitain se trouve \u00e0 Nancy\u00a0?"},"content":{"rendered":"<p>Voil\u00e0 un poignard\u00a0\u00e0 l\u2019histoire bien \u00e9tonnante, un objet conserv\u00e9 dans les r\u00e9serves <a href=\"https:\/\/www.estrepublicain.fr\/culture-loisirs\/2025\/02\/10\/le-musee-lorrain-son-histoire-ses-collections-sa-renovation-compliquee\" target=\"_blank\" rel=\"noopener\">du Mus\u00e9e lorrain,<\/a> \u00e0 Nancy. Il s\u2019agit de celui de Fra Diavolo (\u00ab\u00a0Fr\u00e8re Diable\u00a0\u00bb), de son vrai nom Michele Pezza. Il a \u00e9t\u00e9 l\u2019un des chefs insurg\u00e9s contre l\u2019arm\u00e9e de Napol\u00e9on, lorsqu\u2019elle a occup\u00e9 le royaume de Naples, de 1806 \u00e0 1815.<\/p>\n<p>Mais avant de se battre contre les troupes d\u2019occupation fran\u00e7aises, ce chef de bande terrorisait les campagnes environnantes. Sa t\u00eate avait m\u00eame \u00e9t\u00e9 mise \u00e0 prix par les autorit\u00e9s de Naples car il \u00e9tait consid\u00e9r\u00e9 comme un dangereux bandit.<\/p>\n<p>\u00c0 partir de 1799, avec l\u2019arriv\u00e9e des Fran\u00e7ais sur le territoire de Naples, le pouvoir en place d\u00e9cida de s\u2019en servir contre l\u2019envahisseur.<\/p>\n<p>Un officier nanc\u00e9ien l&rsquo;a arr\u00eat\u00e9<\/p>\n<p>\u00c0 ce titre, Fra Diavolo fut nomm\u00e9 colonel. Ses actions de gu\u00e9rilla furent tr\u00e8s efficaces mais n\u2019emp\u00each\u00e8rent pas la prise de Naples par les Fran\u00e7ais. Le chef insurg\u00e9 fut fait prisonnier par les Fran\u00e7ais et pendu \u00e0 Naples le 11\u00a0novembre 1806.<\/p>\n<p>Victor Hugo raconte que c\u2019est sous les ordres <a href=\"https:\/\/www.estrepublicain.fr\/est-magazine\/2014\/04\/06\/mon-pere\" target=\"_blank\" rel=\"noopener\">de son p\u00e8re qui \u00e9tait alors lieutenant-colonel<\/a> qu\u2019un officier d\u2019origine nanc\u00e9ienne proc\u00e9da \u00e0 son arrestation. Son poignard fut confisqu\u00e9 et plus tard offert au Mus\u00e9e lorrain par l\u2019officier qui l\u2019avait arr\u00eat\u00e9.<\/p>\n<p>Aujourd\u2019hui le nom de Fra Diavolo n\u2019\u00e9voque plus rien dans la m\u00e9moire collective, mais au XIX e \u00a0si\u00e8cle, son histoire de bandit patriote \u00e9tait connue de tous. C\u2019est ainsi que sa vie aventureuse a inspir\u00e9 des \u00e9crivains comme Alexandre Dumas avec son Chevalier de Sainte-Hermine , \u0153uvre inachev\u00e9e parue en feuilletons, ou Washington Irving qui \u00e9crivit L\u2019Auberge de Terracina.<\/p>\n<p>Un op\u00e9ra tr\u00e8s c\u00e9l\u00e8bre<\/p>\n<p>Un compositeur, aujourd\u2019hui relativement oubli\u00e9 mais extr\u00eamement populaire au milieu du XIX e \u00a0si\u00e8cle, Daniel Auber composa l\u2019une de ses \u0153uvres la plus c\u00e9l\u00e8bre, l\u2019op\u00e9ra Fra Diavolo qui fut jou\u00e9 \u00e0 Paris pour la premi\u00e8re fois en 1830 et repr\u00e9sent\u00e9 plus de 900 fois\u00a0!<\/p>\n<p>\u00c0 Naples le souvenir de Fra Diavolo est toujours bien vivant, honor\u00e9 par une statue, exemple du courageux patriote luttant contre l\u2019envahisseur fran\u00e7ais.<\/p>\n","protected":false},"excerpt":{"rendered":"Voil\u00e0 un poignard\u00a0\u00e0 l\u2019histoire bien \u00e9tonnante, un objet conserv\u00e9 dans les r\u00e9serves du Mus\u00e9e lorrain, \u00e0 Nancy. Il&hellip;\n","protected":false},"author":2,"featured_media":140907,"comment_status":"","ping_status":"","sticky":false,"template":"","format":"standard","meta":{"footnotes":""},"categories":[9635],"tags":[1111,11,1687,1707,1704,1706,1705,1777,674,1011,27,775,1702,1703,12,2661,25],"class_list":{"0":"post-140906","1":"post","2":"type-post","3":"status-publish","4":"format-standard","5":"has-post-thumbnail","7":"category-nancy","8":"tag-actu","9":"tag-actualites","10":"tag-culture-loisirs","11":"tag-edition-luneville","12":"tag-edition-nancy-et-agglomeration","13":"tag-edition-pont-a-mousson","14":"tag-edition-toul","15":"tag-eu","16":"tag-europe","17":"tag-fr","18":"tag-france","19":"tag-grand-est","20":"tag-nancy","21":"tag-nancy-ville-54b","22":"tag-news","23":"tag-patrimoine-culturel","24":"tag-republique-francaise"},"share_on_mastodon":{"url":"https:\/\/pubeurope.com\/@fr\/114600762800496973","error":""},"_links":{"self":[{"href":"https:\/\/www.europesays.com\/fr\/wp-json\/wp\/v2\/posts\/140906","targetHints":{"allow":["GET"]}}],"collection":[{"href":"https:\/\/www.europesays.com\/fr\/wp-json\/wp\/v2\/posts"}],"about":[{"href":"https:\/\/www.europesays.com\/fr\/wp-json\/wp\/v2\/types\/post"}],"author":[{"embeddable":true,"href":"https:\/\/www.europesays.com\/fr\/wp-json\/wp\/v2\/users\/2"}],"replies":[{"embeddable":true,"href":"https:\/\/www.europesays.com\/fr\/wp-json\/wp\/v2\/comments?post=140906"}],"version-history":[{"count":0,"href":"https:\/\/www.europesays.com\/fr\/wp-json\/wp\/v2\/posts\/140906\/revisions"}],"wp:featuredmedia":[{"embeddable":true,"href":"https:\/\/www.europesays.com\/fr\/wp-json\/wp\/v2\/media\/140907"}],"wp:attachment":[{"href":"https:\/\/www.europesays.com\/fr\/wp-json\/wp\/v2\/media?parent=140906"}],"wp:term":[{"taxonomy":"category","embeddable":true,"href":"https:\/\/www.europesays.com\/fr\/wp-json\/wp\/v2\/categories?post=140906"},{"taxonomy":"post_tag","embeddable":true,"href":"https:\/\/www.europesays.com\/fr\/wp-json\/wp\/v2\/tags?post=140906"}],"curies":[{"name":"wp","href":"https:\/\/api.w.org\/{rel}","templated":true}]}}