{"id":140921,"date":"2025-05-31T05:27:08","date_gmt":"2025-05-31T05:27:08","guid":{"rendered":"https:\/\/www.europesays.com\/fr\/140921\/"},"modified":"2025-05-31T05:27:08","modified_gmt":"2025-05-31T05:27:08","slug":"grenoble-ce-commerce-quitte-neyrpic-et-prend-une-decision-surprenante-ca-peut-marcher","status":"publish","type":"post","link":"https:\/\/www.europesays.com\/fr\/140921\/","title":{"rendered":"Grenoble. Ce commerce quitte Neyrpic et prend une d\u00e9cision surprenante : \u00ab\u00a0\u00c7a peut marcher\u00a0\u00bb"},"content":{"rendered":"<p>            Par<br \/>\n        <strong><br \/>\n            <a href=\"https:\/\/actu.fr\/auteur\/julien-sournies\" title=\"Consulter tous les articles de Julien Sournies\" rel=\"nofollow noopener\" target=\"_blank\">Julien Sournies<\/a><br \/>\n        <\/strong><\/p>\n<p>        Publi\u00e9 le<\/p>\n<p>            31 mai 2025 \u00e0 6h18        <\/p>\n<p>C\u2019est une d\u00e9cision pour le moins \u00e9tonnante au regard de la sant\u00e9 \u00e9conomique du centre-ville de <a href=\"https:\/\/actu.fr\/grenoble\/\" rel=\"nofollow noopener\" target=\"_blank\">Grenoble<\/a> (<a href=\"https:\/\/actu.fr\/auvergne-rhone-alpes\/isere_38\" rel=\"nofollow noopener\" target=\"_blank\">Is\u00e8re<\/a>). Malgr\u00e9 l\u2019accumulation de <a href=\"https:\/\/actu.fr\/auvergne-rhone-alpes\/grenoble_38185\/grenoble-les-commerces-disparaissent-en-centre-ville-c-est-devenu-une-horreur_62393939.html\" rel=\"nofollow noopener\" target=\"_blank\">nombreuses cellules commerciales vides<\/a> depuis plusieurs ann\u00e9es, l\u2019entreprise grenobloise <a href=\"https:\/\/www.novemlab.co\/?srsltid=AfmBOooeF8hMHrNU_QXu9czCB117iI-iWVErf1DPFi3MijwejA10aQi-\" rel=\"nofollow noopener\" target=\"_blank\">Nov\u00ebm<\/a>, sp\u00e9cialis\u00e9e dans la vente de cosm\u00e9tiques naturels \u00e0 base de noix de Grenoble AOP, a choisi de <strong>troquer son kiosque<\/strong> du centre commercial <a href=\"https:\/\/actu.fr\/auvergne-rhone-alpes\/saint-martin-d-heres_38421\/grenoble-un-nouveau-restaurant-ouvre-ce-mercredi-au-centre-commercial-neyrpic_62508127.html\" rel=\"nofollow noopener\" target=\"_blank\">Neyrpic<\/a> pour un local en plein c\u0153ur de la capitale des Alpes.<br \/>Contact\u00e9e par actu Grenoble, Maegan Rocca, fondatrice de Nov\u00ebm, a d\u00e9taill\u00e9 les raisons de cette volont\u00e9 de quitter le centre commercial du moment pour rejoindre <a href=\"https:\/\/actu.fr\/auvergne-rhone-alpes\/grenoble_38185\/grenoble-le-centre-ville-s-effondre-neyrpic-rue-pietonne-les-commercants-inquiets_61751717.html\" rel=\"nofollow noopener\" target=\"_blank\">un centre-ville qui \u00ab\u2009s\u2019effondre\u2009\u00bb<\/a> \u00e0 vue d\u2019\u0153il.<\/p>\n<p>Un loyer \u00e9lev\u00e9 pour un espace trop petit<\/p>\n<p class=\" wall-content\">Pourtant, les premiers mois du c\u00f4t\u00e9 de Neyrpic ont \u00e9t\u00e9 plut\u00f4t <strong>concluants<\/strong> sur le plan financier pour cette jeune entreprise, fond\u00e9e il y a tout juste deux ans et qui op\u00e9rait exclusivement en ligne jusqu\u2019alors. \u00ab\u2009On est en phase avec ce qu\u2019on avait imagin\u00e9 au d\u00e9part, c\u2019est tr\u00e8s positif pour une premi\u00e8re\u2009\u00bb, confie Maegan Rocca.<\/p>\n<p class=\" wall-content\"><a href=\"https:\/\/www.instagram.com\/p\/DKPm7MbCz28\/embed\" title=\"Ouvrir le lien sur Instagram\" rel=\"nofollow noopener\" target=\"_blank\">Visualiser le contenu sur Instagram<\/a><\/p>\n<p class=\" wall-content\">Mais la boutique grenobloise, install\u00e9e dans le centre commercial depuis son ouverture en octobre\u00a02024, veut <strong>renforcer son offre<\/strong>. \u00ab\u2009M\u00eame si on s\u2019est trouv\u00e9 de nouveaux clients, nous avons besoin d\u2019un local plus grand. \u00c0 ce jour, nous n\u2019avons que 14\u00a0m2 en int\u00e9rieur et 8\u00a0m2 de terrasse. Maintenant, nous cherchons un local d\u2019une surface de 60 \u00e0 100m2\u2009\u00bb, indique la fondatrice.<\/p>\n<p class=\" wall-content\">Outre une superficie jug\u00e9e trop petite, \u00ab\u2009le prix du loyer est aussi beaucoup trop <strong>\u00e9lev\u00e9<\/strong> pour un si petit espace. On a besoin de se d\u00e9velopper\u2009\u00bb, ajoute Maegan Rocca. De surcro\u00eet, les horaires sont \u00e9galement difficilement supportables pour ce petit commerce.<\/p>\n<blockquote class=\"ac-article-quote wall-content\">\n<p>Il faut savoir qu&rsquo;on est oblig\u00e9s de s&rsquo;adapter aux horaires de Neyrpic. C&rsquo;est vraiment compliqu\u00e9 de tout g\u00e9rer quand nous sommes que trois et qu&rsquo;on bosse 10 heures par jour 6j\/7.<\/p>\n<p>    <strong>Maegan Rocca<\/strong><br \/>\n        Fondatrice de Novem    <\/p><\/blockquote>\n<p>\u00ab\u2009De nombreux commer\u00e7ants nous ont rassur\u00e9s sur l\u2019\u00e9tat du centre-ville\u2009\u00bb<\/p>\n<p class=\" wall-content\">De fait, le choix de d\u00e9m\u00e9nager s\u2019est rapidement <strong>impos\u00e9<\/strong> et celui-ci s\u2019est \u00ab\u2009logiquement port\u00e9 sur le centre-ville. M\u00eame si je suis consciente des difficult\u00e9s, nous sommes Grenoblois et on soutient les commerces du centre-ville\u2009\u00bb, annonce Maegan Rocca.<\/p>\n<p class=\" wall-content\">D\u2019autant que la fondatrice de Nov\u00ebm se dit persuad\u00e9e que son concept \u00ab\u2009peut marcher\u2009\u00bb car \u00ab\u2009malgr\u00e9 tout ce que les gens disent, de nombreux commer\u00e7ants nous ont rassur\u00e9s sur l\u2019\u00e9tat du centre-ville. J\u2019y suis all\u00e9 derni\u00e8rement et les rues sont remplies et les gens continuent de d\u00e9penser\u2009\u00bb.<\/p>\n<p>Une ouverture esp\u00e9r\u00e9e en septembre<\/p>\n<p class=\" wall-content\">Si nombre de commer\u00e7ants ont \u00e9t\u00e9 contraints de mettre la cl\u00e9 sous la porte ces derni\u00e8res ann\u00e9es, Maegan Rocca estime que ce sont plut\u00f4t les \u00ab\u2009grosses marques qui font faillite car elles souffrent d\u2019une concurrence importante en ligne\u2009\u00bb.<\/p>\n<p class=\" wall-content\">Alors que la boutique va <strong>d\u00e9finitivement fermer ses portes<\/strong> \u00e0 Neyrpic ce samedi 31\u00a0mai, Nov\u00ebm n\u2019a toujours pas trouv\u00e9 de point de chute en centre-ville. Pas de quoi d\u00e9courager sa fondatrice pour autant. \u00ab\u2009On continue les recherches. D\u2019ici qu\u2019on trouve un local, on continuera de proc\u00e9der comme on le faisait avant. Mais l\u2019objectif est clair, c\u2019est d\u2019ouvrir en septembre.\u2009\u00bb<\/p>\n<p class=\" wall-content\">En attendant, Nov\u00ebm posera ses quartiers le temps d\u2019une semaine aux Galeries Lafayette courant juillet.<\/p>\n<p class=\" wall-content\">Suivez toute l\u2019actualit\u00e9 de vos villes et m\u00e9dias favoris en vous inscrivant \u00e0 <a href=\"https:\/\/moncompte.actu.fr\" title=\"D\u00e9couvez Mon Actu\" rel=\"nofollow noopener\" data-trk=\"{&quot;cta&quot;:{&quot;action&quot;:&quot;https:\\\/\\\/moncompte.actu.fr&quot;,&quot;category&quot;:&quot;mon compte&quot;,&quot;from&quot;:&quot;article footer&quot;,&quot;name&quot;:&quot;Mon actu&quot;,&quot;type&quot;:&quot;cta&quot;}}\" target=\"_blank\">Mon Actu<\/a>.<\/p>\n<p>                    <script async src=\"\/\/www.instagram.com\/embed.js\"><\/script><\/p>\n","protected":false},"excerpt":{"rendered":"Par Julien Sournies Publi\u00e9 le 31 mai 2025 \u00e0 6h18 C\u2019est une d\u00e9cision pour le moins \u00e9tonnante au&hellip;\n","protected":false},"author":2,"featured_media":140922,"comment_status":"","ping_status":"","sticky":false,"template":"","format":"standard","meta":{"footnotes":""},"categories":[9566],"tags":[1111,11,2430,215,1777,674,1011,27,2731,12,25,104],"class_list":{"0":"post-140921","1":"post","2":"type-post","3":"status-publish","4":"format-standard","5":"has-post-thumbnail","7":"category-grenoble","8":"tag-actu","9":"tag-actualites","10":"tag-auvergne-rhone-alpes","11":"tag-commerce","12":"tag-eu","13":"tag-europe","14":"tag-fr","15":"tag-france","16":"tag-grenoble","17":"tag-news","18":"tag-republique-francaise","19":"tag-societe"},"share_on_mastodon":{"url":"https:\/\/pubeurope.com\/@fr\/114600794282963793","error":""},"_links":{"self":[{"href":"https:\/\/www.europesays.com\/fr\/wp-json\/wp\/v2\/posts\/140921","targetHints":{"allow":["GET"]}}],"collection":[{"href":"https:\/\/www.europesays.com\/fr\/wp-json\/wp\/v2\/posts"}],"about":[{"href":"https:\/\/www.europesays.com\/fr\/wp-json\/wp\/v2\/types\/post"}],"author":[{"embeddable":true,"href":"https:\/\/www.europesays.com\/fr\/wp-json\/wp\/v2\/users\/2"}],"replies":[{"embeddable":true,"href":"https:\/\/www.europesays.com\/fr\/wp-json\/wp\/v2\/comments?post=140921"}],"version-history":[{"count":0,"href":"https:\/\/www.europesays.com\/fr\/wp-json\/wp\/v2\/posts\/140921\/revisions"}],"wp:featuredmedia":[{"embeddable":true,"href":"https:\/\/www.europesays.com\/fr\/wp-json\/wp\/v2\/media\/140922"}],"wp:attachment":[{"href":"https:\/\/www.europesays.com\/fr\/wp-json\/wp\/v2\/media?parent=140921"}],"wp:term":[{"taxonomy":"category","embeddable":true,"href":"https:\/\/www.europesays.com\/fr\/wp-json\/wp\/v2\/categories?post=140921"},{"taxonomy":"post_tag","embeddable":true,"href":"https:\/\/www.europesays.com\/fr\/wp-json\/wp\/v2\/tags?post=140921"}],"curies":[{"name":"wp","href":"https:\/\/api.w.org\/{rel}","templated":true}]}}