{"id":140923,"date":"2025-05-31T05:28:17","date_gmt":"2025-05-31T05:28:17","guid":{"rendered":"https:\/\/www.europesays.com\/fr\/140923\/"},"modified":"2025-05-31T05:28:17","modified_gmt":"2025-05-31T05:28:17","slug":"rugby-exploit-de-montauban-qui-domine-brive-et-rejoint-grenoble-en-finale-de-pro-d2-sport","status":"publish","type":"post","link":"https:\/\/www.europesays.com\/fr\/140923\/","title":{"rendered":"Rugby. Exploit de Montauban qui domine Brive et rejoint Grenoble en finale de Pro D2 . Sport"},"content":{"rendered":"<p>Montauban, 6e de la phase r\u00e9guli\u00e8re, a cr\u00e9\u00e9 la sensation vendredi en s\u2019imposant \u00e0 Brive (29-13) pour se hisser en finale de Pro D2\u00a0o\u00f9 il affrontera Grenoble dans huit jours \u00e0 Toulouse pour une place en Top 14.<\/p>\n<p><a href=\"https:\/\/brive.maville.com\/sport\/detail_-rugby.-pro-d2-montauban-renverse-colomiers-et-defiera-brive-en-demi-finale-_54135-6822121_actu.Htm\" target=\"_self\" rel=\"noopener\">D\u00e9j\u00e0 vainqueurs \u00e0 Colomiers en barrage (23-20),<\/a> les co\u00e9quipiers de J\u00e9r\u00f4me Bosviel ont donc r\u00e9cidiv\u00e9, cette fois au Stadium, mettant fin aux r\u00eaves des Corr\u00e9ziens pass\u00e9s \u00e0 c\u00f4t\u00e9 de ce rendez-vous crucial pour leur avenir qu\u2019ils voyaient \u00e0 l\u2019\u00e9tage sup\u00e9rieur.<\/p>\n<p>Mieux rentr\u00e9s dans cette demi-finale, les Montalbanais ont profit\u00e9 des nombreuses maladresses brivistes pour prendre les devants avec un gros r\u00e9alisme offensif notamment sur leur premier essai sign\u00e9 Reilhac (13\u2019) avec un ballon pouss\u00e9 deux fois au pied jusqu\u2019\u00e0 l\u2019en-but.<\/p>\n<p>Malgr\u00e9 une plus grosse puissance devant, les Coujoux ne sont pas parvenus \u00e0 remonter leur handicap initial, se faisant coffrer deux ballons port\u00e9s coup sur coup avant la pause siffl\u00e9e en faveur des visiteurs (13-3).<\/p>\n<p>A la reprise, la rentr\u00e9e du bomb squad local et ses sept avants, a redonn\u00e9 l\u2019espoir car sur la phase de jeu suivante, le group\u00e9 a fini derri\u00e8re la ligne (10-16, 48\u2019).<\/p>\n<p><strong>Lire aussi\u00a0:<\/strong> <a href=\"https:\/\/vannes.maville.com\/sport\/detail_-sondage.-croyez-vous-encore-au-maintien-du-rc-vannes-en-top-14-donnez-votre-avis-_12-6817767_actu.Htm\" target=\"_self\" rel=\"noopener\">SONDAGE. Croyez-vous encore au maintien du RC Vannes en Top 14\u00a0? Donnez votre avis\u00a0!<\/a><\/p>\n<p>La conqu\u00eate en m\u00eal\u00e9e a aussi fait mal aux Vert et Blanc, fautifs et punis par une p\u00e9nalit\u00e9 de Bosch (54) mais Bosviel, quasiment sur le renvoi, a rappel\u00e9 qu\u2019il \u00e9tait un m\u00e9tronome hors pair en claquant un drop de 45\u00a0m\u00e8tres.<\/p>\n<p>Dominant, le CAB s\u2019est alors heurt\u00e9 \u00e0 une d\u00e9fense d\u00e9termin\u00e9e avant de se faire transpercer une deuxi\u00e8me fois sur une action \u00e0 nouveau confuse avec ballon mal n\u00e9goci\u00e9 sauf par Jackson plus prompt pour aplatir (69\u2019) et tuer quasiment tout suspense. Une p\u00e9nalit\u00e9 de Fortunel a ent\u00e9rin\u00e9 la victoire finale des visiteurs quelques minutes apr\u00e8s.<\/p>\n<p>\u00a0<\/p>\n","protected":false},"excerpt":{"rendered":"Montauban, 6e de la phase r\u00e9guli\u00e8re, a cr\u00e9\u00e9 la sensation vendredi en s\u2019imposant \u00e0 Brive (29-13) pour se&hellip;\n","protected":false},"author":2,"featured_media":140924,"comment_status":"","ping_status":"","sticky":false,"template":"","format":"standard","meta":{"footnotes":""},"categories":[9566],"tags":[1111,11,1438,2063,2430,1777,674,1011,27,2731,1922,1393,2487,12,1404,25,2923,4251,853],"class_list":{"0":"post-140923","1":"post","2":"type-post","3":"status-publish","4":"format-standard","5":"has-post-thumbnail","7":"category-grenoble","8":"tag-actu","9":"tag-actualites","10":"tag-angers","11":"tag-annonces","12":"tag-auvergne-rhone-alpes","13":"tag-eu","14":"tag-europe","15":"tag-fr","16":"tag-france","17":"tag-grenoble","18":"tag-info","19":"tag-loisirs","20":"tag-meteo","21":"tag-news","22":"tag-quotidien","23":"tag-republique-francaise","24":"tag-restaurants","25":"tag-sortir","26":"tag-spectacles"},"share_on_mastodon":{"url":"https:\/\/pubeurope.com\/@fr\/114600798007155961","error":""},"_links":{"self":[{"href":"https:\/\/www.europesays.com\/fr\/wp-json\/wp\/v2\/posts\/140923","targetHints":{"allow":["GET"]}}],"collection":[{"href":"https:\/\/www.europesays.com\/fr\/wp-json\/wp\/v2\/posts"}],"about":[{"href":"https:\/\/www.europesays.com\/fr\/wp-json\/wp\/v2\/types\/post"}],"author":[{"embeddable":true,"href":"https:\/\/www.europesays.com\/fr\/wp-json\/wp\/v2\/users\/2"}],"replies":[{"embeddable":true,"href":"https:\/\/www.europesays.com\/fr\/wp-json\/wp\/v2\/comments?post=140923"}],"version-history":[{"count":0,"href":"https:\/\/www.europesays.com\/fr\/wp-json\/wp\/v2\/posts\/140923\/revisions"}],"wp:featuredmedia":[{"embeddable":true,"href":"https:\/\/www.europesays.com\/fr\/wp-json\/wp\/v2\/media\/140924"}],"wp:attachment":[{"href":"https:\/\/www.europesays.com\/fr\/wp-json\/wp\/v2\/media?parent=140923"}],"wp:term":[{"taxonomy":"category","embeddable":true,"href":"https:\/\/www.europesays.com\/fr\/wp-json\/wp\/v2\/categories?post=140923"},{"taxonomy":"post_tag","embeddable":true,"href":"https:\/\/www.europesays.com\/fr\/wp-json\/wp\/v2\/tags?post=140923"}],"curies":[{"name":"wp","href":"https:\/\/api.w.org\/{rel}","templated":true}]}}