{"id":140931,"date":"2025-05-31T05:33:10","date_gmt":"2025-05-31T05:33:10","guid":{"rendered":"https:\/\/www.europesays.com\/fr\/140931\/"},"modified":"2025-05-31T05:33:10","modified_gmt":"2025-05-31T05:33:10","slug":"pourquoi-des-militants-de-greenpeace-places-en-garde-a-vue-mercredi-a-nice-nont-pas-eu-acces-a-leur-avocat","status":"publish","type":"post","link":"https:\/\/www.europesays.com\/fr\/140931\/","title":{"rendered":"Pourquoi des militants de Greenpeace, plac\u00e9s en garde \u00e0 vue mercredi \u00e0 Nice, n\u2019ont pas eu acc\u00e8s \u00e0 leur avocat?"},"content":{"rendered":"<p>Depuis deux semaines, des militants de Greenpeace m\u00e8nent \u00e0 Nice des actions de protestation pour d\u00e9fendre la protection des oc\u00e9ans: du collage \u00ab\u00a0\u00e0 l\u2019aide de colle \u00e0 la farine \u00a0\u00bb et des tags \u00ab\u00a0poch\u00e9s \u00e0 la craie \u00ab\u00a0, pour ne pas d\u00e9grader l\u2019environnement.<\/p>\n<p>Mercredi, alors qu\u2019ils terminaient une action dans le quartier Lib\u00e9ration \u00e0 Nice, <a href=\"https:\/\/www.nicematin.com\/faits-divers\/quatre-militants-de-greenpeace-en-garde-a-vue-a-la-caserne-auvare-987954\" rel=\"nofollow noopener\" target=\"_blank\"><strong>cinq d\u2019entre eux ont \u00e9t\u00e9 interpell\u00e9s et plac\u00e9s en garde \u00e0 vue<\/strong><\/a> \u00ab\u00a0pour des faits de d\u00e9gradations de biens en r\u00e9union \u00ab\u00a0, selon le procureur de la R\u00e9publique de Nice.<\/p>\n<p>Seule ombre \u00e0 la proc\u00e9dure habituelle et r\u00e9glementaire dans ce cas: leur avocate, <a href=\"https:\/\/www.nicematin.com\/faits-divers\/nice-liberes-les-militants-de-greenpeace-devront-payer-une-amende-987971\" rel=\"nofollow noopener\" target=\"_blank\">Me Marie Dos\u00e9, n\u2019a pas \u00e9t\u00e9 pr\u00e9venue.<\/a> Son num\u00e9ro avait pourtant \u00e9t\u00e9 transmis aux policiers, selon Philippe, un des militants interpell\u00e9s. Mais l\u2019avocate assure n\u2019avoir jamais \u00e9t\u00e9 contact\u00e9e.<\/p>\n<p>Une information confirm\u00e9e par le parquet, qui invoque une \u00ab\u00a0erreur de num\u00e9ro \u00ab\u00a0. <strong>Selon Marie Dos\u00e9, le cabinet du procureur aurait reconnu jeudi que les policiers se seraient tromp\u00e9s en composant le num\u00e9ro.<\/strong><\/p>\n<p><strong>\u00ab\u00a0Une r\u00e9pression in\u00e9dite\u00a0\u00bb<\/strong><\/p>\n<p>\u00c0 la caserne Auvare, les militants ont \u00e9t\u00e9 plac\u00e9s en cellule. \u00ab\u00a0Pour dormir, nous avions des petits matelas sur des dalles de b\u00e9ton, et pas suffisamment de couvertures pour tout le monde\u00a0\u00bb, t\u00e9moigne Philippe. Le lendemain, ils ont \u00e9t\u00e9 soumis \u00e0 un interrogatoire individuel. Parall\u00e8lement, les domiciles de quatre militants ont \u00e9t\u00e9 perquisitionn\u00e9s, certains ayant \u00e9t\u00e9 menott\u00e9s pour s\u2019y rendre. \u00ab\u00a0Chez moi, ils ont saisi une carte SD et pris en photo quelques documents de formation interne de Greenpeace \u00ab\u00a0, pr\u00e9cise Philippe. <strong>La garde \u00e0 vue s\u2019est termin\u00e9e vingt heures plus tard.<\/strong><\/p>\n<p>\u00ab\u00a0Une telle r\u00e9pression, c\u2019est in\u00e9dit pour Greenpeace \u00e0 Nice. Nous sommes non violents, militons pour la protection des oc\u00e9ans et finissons trait\u00e9s comme des malfrats \u00ab\u00a0, d\u00e9nonce Philippe, qui s\u2019accorde avec plusieurs militants pour parler d\u2019 \u00ab\u00a0intimidation \u00ab\u00a0.<\/p>\n<p>Le parquet a d\u00e9cid\u00e9 de classer l\u2019affaire \u00ab\u00a0sous condition de versement d\u2019une contribution citoyenne et indemnisation de la mairie \u00ab\u00a0, informe le cabinet du procureur. Les cinq militants sont convoqu\u00e9s fin juin pour conna\u00eetre leur peine. De son c\u00f4t\u00e9, la Ville de Nice confirme avoir d\u00e9pos\u00e9 plainte jeudi. Elle a relev\u00e9 des \u00ab\u00a0d\u00e9gradations sur du mobilier urbain et des fa\u00e7ades, pour un co\u00fbt de r\u00e9paration estim\u00e9e \u00e0 1.548 euros.\u00a0\u00bb<\/p>\n<p>\u00a0<\/p>\n<p>              <img ci-src=\"https:\/\/www.nicematin.com\/vie-locale\/protec\/DATA_ART_15625780-vusqKof5.jpg?vh=ac3ed9&amp;ci_seal=52d00c66b9\" alt=\"\"\/><\/p>\n","protected":false},"excerpt":{"rendered":"Depuis deux semaines, des militants de Greenpeace m\u00e8nent \u00e0 Nice des actions de protestation pour d\u00e9fendre la protection&hellip;\n","protected":false},"author":2,"featured_media":140932,"comment_status":"","ping_status":"","sticky":false,"template":"","format":"standard","meta":{"footnotes":""},"categories":[2819],"tags":[1111,11,1777,674,1011,27,12,2401,882,25,3366],"class_list":{"0":"post-140931","1":"post","2":"type-post","3":"status-publish","4":"format-standard","5":"has-post-thumbnail","7":"category-nice","8":"tag-actu","9":"tag-actualites","10":"tag-eu","11":"tag-europe","12":"tag-fr","13":"tag-france","14":"tag-news","15":"tag-nice","16":"tag-provence-alpes-cote-dazur","17":"tag-republique-francaise","18":"tag-vie-locale"},"share_on_mastodon":{"url":"https:\/\/pubeurope.com\/@fr\/114600817693031237","error":""},"_links":{"self":[{"href":"https:\/\/www.europesays.com\/fr\/wp-json\/wp\/v2\/posts\/140931","targetHints":{"allow":["GET"]}}],"collection":[{"href":"https:\/\/www.europesays.com\/fr\/wp-json\/wp\/v2\/posts"}],"about":[{"href":"https:\/\/www.europesays.com\/fr\/wp-json\/wp\/v2\/types\/post"}],"author":[{"embeddable":true,"href":"https:\/\/www.europesays.com\/fr\/wp-json\/wp\/v2\/users\/2"}],"replies":[{"embeddable":true,"href":"https:\/\/www.europesays.com\/fr\/wp-json\/wp\/v2\/comments?post=140931"}],"version-history":[{"count":0,"href":"https:\/\/www.europesays.com\/fr\/wp-json\/wp\/v2\/posts\/140931\/revisions"}],"wp:featuredmedia":[{"embeddable":true,"href":"https:\/\/www.europesays.com\/fr\/wp-json\/wp\/v2\/media\/140932"}],"wp:attachment":[{"href":"https:\/\/www.europesays.com\/fr\/wp-json\/wp\/v2\/media?parent=140931"}],"wp:term":[{"taxonomy":"category","embeddable":true,"href":"https:\/\/www.europesays.com\/fr\/wp-json\/wp\/v2\/categories?post=140931"},{"taxonomy":"post_tag","embeddable":true,"href":"https:\/\/www.europesays.com\/fr\/wp-json\/wp\/v2\/tags?post=140931"}],"curies":[{"name":"wp","href":"https:\/\/api.w.org\/{rel}","templated":true}]}}