{"id":140933,"date":"2025-05-31T05:34:09","date_gmt":"2025-05-31T05:34:09","guid":{"rendered":"https:\/\/www.europesays.com\/fr\/140933\/"},"modified":"2025-05-31T05:34:09","modified_gmt":"2025-05-31T05:34:09","slug":"nice-on-sait-enfin-ce-que-va-devenir-ce-lieu-emblematique-laisse-a-labandon","status":"publish","type":"post","link":"https:\/\/www.europesays.com\/fr\/140933\/","title":{"rendered":"Nice. On sait enfin ce que va devenir ce lieu embl\u00e9matique, laiss\u00e9 \u00e0 l&rsquo;abandon"},"content":{"rendered":"<p>            Par<br \/>\n        <strong><br \/>\n            <a href=\"https:\/\/actu.fr\/auteur\/manon-reinhardt\" title=\"Consulter tous les articles de Manon Reinhardt\" rel=\"nofollow noopener\" target=\"_blank\">Manon Reinhardt<\/a><br \/>\n        <\/strong><\/p>\n<p>        Publi\u00e9 le<\/p>\n<p>            31 mai 2025 \u00e0 7h12        <\/p>\n<p>C\u2019est un lieu magique \u00e0 deux pas de la ville. La cascade de Gairaut, nich\u00e9e au nord de <a href=\"https:\/\/actu.fr\/provence-alpes-cote-d-azur\/nice_06088\" rel=\"nofollow noopener\" target=\"_blank\">Nice<\/a> (<a href=\"https:\/\/actu.fr\/provence-alpes-cote-d-azur\/alpes-maritimes_06\" rel=\"nofollow noopener\" target=\"_blank\">Alpes-Maritimes<\/a>), fait partie du patrimoine local. Mais depuis plusieurs ann\u00e9es, sa maison, qui \u00e9tait autrefois celle du gardien, n\u2019est plus entretenue et semble \u00e0 l\u2019abandon.<\/p>\n<p class=\" wall-content\">Ce vendredi 23\u00a0mai 2025, le conseil municipal a\u00a0vot\u00e9 pour <strong>la requalification du site<\/strong> et des travaux vont \u00eatre lanc\u00e9s d\u00e8s d\u00e9but juin. Une demande de longue date du comit\u00e9 de quartier. Voici ce qu\u2019il va devenir.<\/p>\n<p>Des \u00ab\u2009interventions\u2009\u00bb d\u00e9but juin<\/p>\n<p class=\" wall-content\"><a href=\"https:\/\/actu.fr\/provence-alpes-cote-d-azur\/nice_06088\/nice-que-va-devenir-l-emblmatique-maison-de-la-cascade-de-gairaut_59372131.html\" rel=\"nofollow noopener\" target=\"_blank\">Certains Ni\u00e7ois s\u2019inqui\u00e9taient<\/a> du sort de cette mythique cascade. Une p\u00e9tition avait m\u00eame \u00e9t\u00e9 lanc\u00e9e. Apr\u00e8s une longue concertation avec le comit\u00e9 de quartier, le conseil municipal a enfin tranch\u00e9\u2009: la cascade de Gairaut et la fameuse maison du gardien, tr\u00e8s d\u00e9grad\u00e9e, vont pouvoir \u00eatre r\u00e9nov\u00e9s.<\/p>\n<p class=\" wall-content\">En effet, une d\u00e9lib\u00e9ration a approuv\u00e9<strong> le transfert de la gestion des terrains du canal<\/strong> de Gairaut \u00e0 la M\u00e9tropole Nice C\u00f4te d\u2019Azur et \u00e0 sa r\u00e9gie Eau et assainissement. Le point de d\u00e9part d\u2019une r\u00e9habilitation afin de \u00ab\u2009pr\u00e9server et valoriser ce patrimoine historique\u2009\u00bb.<\/p>\n<blockquote class=\"ac-article-quote wall-content\">\n<p>\u00c0 la suite de ce transfert, des interventions concr\u00e8tes vont d\u00e9buter d\u00e8s le d\u00e9but du mois de juin. Des travaux d\u2019\u00e9tanch\u00e9it\u00e9 seront men\u00e9s sur plusieurs tron\u00e7ons du Canal de Gairaut en vue d\u2019une remise en service au cours de l\u2019\u00e9t\u00e9. Parall\u00e8lement, la Maison du Gardien, chalet de style \u00e9clectique n\u00e9o-suisse \u00e0 influence ni\u00e7oise inscrit \u00e0 l\u2019inventaire des Monuments Historiques, fera l\u2019objet d\u2019une restauration soign\u00e9e de sa fa\u00e7ade.<\/p>\n<p>    <strong>M\u00e9tropole Nice C\u00f4te d&rsquo;Azur<\/strong>\n            <\/p><\/blockquote>\n<p>Un parcours p\u00e9dagogique d\u00e9di\u00e9 \u00e0 l\u2019eau<\/p>\n<p class=\" wall-content\">Michel Auda, pr\u00e9sident du comit\u00e9 de quartier, avait d\u2019ailleurs soumis l\u2019id\u00e9e que le site devienne \u00ab\u2009un mus\u00e9e de l\u2019eau\u2009\u00bb, comme il l\u2019avait confi\u00e9 \u00e0 <a href=\"https:\/\/actu.fr\/provence-alpes-cote-d-azur\/nice_06088\/a-nice-ce-site-a-l-abandon-doit-etre-renove-il-faut-un-projet-fort_60567659.html\" rel=\"nofollow noopener\" target=\"_blank\">actu Nice<\/a>\u00a0en janvier\u00a02024.<\/p>\n<p class=\" wall-content\">\u00ab\u2009Il faut <strong>un projet fort<\/strong>. Il faut que les gamins puissent prendre conscience de l\u2019usage de l\u2019eau au travers des traitements, des m\u00e9tiers de l\u2019environnement et de gestion. Il pourrait y avoir plusieurs th\u00e8mes dans ce mus\u00e9e\u2009\u00bb, sugg\u00e9rait-il. Et la proposition des habitants semble avoir \u00e9t\u00e9 suivie.<\/p>\n<p class=\" wall-content\">\u00ab\u2009Cette concertation, men\u00e9e avec les services techniques, a abouti \u00e0 la d\u00e9cision de cr\u00e9er un parcours p\u00e9dagogique. Install\u00e9 au cours de l\u2019\u00e9t\u00e9 autour de la Maison du Gardien et le long du canal, ce parcours sera jalonn\u00e9 <strong>de panneaux informatifs<\/strong> sur le cycle de l\u2019eau\u2009\u00bb, indique la Ville dans un communiqu\u00e9.<\/p>\n<p>\u00ab\u2009D\u00e9couvrir l\u2019histoire de ce site\u2009\u00bb<\/p>\n<p class=\" wall-content\">Une bonne nouvelle pour les amoureux de la cascade de Gairaut. Le site r\u00e9nov\u00e9 permettra\u00a0ainsi aux visiteurs \u00ab\u2009de d\u00e9couvrir l\u2019histoire remarquable de ce site, depuis le Canal de la\u00a0V\u00e9subie jusqu\u2019\u00e0 l\u2019usine de Super-Rimiez, o\u00f9 l\u2019eau brute est transform\u00e9e <strong>en eau potable<\/strong> pour l\u2019ensemble des Ni\u00e7ois\u2009\u00bb.<\/p>\n<p class=\" wall-content\">Aucun visuel de pr\u00e9sentation n\u2019a pour l\u2019instant \u00e9t\u00e9 communiqu\u00e9, ni de calendrier officiel.<\/p>\n<p class=\" wall-content\">Suivez toute l\u2019actualit\u00e9 de vos villes et m\u00e9dias favoris en vous inscrivant \u00e0 <a href=\"https:\/\/moncompte.actu.fr\" title=\"D\u00e9couvez Mon Actu\" rel=\"nofollow noopener\" data-trk=\"{&quot;cta&quot;:{&quot;action&quot;:&quot;https:\\\/\\\/moncompte.actu.fr&quot;,&quot;category&quot;:&quot;mon compte&quot;,&quot;from&quot;:&quot;article footer&quot;,&quot;name&quot;:&quot;Mon actu&quot;,&quot;type&quot;:&quot;cta&quot;}}\" target=\"_blank\">Mon Actu<\/a>.<\/p>\n","protected":false},"excerpt":{"rendered":"Par Manon Reinhardt Publi\u00e9 le 31 mai 2025 \u00e0 7h12 C\u2019est un lieu magique \u00e0 deux pas de&hellip;\n","protected":false},"author":2,"featured_media":140934,"comment_status":"","ping_status":"","sticky":false,"template":"","format":"standard","meta":{"footnotes":""},"categories":[2819],"tags":[1111,11,1777,674,1011,27,1652,12,2401,2551,882,25,2086],"class_list":{"0":"post-140933","1":"post","2":"type-post","3":"status-publish","4":"format-standard","5":"has-post-thumbnail","7":"category-nice","8":"tag-actu","9":"tag-actualites","10":"tag-eu","11":"tag-europe","12":"tag-fr","13":"tag-france","14":"tag-loisirs-culture","15":"tag-news","16":"tag-nice","17":"tag-patrimoine","18":"tag-provence-alpes-cote-dazur","19":"tag-republique-francaise","20":"tag-travaux"},"share_on_mastodon":{"url":"https:\/\/pubeurope.com\/@fr\/114600821578549694","error":""},"_links":{"self":[{"href":"https:\/\/www.europesays.com\/fr\/wp-json\/wp\/v2\/posts\/140933","targetHints":{"allow":["GET"]}}],"collection":[{"href":"https:\/\/www.europesays.com\/fr\/wp-json\/wp\/v2\/posts"}],"about":[{"href":"https:\/\/www.europesays.com\/fr\/wp-json\/wp\/v2\/types\/post"}],"author":[{"embeddable":true,"href":"https:\/\/www.europesays.com\/fr\/wp-json\/wp\/v2\/users\/2"}],"replies":[{"embeddable":true,"href":"https:\/\/www.europesays.com\/fr\/wp-json\/wp\/v2\/comments?post=140933"}],"version-history":[{"count":0,"href":"https:\/\/www.europesays.com\/fr\/wp-json\/wp\/v2\/posts\/140933\/revisions"}],"wp:featuredmedia":[{"embeddable":true,"href":"https:\/\/www.europesays.com\/fr\/wp-json\/wp\/v2\/media\/140934"}],"wp:attachment":[{"href":"https:\/\/www.europesays.com\/fr\/wp-json\/wp\/v2\/media?parent=140933"}],"wp:term":[{"taxonomy":"category","embeddable":true,"href":"https:\/\/www.europesays.com\/fr\/wp-json\/wp\/v2\/categories?post=140933"},{"taxonomy":"post_tag","embeddable":true,"href":"https:\/\/www.europesays.com\/fr\/wp-json\/wp\/v2\/tags?post=140933"}],"curies":[{"name":"wp","href":"https:\/\/api.w.org\/{rel}","templated":true}]}}