{"id":140954,"date":"2025-05-31T05:47:28","date_gmt":"2025-05-31T05:47:28","guid":{"rendered":"https:\/\/www.europesays.com\/fr\/140954\/"},"modified":"2025-05-31T05:47:28","modified_gmt":"2025-05-31T05:47:28","slug":"plus-tournes-vers-lile-de-france-que-la-loire-les-eureliens-parmi-les-francais-les-moins-attaches-a-leur-region","status":"publish","type":"post","link":"https:\/\/www.europesays.com\/fr\/140954\/","title":{"rendered":"Plus tourn\u00e9s vers l\u2019Ile-de-France que la Loire, les Eur\u00e9liens parmi les Fran\u00e7ais les moins attach\u00e9s \u00e0 leur r\u00e9gion"},"content":{"rendered":"<p class=\"paragraph text_align_left\">La troisi\u00e8me \u00e9dition du <a href=\"https:\/\/elabe.fr\/barometre-des-territoires-2025\/\" target=\"_blank\" rel=\"noopener\">barom\u00e8tre des territoires d\u2019Elabe<\/a> a livr\u00e9 ses r\u00e9sultats : seuls 57% des Centraises et des Centrais se disent attach\u00e9s \u00e0 leur r\u00e9gion et 43% des 800 personnes interrog\u00e9es dans cette enqu\u00eate (pour la seule r\u00e9gion Centre-Val de Loire, parmi les 10 000 Fran\u00e7ais interrog\u00e9s en ligne du 9 octobre au 5 novembre 2024) expriment leur pessimisme concernant l\u2019avenir de leur r\u00e9gion.<\/p>\n<p class=\"paragraph text_align_left\">Le d\u00e9ficit de services publics arrive en t\u00eate des points noirs relev\u00e9s dans ce sondage, tandis que 55% des sond\u00e9s estiment que le territoire est mal desservi par les transports publics. Sans surprise, la question des d\u00e9serts m\u00e9dicaux revient aussi avec acuit\u00e9. Une majorit\u00e9 des habitants (54%) se sent \u00ab expos\u00e9 et vuln\u00e9rable au risque d\u2019avoir des difficult\u00e9s \u00e0 me soigner en cas de maladie par manque de soignants \u00bb, soit neuf points de plus que la moyenne nationale. Autre indicateur : le Centre-Val de Loire arrive en t\u00eate des r\u00e9gions o\u00f9 les jeunes ressentent du d\u00e9s\u0153uvrement. Plus d\u2019un Centrais sur deux assure qu\u2019il n\u2019y a \u00ab pas grand-chose \u00e0 faire pour les jeunes \u00bb et qu\u2019ils s\u2019ennuient \u00bb. Dans ce tableau sombre, une \u00e9claircie, toutefois : 77% des habitants du Centre-Val de Loire interrog\u00e9s disent \u00ab se sentir heureux \u00bb.<\/p>\n<p>Un sentiment d\u2019exclusion qui diminue<\/p>\n<p class=\"paragraph text_align_left\">En d\u00e9pit des politiques culturelles et touristiques r\u00e9gionales (<a href=\"https:\/\/www.leparisien.fr\/culture-loisirs\/leonard-de-vinci-au-coeur-d-une-tempete-entre-l-italie-et-la-france-23-12-2018-7975275.php\" target=\"_blank\" rel=\"noopener\">l\u2019ann\u00e9e Viva Leonardo<\/a>, les <a href=\"https:\/\/www.leparisien.fr\/eure-et-loir-28\/le-jardin-de-stephane-bern-labelise-nouvelles-renaissances-31-03-2022-ZR733OWJC5D3JJS2STJGMXAJB4.php\" target=\"_blank\" rel=\"noopener\">Nouvelles Renaissances<\/a>, le d\u00e9veloppement de <a href=\"https:\/\/www.leparisien.fr\/loiret-45\/tourisme-la-loire-a-velo-lance-un-passeport-a-tamponner-comme-sur-les-chemins-de-compostelle-09-03-2023-T3HDL46ZDBAYNJGF7LFPSXMSCM.php\" target=\"_blank\" rel=\"noopener\">la Loire \u00e0 V\u00e9lo<\/a>), le sentiment d\u2019appartenance au territoire est encore tr\u00e8s perfectible. Dans certains territoires, notamment en Eure-et-Loir, la population se sent exclue de l\u2019axe lig\u00e9rien (Orl\u00e9ans, Blois, Tours), la vitrine \u00e9conomique et sociale de la r\u00e9gion, dont Nicolas, un habitant de Nogent-le-Rotrou (Eure-et-Loir) m\u00e9conna\u00eet le p\u00e9rim\u00e8tre exact. \u00ab Quand je vais dans une plus grande ville pour faire des courses en famille ou pour sortir avec mes amis, c\u2019est au Mans (Sarthe) que je pense en premier. Pas \u00e0 Tours ou Orl\u00e9ans. Et je n\u2019ai jamais mis les pieds \u00e0 Ch\u00e2teauroux et \u00e0 Bourges \u00bb, reconna\u00eet ce plombier-chauffagiste.<\/p>\n<p>\u00ab\u00a0On peut se sentir Breton ou Normand mais on ne sent pas habitant du Centre-Val Lig\u00e9rien. Il n\u2019y a m\u00eame pas de terme pour qualifier la population. Pour qu\u2019il y ait un sentiment d\u2019appartenance, il faut une histoire commune. Ce n\u2019est pas le cas.\u00a0\u00bb<\/p>\n<p>Christophe Le Dorven, pr\u00e9sident du conseil d\u00e9partemental d\u2019Eure-et-Loir<\/p>\n<p class=\"paragraph text_align_left\">Christophe Le Dorven, le pr\u00e9sident du conseil d\u00e9partemental d\u2019Eure-et-Loir, o\u00f9 s\u2019exerce un fort tropisme francilien dans les principales agglom\u00e9rations (Chartres et Dreux, reli\u00e9es par le train \u00e0 Paris, mais \u00e0 aucune des grandes villes de la r\u00e9gion), n\u2019est pas surpris par cette confession : \u00ab Qu\u2019y-a-t-il de commun entre le Berry et le Drouais Thimerais ? \u00bb, s\u2019interroge-t-il. \u00ab On peut se sentir Breton ou Normand mais on ne sent pas habitant du Centre-Val Lig\u00e9rien. Il n\u2019y a m\u00eame pas de terme pour qualifier la population. Pour qu\u2019il y ait un sentiment d\u2019appartenance, il faut une histoire commune. Ce n\u2019est pas le cas. \u00c7a ne veut pas dire que les choses n\u2019auront pas \u00e9volu\u00e9es dans 100 ans. Mais pour cela, il faut arr\u00eater de bouger les fronti\u00e8res. \u00bb<\/p>\n<p class=\"paragraph text_align_left\">Ce sentiment d\u2019exclusion, exprim\u00e9 par les Eur\u00e9liens, tend n\u00e9anmoins \u00e0 se tarir. De l\u2019aveu de Christophe Le Dorven, \u00ab les politiques patrimoniales, touristiques et culturelles, tr\u00e8s tourn\u00e9es il y a une dizaine d\u2019ann\u00e9es d\u2019abord vers la vall\u00e9e de la Loire, nous consid\u00e8rent davantage. La r\u00e9gion soutient des dispositifs, port\u00e9s par les associations et les collectivit\u00e9s d\u2019Eure-et-Loir \u00bb. Il y voit la reconnaissance que l\u2019Eure-et-Loir n\u2019est pas seulement \u00ab une terre o\u00f9 pousse du bl\u00e9 \u00bb.<\/p>\n","protected":false},"excerpt":{"rendered":"La troisi\u00e8me \u00e9dition du barom\u00e8tre des territoires d\u2019Elabe a livr\u00e9 ses r\u00e9sultats : seuls 57% des Centraises et&hellip;\n","protected":false},"author":2,"featured_media":140955,"comment_status":"","ping_status":"","sticky":false,"template":"","format":"standard","meta":{"footnotes":""},"categories":[1592],"tags":[1111,11,459,1777,26844,674,1011,27,662,12,626,25,104],"class_list":{"0":"post-140954","1":"post","2":"type-post","3":"status-publish","4":"format-standard","5":"has-post-thumbnail","7":"category-ile-de-france","8":"tag-actu","9":"tag-actualites","10":"tag-departements-horsidfo","11":"tag-eu","12":"tag-eure-et-loir-28","13":"tag-europe","14":"tag-fr","15":"tag-france","16":"tag-ile-de-france","17":"tag-news","18":"tag-paris","19":"tag-republique-francaise","20":"tag-societe"},"share_on_mastodon":{"url":"https:\/\/pubeurope.com\/@fr\/114600872724810290","error":""},"_links":{"self":[{"href":"https:\/\/www.europesays.com\/fr\/wp-json\/wp\/v2\/posts\/140954","targetHints":{"allow":["GET"]}}],"collection":[{"href":"https:\/\/www.europesays.com\/fr\/wp-json\/wp\/v2\/posts"}],"about":[{"href":"https:\/\/www.europesays.com\/fr\/wp-json\/wp\/v2\/types\/post"}],"author":[{"embeddable":true,"href":"https:\/\/www.europesays.com\/fr\/wp-json\/wp\/v2\/users\/2"}],"replies":[{"embeddable":true,"href":"https:\/\/www.europesays.com\/fr\/wp-json\/wp\/v2\/comments?post=140954"}],"version-history":[{"count":0,"href":"https:\/\/www.europesays.com\/fr\/wp-json\/wp\/v2\/posts\/140954\/revisions"}],"wp:featuredmedia":[{"embeddable":true,"href":"https:\/\/www.europesays.com\/fr\/wp-json\/wp\/v2\/media\/140955"}],"wp:attachment":[{"href":"https:\/\/www.europesays.com\/fr\/wp-json\/wp\/v2\/media?parent=140954"}],"wp:term":[{"taxonomy":"category","embeddable":true,"href":"https:\/\/www.europesays.com\/fr\/wp-json\/wp\/v2\/categories?post=140954"},{"taxonomy":"post_tag","embeddable":true,"href":"https:\/\/www.europesays.com\/fr\/wp-json\/wp\/v2\/tags?post=140954"}],"curies":[{"name":"wp","href":"https:\/\/api.w.org\/{rel}","templated":true}]}}