{"id":140956,"date":"2025-05-31T05:48:19","date_gmt":"2025-05-31T05:48:19","guid":{"rendered":"https:\/\/www.europesays.com\/fr\/140956\/"},"modified":"2025-05-31T05:48:19","modified_gmt":"2025-05-31T05:48:19","slug":"qualifie-de-pire-chantier-dile-de-france-le-lycee-de-torcy-inaugure-apres-cinq-ans-de-travaux","status":"publish","type":"post","link":"https:\/\/www.europesays.com\/fr\/140956\/","title":{"rendered":"Qualifi\u00e9 de \u00ab\u00a0pire chantier d\u2019\u00cele-de-France\u00a0\u00bb, le lyc\u00e9e de Torcy inaugur\u00e9 apr\u00e8s cinq ans de travaux"},"content":{"rendered":"<p class=\"paragraph text_align_left\">Il a \u00e9t\u00e9 d\u00e9crit comme \u00ab le pire chantier d\u2019\u00cele-de-France \u00bb. Initialement pr\u00e9vue en 2021, l\u2019inauguration du <a href=\"https:\/\/www.leparisien.fr\/seine-et-marne-77\/le-pire-chantier-de-lycee-dile-de-france-apres-la-chute-dun-faux-plafond-la-colere-monte-a-torcy-29-03-2023-G7QW7HH53VDZLIZTUFYINGS7D4.php\" target=\"_self\" rel=\"nofollow noopener\">lyc\u00e9e Jean-Moulin<\/a> \u00e0 <a href=\"https:\/\/www.leparisien.fr\/seine-et-marne-77\/torcy-77200\/\" target=\"_blank\" rel=\"noreferrer nofollow noopener\">Torcy<\/a> (Seine-et-Marne), soit cinq ans apr\u00e8s le d\u00e9but des travaux, a enfin eu lieu ce mardi 27 mai en pr\u00e9sence de <a href=\"https:\/\/www.leparisien.fr\/politique\/valerie-pecresse\/\" target=\"_blank\" rel=\"noreferrer nofollow noopener\">Val\u00e9rie P\u00e9cresse<\/a>, la pr\u00e9sidente de la r\u00e9gion.<\/p>\n<p class=\"paragraph text_align_left\">Pendant des ann\u00e9es, les professeurs ont alert\u00e9 sur leurs conditions de travail. Ces travaux ont \u00e9t\u00e9 tels que d\u00e9sormais, la r\u00e9gion a d\u00e9cid\u00e9 de ne plus effectuer de chantier en site occup\u00e9. \u00ab On a appris de nos erreurs \u00bb, assume Val\u00e9rie P\u00e9cresse en qualifiant le r\u00e9sultat de \u00ab splendide \u00bb.<\/p>\n","protected":false},"excerpt":{"rendered":"Il a \u00e9t\u00e9 d\u00e9crit comme \u00ab le pire chantier d\u2019\u00cele-de-France \u00bb. Initialement pr\u00e9vue en 2021, l\u2019inauguration du lyc\u00e9e&hellip;\n","protected":false},"author":2,"featured_media":140957,"comment_status":"","ping_status":"","sticky":false,"template":"","format":"standard","meta":{"footnotes":""},"categories":[1592],"tags":[1111,11,1777,674,1011,27,662,1944,12,626,25,1937],"class_list":{"0":"post-140956","1":"post","2":"type-post","3":"status-publish","4":"format-standard","5":"has-post-thumbnail","7":"category-ile-de-france","8":"tag-actu","9":"tag-actualites","10":"tag-eu","11":"tag-europe","12":"tag-fr","13":"tag-france","14":"tag-ile-de-france","15":"tag-ma-ville","16":"tag-news","17":"tag-paris","18":"tag-republique-francaise","19":"tag-seine-et-marne"},"share_on_mastodon":{"url":"https:\/\/pubeurope.com\/@fr\/114600876794941302","error":""},"_links":{"self":[{"href":"https:\/\/www.europesays.com\/fr\/wp-json\/wp\/v2\/posts\/140956","targetHints":{"allow":["GET"]}}],"collection":[{"href":"https:\/\/www.europesays.com\/fr\/wp-json\/wp\/v2\/posts"}],"about":[{"href":"https:\/\/www.europesays.com\/fr\/wp-json\/wp\/v2\/types\/post"}],"author":[{"embeddable":true,"href":"https:\/\/www.europesays.com\/fr\/wp-json\/wp\/v2\/users\/2"}],"replies":[{"embeddable":true,"href":"https:\/\/www.europesays.com\/fr\/wp-json\/wp\/v2\/comments?post=140956"}],"version-history":[{"count":0,"href":"https:\/\/www.europesays.com\/fr\/wp-json\/wp\/v2\/posts\/140956\/revisions"}],"wp:featuredmedia":[{"embeddable":true,"href":"https:\/\/www.europesays.com\/fr\/wp-json\/wp\/v2\/media\/140957"}],"wp:attachment":[{"href":"https:\/\/www.europesays.com\/fr\/wp-json\/wp\/v2\/media?parent=140956"}],"wp:term":[{"taxonomy":"category","embeddable":true,"href":"https:\/\/www.europesays.com\/fr\/wp-json\/wp\/v2\/categories?post=140956"},{"taxonomy":"post_tag","embeddable":true,"href":"https:\/\/www.europesays.com\/fr\/wp-json\/wp\/v2\/tags?post=140956"}],"curies":[{"name":"wp","href":"https:\/\/api.w.org\/{rel}","templated":true}]}}