{"id":140958,"date":"2025-05-31T05:49:08","date_gmt":"2025-05-31T05:49:08","guid":{"rendered":"https:\/\/www.europesays.com\/fr\/140958\/"},"modified":"2025-05-31T05:49:08","modified_gmt":"2025-05-31T05:49:08","slug":"la-mairie-au-chevet-du-boulevard-magenta","status":"publish","type":"post","link":"https:\/\/www.europesays.com\/fr\/140958\/","title":{"rendered":"la mairie au chevet du boulevard Magenta"},"content":{"rendered":"<p>            Par<br \/>\n        <strong><br \/>\n            <a href=\"https:\/\/actu.fr\/auteur\/dorinegoth\" title=\"Consulter tous les articles de Dorine Goth\" target=\"_blank\" rel=\"noopener\">Dorine Goth<\/a><br \/>\n        <\/strong><\/p>\n<p>        Publi\u00e9 le<\/p>\n<p>            31 mai 2025 \u00e0 6h50        <\/p>\n<p>Cyclistes et pi\u00e9tons d\u00e9sunis par les liens sacr\u00e9s de l\u2019urbanisme. Les premiers d\u00e9valent la <strong>bande cyclable<\/strong> verte \u00e0 l\u2019aff\u00fbt des pi\u00e9tons distraits pr\u00eats \u00e0 se jeter sous leurs roues. Les seconds craignent de voir surgir un deux-roues qui a d\u00e9cid\u00e9 de ne<strong> respecter ni trottoir ni passages pi\u00e9tons<\/strong>. Tous grognent et se plaignent de l\u2019am\u00e9nagement. C\u2019est le spectacle quotidien qui se joue sur les trottoirs du <strong><a href=\"https:\/\/actu.fr\/ile-de-france\/paris_75056\/barbes-magenta-boulevards-symboles-bordel-permanent-circulation-paris_30874327.html\" target=\"_blank\" rel=\"noopener\">boulevard Magenta<\/a><\/strong>, dans le 10e arrondissement de Paris, o\u00f9 la<strong> piste cyclable cohabite avec la chauss\u00e9e pi\u00e9tonne<\/strong>. Pr\u00e9curseuses en 2006 au moment de leur cr\u00e9ation, ces pistes sont depuis devenu un vrai <a href=\"https:\/\/actu.fr\/ile-de-france\/paris_75056\/pistes-cyclables-insuffisantes-discontinues-le-velo-cherche-encore-sa-place-a-paris_53448485.html\" target=\"_blank\" rel=\"noopener\"><strong>point noir<\/strong><\/a> identifi\u00e9 par les associations de cyclistes. Au point que la ville envisage de basculer la piste sur le boulevard.<\/p>\n<p>Un boulevard \u00e9vit\u00e9<\/p>\n<p class=\" wall-content\">Mais en attendant, pi\u00e9tons et cyclistes doivent toujours cohabiter alors que plus de <strong>16\u2009000 cyclistes<\/strong> ont d\u00e9j\u00e0 \u00e9t\u00e9 comptabilis\u00e9s en une journ\u00e9e sur l\u2019axe, selon les donn\u00e9es de Paris en selle. Pour faciliter le m\u00e9nage, la mairie du 10e arrondissement op\u00e8re des am\u00e9nagements. Aux intersections <a href=\"https:\/\/actu.fr\/normandie\/rouen_76540\/la-question-pas-si-bete-pourquoi-les-cyclistes-peuvent-passer-au-feu-rouge_40920843.html\" target=\"_blank\" rel=\"noopener\"><strong>un feu pour les cyclistes<\/strong><\/a> sera ajout\u00e9 \u00e0 celui pour les pi\u00e9tons d\u2019ici \u00e0 juin. Il vise \u00e0 \u00ab\u2009inciter les cyclistes \u00e0 respecter les feux et les rythmes de circulation\u2009\u00bb. Au niveau des arr\u00eats de bus, des messages \u00ab<strong>\u2009priorit\u00e9 pi\u00e9tons\u2009\u00bb<\/strong> seront ajout\u00e9s au sol d\u2019ici \u00e0 cet \u00e9t\u00e9 \u00ab\u2009pour s\u00e9curiser l\u2019acc\u00e8s\u2009\u00bb.<\/p>\n<p class=\" wall-content\">\u00ab\u2009Quand je peux, je pr\u00e9f\u00e8re faire un d\u00e9tour plut\u00f4t que de passer par Magenta. La piste est trop \u00e9troite, souvent surcharg\u00e9e et dangereuse\u2009\u00bb, dresse mardi 27\u00a0mai 2025 \u00e0 un feu rouge Alexandre, dress\u00e9 sur son Gravel, le v\u00e9lo en vogue chez les trentenaires parisiens. Signe des strat\u00e9gies d\u2019\u00e9vitement, la <a href=\"https:\/\/actu.fr\/ile-de-france\/paris_75056\/record-de-velos-sur-les-pistes-cyclables-a-paris-ce-sont-les-bonnes-resolutions-de-la-rentree_53773190.html\" target=\"_blank\" rel=\"noopener\">piste cyclable du boulevard S\u00e9bastopol<\/a>, sur un axe tout aussi strat\u00e9gique du nord parisien a un record fix\u00e9 \u00e0 plus de<strong> 22\u2009000 passages de cyclistes.<\/strong><\/p>\n<p>Vers une nouvelle piste\u2009?<\/p>\n<p class=\" wall-content\">\u00c0 quelques m\u00e8tres, Denise, qui peste contre les bicyclettes, croit se souvenir d\u2019une \u00e9poque o\u00f9 les pi\u00e9tons \u00e9taient mieux trait\u00e9s. La vieille dame, \u00e2g\u00e9e de 83\u00a0ans, fr\u00e9quente le quartier depuis les ann\u00e9es 90. \u00ab\u2009Les trottoirs \u00e9taient plus larges\u2009! On avait plus de place pour marcher. Maintenant on manque de se faire \u00e9craser toutes les 5\u00a0minutes.\u2009\u00bb Sauf que selon des <a href=\"https:\/\/globaldesigningcities.org\/publication\/global-street-design-guide\/streets\/avenues-and-boulevards\/large-streets-transit\/case-study-boulevard-de-magenta-paris-france\/\" target=\"_blank\" rel=\"noopener\">images d\u2019archives<\/a>, la largeur d\u00e9di\u00e9e aux pi\u00e9tons <strong>n\u2019a jamais \u00e9t\u00e9 raccourcie<\/strong> au profit des v\u00e9los. C\u2019est sur la chauss\u00e9e que les urbanistes de l\u2019\u00e9poque avaient rogn\u00e9e, supprimant une voie de circulation.<\/p>\n<p class=\" wall-content\">Quant \u00e0 la cr\u00e9ation de la piste cyclable sur la chauss\u00e9e, il faudra encore patienter. Les \u00e9tudes ont \u00e9t\u00e9 lanc\u00e9es mais \u00ab\u2009les concertations et les <strong>travaux<\/strong> auront lieu dans le cadre du <a href=\"https:\/\/actu.fr\/ile-de-france\/paris_75056\/municipales-2026-a-paris-un-sondage-place-rachida-dati-en-tete-emmanuel-gregoire-premier-candidat-a-gauche_62440630.html\" target=\"_blank\" rel=\"noopener\">prochain mandat<\/a>\u2009\u00bb. En f\u00e9vrier\u00a02024, lors d\u2019une votation citoyenne, 73,83\u2009% des votants s\u2019\u00e9taient prononc\u00e9s en la faveur de cette solution.<\/p>\n<p class=\" wall-content\">Suivez toute l\u2019actualit\u00e9 de vos villes et m\u00e9dias favoris en vous inscrivant \u00e0 <a href=\"https:\/\/moncompte.actu.fr\" title=\"D\u00e9couvez Mon Actu\" rel=\"nofollow noopener\" data-trk=\"{&quot;cta&quot;:{&quot;action&quot;:&quot;https:\\\/\\\/moncompte.actu.fr&quot;,&quot;category&quot;:&quot;mon compte&quot;,&quot;from&quot;:&quot;article footer&quot;,&quot;name&quot;:&quot;Mon actu&quot;,&quot;type&quot;:&quot;cta&quot;}}\" target=\"_blank\">Mon Actu<\/a>.<\/p>\n","protected":false},"excerpt":{"rendered":"Par Dorine Goth Publi\u00e9 le 31 mai 2025 \u00e0 6h50 Cyclistes et pi\u00e9tons d\u00e9sunis par les liens sacr\u00e9s&hellip;\n","protected":false},"author":2,"featured_media":140959,"comment_status":"","ping_status":"","sticky":false,"template":"","format":"standard","meta":{"footnotes":""},"categories":[1888],"tags":[1111,1928,11,1927,3542,1777,674,1011,27,12,1926,626,1925,4798,25,104,1352],"class_list":{"0":"post-140958","1":"post","2":"type-post","3":"status-publish","4":"format-standard","5":"has-post-thumbnail","7":"category-paris","8":"tag-actu","9":"tag-actu-paris","10":"tag-actualites","11":"tag-actualites-paris","12":"tag-circulation","13":"tag-eu","14":"tag-europe","15":"tag-fr","16":"tag-france","17":"tag-news","18":"tag-news-paris","19":"tag-paris","20":"tag-paris-news","21":"tag-pistes-cyclables","22":"tag-republique-francaise","23":"tag-societe","24":"tag-urbanisme"},"share_on_mastodon":{"url":"https:\/\/pubeurope.com\/@fr\/114600880831724209","error":""},"_links":{"self":[{"href":"https:\/\/www.europesays.com\/fr\/wp-json\/wp\/v2\/posts\/140958","targetHints":{"allow":["GET"]}}],"collection":[{"href":"https:\/\/www.europesays.com\/fr\/wp-json\/wp\/v2\/posts"}],"about":[{"href":"https:\/\/www.europesays.com\/fr\/wp-json\/wp\/v2\/types\/post"}],"author":[{"embeddable":true,"href":"https:\/\/www.europesays.com\/fr\/wp-json\/wp\/v2\/users\/2"}],"replies":[{"embeddable":true,"href":"https:\/\/www.europesays.com\/fr\/wp-json\/wp\/v2\/comments?post=140958"}],"version-history":[{"count":0,"href":"https:\/\/www.europesays.com\/fr\/wp-json\/wp\/v2\/posts\/140958\/revisions"}],"wp:featuredmedia":[{"embeddable":true,"href":"https:\/\/www.europesays.com\/fr\/wp-json\/wp\/v2\/media\/140959"}],"wp:attachment":[{"href":"https:\/\/www.europesays.com\/fr\/wp-json\/wp\/v2\/media?parent=140958"}],"wp:term":[{"taxonomy":"category","embeddable":true,"href":"https:\/\/www.europesays.com\/fr\/wp-json\/wp\/v2\/categories?post=140958"},{"taxonomy":"post_tag","embeddable":true,"href":"https:\/\/www.europesays.com\/fr\/wp-json\/wp\/v2\/tags?post=140958"}],"curies":[{"name":"wp","href":"https:\/\/api.w.org\/{rel}","templated":true}]}}