{"id":140964,"date":"2025-05-31T05:52:11","date_gmt":"2025-05-31T05:52:11","guid":{"rendered":"https:\/\/www.europesays.com\/fr\/140964\/"},"modified":"2025-05-31T05:52:11","modified_gmt":"2025-05-31T05:52:11","slug":"psg-inter-milan-perimetre-de-protection-circulation-a-quoi-sattendre-a-paris-ce-dimanche-en-cas-de-sacre","status":"publish","type":"post","link":"https:\/\/www.europesays.com\/fr\/140964\/","title":{"rendered":"PSG-Inter Milan\u00a0: p\u00e9rim\u00e8tre de protection, circulation\u2026 \u00c0 quoi s\u2019attendre \u00e0 Paris ce dimanche en cas de sacre\u00a0?"},"content":{"rendered":"<p class=\"paragraph text_align_left\">En cas de sacre europ\u00e9en samedi soir \u00e0 <a href=\"https:\/\/www.leparisien.fr\/sports\/football\/ligue-des-champions\/psg-inter-milan-j-4-comment-le-club-va-gerer-le-voyage-de-pres-de-500-salaries-a-munich-27-05-2025-N4MPTLTFGVFDVI2TDBZRWBLLGQ.php\" target=\"_blank\" rel=\"noreferrer nofollow noopener\">Munich<\/a> (Allemagne) face \u00e0 l\u2019Inter Milan, Marquinhos et ses co\u00e9quipiers du <a href=\"https:\/\/www.leparisien.fr\/sports\/football\/psg\/\" target=\"_blank\" rel=\"noreferrer nofollow noopener\">Paris Saint-Germain<\/a>, apr\u00e8s leur atterrissage \u00e0 l\u2019a\u00e9roport Roissy Charles-de-Gaulle vers 16 heures dimanche, prendront la direction de l\u2019avenue des Champs-\u00c9lys\u00e9es (<a href=\"https:\/\/www.leparisien.fr\/paris-75\/paris-75008\/\" target=\"_blank\" rel=\"noreferrer nofollow noopener\">VIIIe<\/a>) pour une parade qui pourrait rassembler plusieurs dizaines de milliers de personnes.<\/p>\n<p class=\"paragraph text_align_left\">D\u00e8s la veille au soir, les forces de police \u2014 5 400 d\u00e9ploy\u00e9es \u00e0 Paris et en petite couronne, soit un \u00ab dispositif massif \u00bb d\u2019apr\u00e8s le pr\u00e9fet de police <a href=\"https:\/\/www.leparisien.fr\/paris-75\/psg-inter-milan-a-paris-tout-le-monde-est-sur-le-pont-le-prefet-nunez-devoile-son-plan-de-bataille-xxl-30-05-2025-Y3HSL7MF3NEABCKCCPI3V4MBIY.php\" target=\"_blank\" rel=\"noreferrer nofollow noopener\">Laurent Nu\u00f1ez<\/a> \u2014 seront sur le qui-vive et s\u2019attendent, si les <a href=\"https:\/\/www.leparisien.fr\/sports\/football\/psg\/\" target=\"_blank\" rel=\"noreferrer nofollow noopener\">Parisiens<\/a> d\u00e9crochent leur premier titre en <a href=\"https:\/\/www.leparisien.fr\/sports\/football\/ligue-des-champions\/\" target=\"_blank\" rel=\"noreferrer nofollow noopener\">Ligue des champions<\/a>, \u00e0 des sc\u00e8nes de liesse et des probables d\u00e9bordements jusqu\u2019\u00e0 quatre heures du matin sur la c\u00e9l\u00e8bre avenue de la capitale.<\/p>\n<p>Et revoil\u00e0 le p\u00e9rim\u00e8tre Silt&#8230;<\/p>\n<p class=\"paragraph text_align_left\">La mission des effectifs de police et de gendarmerie ne s\u2019arr\u00eatera toutefois pas l\u00e0. Car si les joueurs de Luis Enrique sont sacr\u00e9s, ils seront attendus en h\u00e9ros sur les <a href=\"https:\/\/www.leparisien.fr\/paris-75\/champs-elysees\/\" target=\"_blank\" rel=\"noreferrer nofollow noopener\">Champs-\u00c9lys\u00e9es<\/a> pour une <a href=\"https:\/\/www.leparisien.fr\/sports\/football\/ligue-des-champions\/110-000-personnes-1h-de-defile-pas-dacces-a-laeroport-comment-suivre-la-parade-du-psg-en-cas-de-sacre-30-05-2025-C6UQ4A75QFDFTEVHZNSOM7DPWI.php\" target=\"_blank\" rel=\"noreferrer nofollow noopener\">parade<\/a> d\u2019une heure, \u00e0 bord d\u2019un bus \u00e0 imp\u00e9riale, du bas de l\u2019avenue jusqu\u2019\u00e0 l\u2019\u00c9toile, entre 17 et 18 heures. Toute une organisation est donc n\u00e9cessaire en amont. Une course contre-la-montre qui d\u00e9butera \u00e0 l\u2019aube.<\/p>\n<p class=\"paragraph text_align_left\">Apr\u00e8s une nuit annonc\u00e9e comme mouvement\u00e9e sur \u00ab la plus belle avenue du monde \u00bb, celle-ci sera compl\u00e8tement ferm\u00e9e d\u00e8s 6 heures du matin. En effet, le pr\u00e9fet de police pr\u00e9voit l\u2019activation d\u2019un <a href=\"https:\/\/www.leparisien.fr\/jo-paris-2024\/jo-paris-2024-le-perimetre-antiterroriste-active-dans-la-capitale-a-partir-de-ce-jeudi-a-5-heures-17-07-2024-O4XRUSTR2FFTRH4OJ6AURTUMJM.php\" target=\"_blank\" rel=\"noreferrer nofollow noopener\">p\u00e9rim\u00e8tre de protection Silt<\/a> (pour S\u00e9curit\u00e9 int\u00e9rieure et lutte contre le terrorisme, comme lors des Jeux olympiques) autour de l\u2019\u00c9toile, et d\u00e9limit\u00e9 par le Cours la Reine et la rue Fran\u00e7ois-Ier au sud, la place de la Concorde \u00e0 l\u2019est, les rues Beaujon, de Ponthieu et de Penthi\u00e8vre au nord.<\/p>\n<p><img decoding=\"async\" class=\"image \" loading=\"lazy\" src=\"https:\/\/www.europesays.com\/fr\/wp-content\/uploads\/2025\/05\/XYVAY7ABIZDY7DGM6IKOFD2KNU.jpg\" alt=\"\" align=\"\" data-rubrique-principale=\"\" data-article-type=\"\" fetchpriority=\"auto\"\/><\/p>\n<p class=\"paragraph text_align_left\">Personne \u2014 sauf les riverains \u2014, ni pi\u00e9ton ni cycliste, ne pourra acc\u00e9der \u00e0 cette zone d\u00e8s 6 heures pour permettre au personnel d\u00e9ploy\u00e9 par le PSG (plusieurs centaines de personnes) et ceux de la pr\u00e9fecture de police d\u2019installer les barri\u00e8res, les boxes permettant d\u2019accueillir les spectateurs de la parade et les \u00e9crans g\u00e9ants. L\u2019installation doit s\u2019achever avant 14 heures pour permettre l\u2019acc\u00e8s aux boxes d\u00e8s 14h30. La jauge totale est de 110 000 personnes. Cet acc\u00e8s se fera via cinq art\u00e8res perpendiculaires \u00e0 l\u2019avenue, c\u00f4t\u00e9 sud.<\/p>\n<p class=\"paragraph text_align_left\">Dans ce m\u00eame p\u00e9rim\u00e8tre totalement boucl\u00e9, il sera \u00e9videmment pour les v\u00e9hicules impossible et de toute fa\u00e7on interdit de circuler. Et ce, depuis la veille \u00e0 partir de midi sur le haut de l\u2019avenue et 18 heures sur le bas. Depuis vendredi matin, le stationnement est aussi proscrit le long de l\u2019avenue des Champs-\u00c9lys\u00e9es et ses rues adjacentes.<\/p>\n<p>Fermeture des commerces<\/p>\n<p class=\"paragraph text_align_left\">Autre mesure \u00ab stricte \u00bb prise par le chef de la police parisienne : la fermeture des \u00e9tablissements recevant du public (ERP) d\u00e8s samedi 19 heures et jusqu\u2019\u00e0 dimanche soir minuit. Une exception sera autoris\u00e9e pour les commerces, notamment les restaurants, dont les clients auront fait une r\u00e9servation pour le dimanche 1er juin dans la zone d\u00e9limit\u00e9e par le boulevard Malesherbes, la place de la Concorde, la rue de Penthi\u00e8vre et le bas des Champs.<\/p>\n<p class=\"paragraph text_align_left\">Concernant les transports en commun, la liaison entre le VIIIe et la porte de Saint-Cloud (<a href=\"https:\/\/www.leparisien.fr\/paris-75\/paris-75016\/\" target=\"_blank\" rel=\"noreferrer nofollow noopener\">XVIe<\/a>), o\u00f9 le PSG ach\u00e8vera ses festivit\u00e9s avec un dernier temps fort au Parc des Princes \u2014 l\u00e0 encore, en cas de succ\u00e8s en Allemagne \u2014, sera possible via les lignes 9 et 10 du m\u00e9tro qui fonctionneront toute la journ\u00e9e.<\/p>\n<p class=\"paragraph text_align_left\">En revanche, plusieurs stations de l\u2019ouest de la capitale seront ferm\u00e9es (d\u00e9j\u00e0 la veille \u00e0 partir de 18 heures) pour des raisons de s\u00e9curit\u00e9 (Argentine, Champs-\u00c9lys\u00e9es \u00c9toile, Kl\u00e9ber, George-V, Champs-\u00c9lys\u00e9es Clemenceau, Tuileries, Franklin D. Roosevelt, Saint-Philippe-du-Roule, Miromesnil et Concorde).<\/p>\n","protected":false},"excerpt":{"rendered":"En cas de sacre europ\u00e9en samedi soir \u00e0 Munich (Allemagne) face \u00e0 l\u2019Inter Milan, Marquinhos et ses co\u00e9quipiers&hellip;\n","protected":false},"author":2,"featured_media":140965,"comment_status":"","ping_status":"","sticky":false,"template":"","format":"standard","meta":{"footnotes":""},"categories":[1888],"tags":[11,1777,674,1011,27,1944,12,626,25,60],"class_list":{"0":"post-140964","1":"post","2":"type-post","3":"status-publish","4":"format-standard","5":"has-post-thumbnail","7":"category-paris","8":"tag-actualites","9":"tag-eu","10":"tag-europe","11":"tag-fr","12":"tag-france","13":"tag-ma-ville","14":"tag-news","15":"tag-paris","16":"tag-republique-francaise","17":"tag-sports"},"share_on_mastodon":{"url":"https:\/\/pubeurope.com\/@fr\/114600892384792153","error":""},"_links":{"self":[{"href":"https:\/\/www.europesays.com\/fr\/wp-json\/wp\/v2\/posts\/140964","targetHints":{"allow":["GET"]}}],"collection":[{"href":"https:\/\/www.europesays.com\/fr\/wp-json\/wp\/v2\/posts"}],"about":[{"href":"https:\/\/www.europesays.com\/fr\/wp-json\/wp\/v2\/types\/post"}],"author":[{"embeddable":true,"href":"https:\/\/www.europesays.com\/fr\/wp-json\/wp\/v2\/users\/2"}],"replies":[{"embeddable":true,"href":"https:\/\/www.europesays.com\/fr\/wp-json\/wp\/v2\/comments?post=140964"}],"version-history":[{"count":0,"href":"https:\/\/www.europesays.com\/fr\/wp-json\/wp\/v2\/posts\/140964\/revisions"}],"wp:featuredmedia":[{"embeddable":true,"href":"https:\/\/www.europesays.com\/fr\/wp-json\/wp\/v2\/media\/140965"}],"wp:attachment":[{"href":"https:\/\/www.europesays.com\/fr\/wp-json\/wp\/v2\/media?parent=140964"}],"wp:term":[{"taxonomy":"category","embeddable":true,"href":"https:\/\/www.europesays.com\/fr\/wp-json\/wp\/v2\/categories?post=140964"},{"taxonomy":"post_tag","embeddable":true,"href":"https:\/\/www.europesays.com\/fr\/wp-json\/wp\/v2\/tags?post=140964"}],"curies":[{"name":"wp","href":"https:\/\/api.w.org\/{rel}","templated":true}]}}