{"id":140968,"date":"2025-05-31T05:54:10","date_gmt":"2025-05-31T05:54:10","guid":{"rendered":"https:\/\/www.europesays.com\/fr\/140968\/"},"modified":"2025-05-31T05:54:10","modified_gmt":"2025-05-31T05:54:10","slug":"guerre-en-ukraine-une-fillette-et-une-personne-agee-mortes-dans-des-attaques-russes","status":"publish","type":"post","link":"https:\/\/www.europesays.com\/fr\/140968\/","title":{"rendered":"Guerre en Ukraine. Une fillette et une personne \u00e2g\u00e9e mortes dans des attaques russes"},"content":{"rendered":"<p>Dans la r\u00e9gion de Zaporijjia, une fillette de 9 ans a \u00e9t\u00e9 tu\u00e9e et un gar\u00e7on de 16 ans bless\u00e9 dans une attaque aux bombes t\u00e9l\u00e9guid\u00e9es qui ont d\u00e9truit plusieurs immeubles dans un village pr\u00e8s de la ligne de front, a \u00e9crit sur Telegram Ivan Fedorov, le chef de l&rsquo;administration r\u00e9gionale. Dans la ville de Kherson, un homme de 66 ans est mort dans un bombardement contre le district de Dniprovskyi, a indiqu\u00e9 sur Telegram le chef de l&rsquo;administration r\u00e9gionale Oleksandr Prokoudine. Des bombardements russes ont \u00e9galement fait un bless\u00e9 \u00e0 Kharkiv (nord-est), selon les autorit\u00e9s.<\/p>\n<p>Entretien Zelensky-Erdogan<\/p>\n<p>Du c\u00f4t\u00e9 russe, 10 personnes ont \u00e9t\u00e9 bless\u00e9es lors d&rsquo;attaques de drones ukrainiens dans la r\u00e9gion de Koursk au cours de la m\u00eame nuit, a indiqu\u00e9 sur Telegram le gouverneur r\u00e9gional par int\u00e9rim Alexandre Khinchtein. Les efforts diplomatiques pour mettre fin \u00e0 l&rsquo;invasion russe de l&rsquo;Ukraine, lanc\u00e9e en 2022, s&rsquo;intensifient ces derni\u00e8res semaines, mais buttent sur la d\u00e9fiance entre Moscou et Kiev, qui se rejettent la responsabilit\u00e9 du manque de progr\u00e8s.<\/p>\n<p><a href=\"https:\/\/www.ledauphine.com\/defense-guerre-conflit\/2025\/05\/28\/moscou-propose-une-deuxieme-seance-de-pourparlers-avec-kiev-le-2-juin-a-istanbul\" target=\"_blank\" rel=\"nofollow noopener\">Moscou a propos\u00e9 \u00e0 Kiev de se retrouver<\/a> pour de nouveaux pourparlers directs lundi \u00e0 Istanbul, apr\u00e8s un premier rendez-vous peu fructueux le 16 mai. <a href=\"https:\/\/www.ledauphine.com\/defense-guerre-conflit\/2025\/05\/29\/moscou-attend-une-reponse-de-kiev-pour-une-reprise-des-pourparlers-lundi-a-istanbul\" target=\"_blank\" rel=\"nofollow noopener\">L&rsquo;Ukraine n&rsquo;a pas encore dit si elle acceptait<\/a>. Le pr\u00e9sident ukrainien <a href=\"https:\/\/www.ledauphine.com\/p\/volodymyr-zelensky\" target=\"_blank\" rel=\"nofollow noopener\">Volodymyr Zelensky<\/a> a dit vendredi soir sur Telegram s&rsquo;\u00eatre entretenu \u00e0 ce sujet avec son homologue turc <a href=\"https:\/\/www.ledauphine.com\/p\/recep-tayyip-erdogan\" target=\"_blank\" rel=\"nofollow noopener\">Recep Tayyip Erdogan<\/a>.<\/p>\n<p>\u00ab Il faut un cessez-le-feu pour continuer \u00e0 avancer vers la paix. Il faut arr\u00eater de tuer des gens. Nous avons discut\u00e9 d&rsquo;une \u00e9ventuelle prochaine r\u00e9union \u00e0 Istanbul et des conditions dans lesquelles l&rsquo;Ukraine est pr\u00eate \u00e0 y participer \u00bb, a \u00e9crit M. Zelensky. \u00ab Nous sommes tous deux d&rsquo;accord pour dire que cette r\u00e9union ne peut pas et ne doit pas \u00eatre une perte de temps \u00bb, a-t-il ajout\u00e9.<\/p>\n","protected":false},"excerpt":{"rendered":"Dans la r\u00e9gion de Zaporijjia, une fillette de 9 ans a \u00e9t\u00e9 tu\u00e9e et un gar\u00e7on de 16&hellip;\n","protected":false},"author":2,"featured_media":140969,"comment_status":"","ping_status":"","sticky":false,"template":"","format":"standard","meta":{"footnotes":""},"categories":[1590],"tags":[11,3206,1777,674,107,329,12,220],"class_list":{"0":"post-140968","1":"post","2":"type-post","3":"status-publish","4":"format-standard","5":"has-post-thumbnail","7":"category-ukraine","8":"tag-actualites","9":"tag-defense-guerre-conflit","10":"tag-eu","11":"tag-europe","12":"tag-fil-info","13":"tag-france-monde","14":"tag-news","15":"tag-ukraine"},"share_on_mastodon":{"url":"https:\/\/pubeurope.com\/@fr\/114600900219959500","error":""},"_links":{"self":[{"href":"https:\/\/www.europesays.com\/fr\/wp-json\/wp\/v2\/posts\/140968","targetHints":{"allow":["GET"]}}],"collection":[{"href":"https:\/\/www.europesays.com\/fr\/wp-json\/wp\/v2\/posts"}],"about":[{"href":"https:\/\/www.europesays.com\/fr\/wp-json\/wp\/v2\/types\/post"}],"author":[{"embeddable":true,"href":"https:\/\/www.europesays.com\/fr\/wp-json\/wp\/v2\/users\/2"}],"replies":[{"embeddable":true,"href":"https:\/\/www.europesays.com\/fr\/wp-json\/wp\/v2\/comments?post=140968"}],"version-history":[{"count":0,"href":"https:\/\/www.europesays.com\/fr\/wp-json\/wp\/v2\/posts\/140968\/revisions"}],"wp:featuredmedia":[{"embeddable":true,"href":"https:\/\/www.europesays.com\/fr\/wp-json\/wp\/v2\/media\/140969"}],"wp:attachment":[{"href":"https:\/\/www.europesays.com\/fr\/wp-json\/wp\/v2\/media?parent=140968"}],"wp:term":[{"taxonomy":"category","embeddable":true,"href":"https:\/\/www.europesays.com\/fr\/wp-json\/wp\/v2\/categories?post=140968"},{"taxonomy":"post_tag","embeddable":true,"href":"https:\/\/www.europesays.com\/fr\/wp-json\/wp\/v2\/tags?post=140968"}],"curies":[{"name":"wp","href":"https:\/\/api.w.org\/{rel}","templated":true}]}}