{"id":140972,"date":"2025-05-31T05:56:08","date_gmt":"2025-05-31T05:56:08","guid":{"rendered":"https:\/\/www.europesays.com\/fr\/140972\/"},"modified":"2025-05-31T05:56:08","modified_gmt":"2025-05-31T05:56:08","slug":"le-royaume-uni-interdit-les-cigarettes-electroniques-jetables","status":"publish","type":"post","link":"https:\/\/www.europesays.com\/fr\/140972\/","title":{"rendered":"Le Royaume-Uni interdit les cigarettes \u00e9lectroniques jetables"},"content":{"rendered":"<p>Les cigarettes \u00e9lectroniques jetables, en vogue chez les jeunes, seront interdites \u00e0 la vente dimanche au Royaume-Uni. Le pays embo\u00eete ainsi le pas \u00e0 la Belgique et la France. \u00abDepuis trop longtemps, les cigarettes \u00e9lectroniques \u00e0 usage unique souillent nos rues et rendent nos enfants accros \u00e0 la nicotine\u00bb, a estim\u00e9 la secr\u00e9taire d\u2019Etat \u00e0 l\u2019environnement Mary Creagh.<\/p>\n<p>Sont d\u00e9sormais interdites la vente et l\u2019offre \u00e0 titre gratuit de ces cigarettes \u00e9lectroniques \u00e0 usage unique bon march\u00e9, multicolores et aux parfums sucr\u00e9s, pris\u00e9es des jeunes, qui \u00e9taient disponibles dans le pays depuis 2021.<\/p>\n<p>Ceux qui enfreignent l\u2019interdiction se verront infliger une amende de 200\u00a0livres sterling (221\u00a0francs) et les r\u00e9cidivistes risquent jusqu\u2019\u00e0 deux ans de prison. La loi a \u00e9t\u00e9 initi\u00e9e par le pr\u00e9c\u00e9dent gouvernement conservateur.<\/p>\n<p>Lire aussi: <a href=\"https:\/\/www.letemps.ch\/articles\/rebecca-ruiz-l-augmentation-importante-de-la-consommation-des-puffs-est-preoccupante\" rel=\"nofollow noopener\" target=\"_blank\">Rebecca Ruiz: \u00abL\u2019augmentation importante de la consommation des \u00abpuffs\u00bb est pr\u00e9occupante\u00bb<\/a>  <\/p>\n<p>40 tonnes de lithium jet\u00e9es par an<\/p>\n<p>En 2024, pr\u00e8s de cinq millions de ces \u00abpuffs\u00bb ont \u00e9t\u00e9 jet\u00e9s chaque semaine, selon l\u2019association Material Focus. Cela repr\u00e9sente plus de 40 tonnes de lithium par an, de quoi alimenter 5000 v\u00e9hicules \u00e9lectriques, selon l\u2019ONG. Les cigarettes \u00e9lectroniques jet\u00e9es pr\u00e9sentent par ailleurs un risque de prendre feu parmi les d\u00e9chets m\u00e9nagers.<\/p>\n<p>Selon l\u2019association Action on Smoking and Health (ASH), 11% des adultes britanniques vapotent, l\u2019\u00e9quivalent de 5,6\u00a0millions de personnes, et 18% des 11-17\u00a0ans, soit environ 980\u00a0000 jeunes, ont vapot\u00e9 en 2024. \u00abCette nouvelle loi est une \u00e9tape pour r\u00e9duire le vapotage chez les enfants, tout en veillant \u00e0 ce que des produits soient disponibles pour aider les gens \u00e0 arr\u00eater de fumer\u00bb, a d\u00e9clar\u00e9 Caroline Cerny, directrice ex\u00e9cutive adjointe d\u2019ASH.<\/p>\n<p>Les cigarettes \u00e9lectroniques ne produisent ni goudron ni monoxyde de carbone, deux des \u00e9l\u00e9ments les plus nocifs de la fum\u00e9e de tabac, mais contiennent de la nicotine, hautement addictive.<\/p>\n<p>Lire aussi: <a href=\"https:\/\/www.letemps.ch\/articles\/interdiction-des-puffs-en-france-la-suisse-pourrait-suivre-le-mouvement\" rel=\"nofollow noopener\" target=\"_blank\">Interdiction des \u00abpuffs\u00bb en France: la Suisse pourrait suivre le mouvement<\/a>  <\/p>\n","protected":false},"excerpt":{"rendered":"Les cigarettes \u00e9lectroniques jetables, en vogue chez les jeunes, seront interdites \u00e0 la vente dimanche au Royaume-Uni. Le&hellip;\n","protected":false},"author":2,"featured_media":140973,"comment_status":"","ping_status":"","sticky":false,"template":"","format":"standard","meta":{"footnotes":""},"categories":[1588],"tags":[11,1777,674,4438,12,473,1853,1851,1850,1852],"class_list":{"0":"post-140972","1":"post","2":"type-post","3":"status-publish","4":"format-standard","5":"has-post-thumbnail","7":"category-royaume-uni","8":"tag-actualites","9":"tag-eu","10":"tag-europe","11":"tag-free","12":"tag-news","13":"tag-royaume-uni","14":"tag-royaume-uni-de-grande-bretagne-et-dirlande-du-nord","15":"tag-uk","16":"tag-united-kingdom","17":"tag-united-kingdom-of-great-britain-and-northern-ireland"},"share_on_mastodon":{"url":"https:\/\/pubeurope.com\/@fr\/114600908172245763","error":""},"_links":{"self":[{"href":"https:\/\/www.europesays.com\/fr\/wp-json\/wp\/v2\/posts\/140972","targetHints":{"allow":["GET"]}}],"collection":[{"href":"https:\/\/www.europesays.com\/fr\/wp-json\/wp\/v2\/posts"}],"about":[{"href":"https:\/\/www.europesays.com\/fr\/wp-json\/wp\/v2\/types\/post"}],"author":[{"embeddable":true,"href":"https:\/\/www.europesays.com\/fr\/wp-json\/wp\/v2\/users\/2"}],"replies":[{"embeddable":true,"href":"https:\/\/www.europesays.com\/fr\/wp-json\/wp\/v2\/comments?post=140972"}],"version-history":[{"count":0,"href":"https:\/\/www.europesays.com\/fr\/wp-json\/wp\/v2\/posts\/140972\/revisions"}],"wp:featuredmedia":[{"embeddable":true,"href":"https:\/\/www.europesays.com\/fr\/wp-json\/wp\/v2\/media\/140973"}],"wp:attachment":[{"href":"https:\/\/www.europesays.com\/fr\/wp-json\/wp\/v2\/media?parent=140972"}],"wp:term":[{"taxonomy":"category","embeddable":true,"href":"https:\/\/www.europesays.com\/fr\/wp-json\/wp\/v2\/categories?post=140972"},{"taxonomy":"post_tag","embeddable":true,"href":"https:\/\/www.europesays.com\/fr\/wp-json\/wp\/v2\/tags?post=140972"}],"curies":[{"name":"wp","href":"https:\/\/api.w.org\/{rel}","templated":true}]}}