{"id":140978,"date":"2025-05-31T05:59:09","date_gmt":"2025-05-31T05:59:09","guid":{"rendered":"https:\/\/www.europesays.com\/fr\/140978\/"},"modified":"2025-05-31T05:59:09","modified_gmt":"2025-05-31T05:59:09","slug":"les-detaillants-francais-desobligent-illegalement-notre-viande","status":"publish","type":"post","link":"https:\/\/www.europesays.com\/fr\/140978\/","title":{"rendered":"les d\u00e9taillants fran\u00e7ais d\u00e9sobligent ill\u00e9galement notre viande"},"content":{"rendered":"<p>Un groupe de hall repr\u00e9sentant les producteurs de b\u00e9tail du Br\u00e9sil a d\u00e9pos\u00e9 une plainte mardi aupr\u00e8s de la Commission europ\u00e9enne all\u00e9guant que les meilleurs supermarch\u00e9s fran\u00e7ais ont enfreint le droit de l\u2019UE en respectant leur viande.<\/p>\n<p>La conf\u00e9d\u00e9ration agricole et l\u2019\u00e9levage (CNA) all\u00e8gue que quatre meilleurs d\u00e9taillants fran\u00e7ais \u2013 Carrefour, Les Mousquetaires, E.Leclerc et coop\u00e9ratifs U \u2013 coordonn\u00e9 pour boycotter et d\u00e9nigrer les produits de viande du Br\u00e9sil et le pacte commercial du Mercosur des pays sud-am\u00e9ricains.<\/p>\n<p>L\u2019ACC d\u00e9clare dans sa plainte que les quatre cha\u00eenes contr\u00f4lent collectivement 75% du march\u00e9 national de la France et qu\u2019ils ont enfreint les r\u00e8gles de concurrence de l\u2019UE en novembre lorsque leurs dirigeants ont critiqu\u00e9 l\u2019accord commercial de l\u2019UE-Mercosur.<\/p>\n<p>L\u2019accord, finalis\u00e9 en d\u00e9cembre par l\u2019ex\u00e9cutif de l\u2019UE et les quatre \u00c9tats membres du Mercosur \u2013 l\u2019Argentine, le Br\u00e9sil, le Paraguay et l\u2019Uruguay \u2013 ont d\u00e9clench\u00e9 des manifestations d\u2019agriculteurs fran\u00e7ais pr\u00e9occup\u00e9s par le fait que l\u2019Europe soit inond\u00e9 de viande sud-am\u00e9ricaine.<\/p>\n<p>Les agriculteurs br\u00e9siliens veulent finalement acc\u00e8s au march\u00e9 de l\u2019UE, a d\u00e9clar\u00e9 la s\u00e9natrice br\u00e9silienne Tereza Cristina dans une interview \u00e0 Bruxelles, ajoutant que les r\u00e9clamations diffamatoires contre le b\u0153uf br\u00e9silien menacent de limiter les opportunit\u00e9s que l\u2019accord commercial offre.<\/p>\n<p>L\u2019ACN all\u00e8gue qu\u2019une s\u00e9rie d\u2019annonces \u2013 \u00e0 commencer par un poste LinkedIn du 20 novembre du PDG de Carrefour, Alexandre Bompard, d\u00e9clarant que son entreprise cesserait de vendre de la viande de Mercosur \u2013 faisait partie d\u2019une campagne de diffamation plus large. <\/p>\n<p><img loading=\"lazy\" decoding=\"async\" width=\"1024\" height=\"683\" src=\"data:image\/svg+xml,%3Csvg%20xmlns=\" http:=\"\" alt=\"\" class=\"wp-image-6686106\" data-lazy-src=\"https:\/\/www.europesays.com\/fr\/wp-content\/uploads\/2025\/05\/Bresil-Farm-Lobby-a-lUE-les-detaillants-francais-desobligent-illegalement.jpg\"\/>L\u2019accord, finalis\u00e9 en d\u00e9cembre par l\u2019ex\u00e9cutif de l\u2019UE et les quatre \u00c9tats membres du Mercosur \u2013 l\u2019Argentine, le Br\u00e9sil, le Paraguay et l\u2019Uruguay \u2013 ont d\u00e9clench\u00e9 des manifestations d\u2019agriculteurs fran\u00e7ais pr\u00e9occup\u00e9s par le fait que l\u2019Europe soit inond\u00e9 de viande sud-am\u00e9ricaine. | Guillaume Horcajuelo \/ Efe via l\u2019EPA<\/p>\n<p>Quelques jours plus tard, le PDG de Coop\u00e9ratif U, Dominique Schelcher, a d\u00e9clar\u00e9 \u00e0 un programme de nouvelles fran\u00e7ais que la viande vendue par la cha\u00eene \u00e9tait 100% fran\u00e7aise et qu \u2018\u00a0\u00bbil n\u2019y a pas de viande br\u00e9silienne aujourd\u2019hui, et il n\u2019y en aura pas demain\u00a0\u00bb dans ses magasins.<\/p>\n<p>Le groupe des agriculteurs br\u00e9siliens affirme que les pr\u00e9occupations soulev\u00e9es par ces d\u00e9clarations coordonn\u00e9es ne sont pas fond\u00e9es, car toutes les viande import\u00e9e dans le bloc du Br\u00e9sil sont conformes aux normes rigoureuses de s\u00e9curit\u00e9 alimentaire de l\u2019UE. L\u2019AIIC souligne \u00e9galement que les annonces des d\u00e9taillants ont explicitement appel\u00e9 \u00e0 la \u00absolidarit\u00e9\u00bb et ont encourag\u00e9 d\u2019autres acteurs du march\u00e9 \u00e0 rejoindre leur boycott de la viande de Mercosur.<\/p>\n<p>\u00ab\u00a0Les probl\u00e8mes internes devraient \u00eatre r\u00e9solus en interne\u00a0\u00bb, a d\u00e9clar\u00e9 Cristina. \u00ab\u00a0La France devrait r\u00e9soudre le leur \u2026 pas par la badmouting et le diffamation des produits d\u2019autres pays qui sont leurs concurrents.\u00a0\u00bb <\/p>\n<p>La plainte all\u00e8gue que les d\u00e9taillants de l\u2019\u00e9picerie pourraient violer \u00e0 la fois les r\u00e8gles anti-carri\u00e8re de l\u2019UE et son interdiction de l\u2019abus de domination. Ils soup\u00e7onnent que le boycott de la viande br\u00e9silienne est en cours.   <\/p>\n<p>L\u2019association demande \u00e0 la Commission d\u2019intervenir car ils craignent que les dommages caus\u00e9s par la conduite des d\u00e9taillants ne se limitent pas \u00e0 la France, \u00e9tant donn\u00e9 leur pr\u00e9sence dans d\u2019autres \u00c9tats membres de l\u2019UE.<\/p>\n<p>\u00ab\u00a0Nous avons re\u00e7u la plainte, que nous \u00e9valuons actuellement en vertu de nos proc\u00e9dures standard\u00a0\u00bb, a d\u00e9clar\u00e9 \u00e0 L\u2019Observatoire de l\u2019Europe un porte-parole de la Commission.<\/p>\n<p>Carrefour, Les Mousquetaires, E.Leclerc et coop\u00e9ratifs U n\u2019ont pas r\u00e9pondu aux demandes de L\u2019Observatoire de l\u2019Europe pour commentaires.<\/p>\n","protected":false},"excerpt":{"rendered":"Un groupe de hall repr\u00e9sentant les producteurs de b\u00e9tail du Br\u00e9sil a d\u00e9pos\u00e9 une plainte mardi aupr\u00e8s de&hellip;\n","protected":false},"author":2,"featured_media":140979,"comment_status":"","ping_status":"","sticky":false,"template":"","format":"standard","meta":{"footnotes":""},"categories":[1586],"tags":[11,327,26845,26846,26847,827,26848,1777,26849,674,1779,13309,26850,26851,1011,27,26852,21426,12,26853,25,5809,26854,1778,364,26855],"class_list":{"0":"post-140978","1":"post","2":"type-post","3":"status-publish","4":"format-standard","5":"has-post-thumbnail","7":"category-europe","8":"tag-actualites","9":"tag-agriculture","10":"tag-argentina","11":"tag-beef","12":"tag-brazil","13":"tag-competition","14":"tag-competition-rules","15":"tag-eu","16":"tag-eu-competition","17":"tag-europe","18":"tag-european-union","19":"tag-european-commission","20":"tag-farmers","21":"tag-food-safety","22":"tag-fr","23":"tag-france","24":"tag-meat","25":"tag-mercosur","26":"tag-news","27":"tag-paraguay","28":"tag-republique-francaise","29":"tag-trade","30":"tag-trade-agreements","31":"tag-ue","32":"tag-union-europeenne","33":"tag-uruguay"},"share_on_mastodon":{"url":"https:\/\/pubeurope.com\/@fr\/114600920105839088","error":""},"_links":{"self":[{"href":"https:\/\/www.europesays.com\/fr\/wp-json\/wp\/v2\/posts\/140978","targetHints":{"allow":["GET"]}}],"collection":[{"href":"https:\/\/www.europesays.com\/fr\/wp-json\/wp\/v2\/posts"}],"about":[{"href":"https:\/\/www.europesays.com\/fr\/wp-json\/wp\/v2\/types\/post"}],"author":[{"embeddable":true,"href":"https:\/\/www.europesays.com\/fr\/wp-json\/wp\/v2\/users\/2"}],"replies":[{"embeddable":true,"href":"https:\/\/www.europesays.com\/fr\/wp-json\/wp\/v2\/comments?post=140978"}],"version-history":[{"count":0,"href":"https:\/\/www.europesays.com\/fr\/wp-json\/wp\/v2\/posts\/140978\/revisions"}],"wp:featuredmedia":[{"embeddable":true,"href":"https:\/\/www.europesays.com\/fr\/wp-json\/wp\/v2\/media\/140979"}],"wp:attachment":[{"href":"https:\/\/www.europesays.com\/fr\/wp-json\/wp\/v2\/media?parent=140978"}],"wp:term":[{"taxonomy":"category","embeddable":true,"href":"https:\/\/www.europesays.com\/fr\/wp-json\/wp\/v2\/categories?post=140978"},{"taxonomy":"post_tag","embeddable":true,"href":"https:\/\/www.europesays.com\/fr\/wp-json\/wp\/v2\/tags?post=140978"}],"curies":[{"name":"wp","href":"https:\/\/api.w.org\/{rel}","templated":true}]}}