{"id":140982,"date":"2025-05-31T06:01:15","date_gmt":"2025-05-31T06:01:15","guid":{"rendered":"https:\/\/www.europesays.com\/fr\/140982\/"},"modified":"2025-05-31T06:01:15","modified_gmt":"2025-05-31T06:01:15","slug":"psg-inter-milan-supporters-impatients-et-joueurs-tranquilles-les-dernieres-heures-excitantes-de-paris-a-munich","status":"publish","type":"post","link":"https:\/\/www.europesays.com\/fr\/140982\/","title":{"rendered":"PSG-Inter Milan\u00a0: supporters impatients et joueurs tranquilles\u2026 les derni\u00e8res heures excitantes de Paris \u00e0 Munich"},"content":{"rendered":"<p class=\"paragraph text_align_left\">Elle est l\u00e0, elle est belle, majestueuse et elle se dresse devant les supporters de <a href=\"https:\/\/www.leparisien.fr\/sports\/football\/psg\/\" target=\"_blank\" rel=\"noreferrer nofollow noopener\">PSG<\/a> et de l\u2019Inter Milan venus \u00e0 Munich vivre le plus beau jour de leur vie. La reproduction XXL de la Coupe aux grandes oreilles qui tr\u00f4ne dans le parc olympique de la cit\u00e9 bavaroise abritant le stade o\u00f9 <a href=\"https:\/\/www.leparisien.fr\/sports\/football\/ligue-des-champions\/de-munich-1993-a-munich-2025-de-lom-au-psg-le-foot-francais-face-a-sa-longue-quete-en-ligue-des-champions-08-05-2025-3SG4YPP3BZBAZMBSMBUKJCH45M.php\" target=\"_blank\" rel=\"noreferrer nofollow noopener\">l\u2019OM l\u2019avait soulev\u00e9 en 1993<\/a>, rappelle l\u2019immensit\u00e9 du moment, le caract\u00e8re unique de ce rendez-vous dont chacun r\u00eave en d\u00e9but de saison et qui prend v\u00e9ritablement forme ce week-end.<\/p>\n<p class=\"lp-f-ui-06 bet-widget_legal-notices lp-color-text-muted lp-mb-07\">LES JEUX D&rsquo;ARGENT ET DE HASARD PEUVENT \u00caTRE DANGEREUX : PERTES D&rsquo;ARGENT, CONFLITS FAMILIAUX, ADDICTION\u2026 RETROUVEZ NOS CONSEILS SUR <a href=\"https:\/\/joueurs-info-service.fr\/\" class=\"lp-color-text-muted\" rel=\"nofollow noopener\" target=\"_blank\">JOUEURS-INFO-SERVICE.FR<\/a> (09 74 75 13 13 &#8211; APPEL NON SURTAX\u00c9)<\/p>\n<p class=\"paragraph text_align_left\">Oui, cette fois-ci on y est, vraiment, et apr\u00e8s trois semaines d\u2019attente, Paris fait enfin face \u00e0 son destin et a rendez-vous avec l\u2019histoire samedi soir \u00e0 <a href=\"https:\/\/www.leparisien.fr\/sports\/football\/ligue-des-champions\/psg-inter-milan-pourquoi-le-stade-de-munich-ne-sappellera-pas-allianz-arena-ce-samedi-pour-la-finale-30-05-2025-SQK75XJNRRB3BINVEX26IH7N7A.php\" target=\"_self\" rel=\"nofollow noopener\">l\u2019Allianz Arena<\/a>. \u00ab C\u2019est une chance unique de vivre ce moment, confie un membre de la d\u00e9l\u00e9gation du PSG. On sait, potentiellement, que \u00e7a ne se reproduira pas tout de suite. Il faut en profiter. \u00bb<\/p>\n<p class=\"paragraph text_align_left\">Un constat pleinement partag\u00e9 par <a href=\"https:\/\/www.leparisien.fr\/sports\/football\/ligue-des-champions\/psg-inter-milan-il-y-a-un-avant-et-un-apres-kylian-mbappe-rappelle-ousmane-dembele-avant-la-finale-30-05-2025-7JLIG6NGMFCEFOQCAYX7LISOR4.php\" target=\"_self\" rel=\"nofollow noopener\">Ousmane Demb\u00e9l\u00e9 <\/a>qui veut savourer l\u2019instant pr\u00e9sent et simplement kiffer. \u00ab C\u2019est exceptionnel d\u2019\u00eatre ici. On prend cette finale avec s\u00e9rieux mais aussi beaucoup de joie, remarque le meilleur buteur parisien. Il va falloir contenir ses \u00e9motions, jouer avec calme et le sourire. \u00bb<\/p>\n<p class=\"paragraph text_align_left\">Le terrain de jeu est d\u2019ailleurs id\u00e9al. On n\u2019a pas attendu cette jolie et chaude journ\u00e9e ensoleill\u00e9e de la fin du mois de mai pour savoir que l\u2019Allemagne \u00e9tait un vrai pays de foot, mais Munich a, comme attendu, fait honneur \u00e0 la plus prestigieuse des comp\u00e9titions de clubs qui s\u2019affiche \u00e0 de multiples endroits du centre-ville.<\/p>\n<p>\u00ab Toute ma vie j\u2019en ai r\u00eav\u00e9 \u00bb<\/p>\n<p class=\"paragraph text_align_left\"><a href=\"https:\/\/www.leparisien.fr\/sports\/football\/ligue-des-champions\/\" target=\"_blank\" rel=\"noreferrer nofollow noopener\">Ligue des champions<\/a>, trois mots qui donnent le sourire et font briller les yeux de Maxime, crois\u00e9 au \u00ab Champions Festival \u00bb, un endroit o\u00f9 les fans des deux camps peuvent se r\u00e9unir et se divertir avant cette folle \u00e9ch\u00e9ance. Un moment qui para\u00eet \u00e0 la fois si proche et si lointain\u2026<\/p>\n<p class=\"paragraph text_align_left\">\u00ab Toute ma vie j\u2019en ai r\u00eav\u00e9. \u00catre l\u00e0 pour vivre une finale de Ligue des champions de mon club pr\u00e9f\u00e9r\u00e9, c\u2019est juste fou, glisse-t-il, impatient. J\u2019ai encore du mal \u00e0 prendre conscience qu\u2019on sera acteurs de ce match qu\u2019on a l\u2019habitude de regarder \u00e0 la TV. On r\u00e9alisera la port\u00e9e de l\u2019\u00e9v\u00e9nement demain au stade. Mais l\u2019attente est interminable, je compte les heures avec d\u2019autres Parisiens crois\u00e9s dans la ville. \u00bb<\/p>\n<p class=\"paragraph text_align_left\">Ce vendredi apr\u00e8s-midi, on distinguait quelques chants \u00e0 la gloire du club de la capitale dans le ciel munichois, du c\u00f4t\u00e9 de la fameuse Marienplatz, tandis que des techniciens s\u2019affairaient \u00e0 la pr\u00e9paration de la fan-zone de K\u00f6nigsplatz destin\u00e9e, samedi, aux 18 000 supporters du PSG, qui rallient au compte-goutte la Bavi\u00e8re <a href=\"https:\/\/www.leparisien.fr\/sports\/football\/ligue-des-champions\/psg-voiture-car-avion-train-grande-debrouille-pour-la-grande-vadrouille-entre-paris-et-munich-20-05-2025-UGUJMHVBYZH3HFYYUKWGD7AIKA.php\" target=\"_blank\" rel=\"noreferrer nofollow noopener\">en voiture, train, car ou avion<\/a>.<\/p>\n<p class=\"paragraph text_align_left\">Ils n\u2019\u00e9taient d\u2019ailleurs qu\u2019une petite poign\u00e9e \u2013 on notera tout de m\u00eame la pr\u00e9sence d\u2019un supporter venu de Singapour \u2013 \u00e0 accueillir \u00e0 13h20 les joueurs de <a href=\"https:\/\/www.leparisien.fr\/sports\/football\/ligue-des-champions\/luis-enrique-les-secrets-dun-homme-a-part-comment-le-chef-de-bande-a-conquis-le-vestiaire-du-psg-30-05-2025-BRSNDAEOO5E5NOH4RIOC22WOVU.php\" target=\"_blank\" rel=\"noreferrer nofollow noopener\">Luis Enrique<\/a> \u00e0 l\u2019Infinity Hotel &amp; Conference, \u00e9tablissement situ\u00e9 dans une zone industrielle. Un endroit propice pour pr\u00e9parer dans le calme et la s\u00e9r\u00e9nit\u00e9 cette finale, comme ils l\u2019ont fait depuis le d\u00e9but de la semaine.<\/p>\n<p class=\"paragraph text_align_left\">Malgr\u00e9 la grandeur de l\u2019\u00e9v\u00e9nement, le groupe parisien d\u00e9tendu, parfois hilare, et serein n\u2019a rien chang\u00e9 \u00e0 ses habitudes : d\u00e9jeuner \u00e0 l\u2019h\u00f4tel, haie d\u2019honneur pour Arnau Tenas, dont c\u2019\u00e9tait l\u2019anniversaire ce vendredi, et un entra\u00eenement classique de veille de match avec des exercices ordinaires.<\/p>\n<p class=\"paragraph text_align_left\">Il y a bien eu quelques apart\u00e9s ici et l\u00e0, Luis Enrique discutant de longues secondes avec Ousmane Demb\u00e9l\u00e9 ou <a href=\"https:\/\/www.leparisien.fr\/sports\/football\/ligue-1\/il-aurait-pu-aller-nimporte-ou-et-il-est-reste-marquinhos-ame-du-psg-amoureux-de-paris-23-05-2025-5WVV665LGRHFHDEXZ4XHKEAHDE.php\" target=\"_blank\" rel=\"noreferrer nofollow noopener\">Marquinhos<\/a> pendant la s\u00e9ance\u2026 avant de les applaudir plus tardivement \u00e0 la sortie de leur conf\u00e9rence de presse, mais la routine globale \u00e9tait la m\u00eame.<\/p>\n<p>\u00ab C\u2019est fou d\u2019\u00eatre de retour \u00e0 Munich \u00bb<\/p>\n<p class=\"paragraph text_align_left\">Les sourires affich\u00e9s au moment de fouler la pelouse de l\u2019Allianz Arena en disent long sur cette confiance teint\u00e9e de fiert\u00e9 au regard du chemin parcouru depuis plusieurs mois. \u00ab C\u2019est fou d\u2019\u00eatre de retour ici quand on repense au match perdu contre le Bayern en novembre \u00bb, souffle un proche du groupe.<\/p>\n<p class=\"paragraph text_align_left\">Dans cette derni\u00e8re ligne droite, il lui restera encore \u00e0 g\u00e9rer ces ultimes heures, aussi ind\u00e9cises que d\u00e9licieuses. \u00ab Il n\u2019y a pas beaucoup de secrets : il faut bien manger, bien dormir, faire les soins. Parler avec les partenaires. Ce sont des d\u00e9tails mais tout le monde est pr\u00eat, rappelle le capitaine Marquinhos. Il faut attendre le moment sans se mettre trop de pression. Je ne veux pas laisser passer cette opportunit\u00e9. Il faut \u00e9norm\u00e9ment d\u2019efforts pour parvenir \u00e0 ce niveau. \u00c0 nous de faire ce qu\u2019il faut pour ramener le troph\u00e9e pour les supporters et notre famille. \u00bb Paris est pr\u00eat \u00e0 br\u00fbler de plaisir.<\/p>\n","protected":false},"excerpt":{"rendered":"Elle est l\u00e0, elle est belle, majestueuse et elle se dresse devant les supporters de PSG et de&hellip;\n","protected":false},"author":2,"featured_media":140983,"comment_status":"","ping_status":"","sticky":false,"template":"","format":"standard","meta":{"footnotes":""},"categories":[2],"tags":[11,63,1011,27,447,12,25,60],"class_list":{"0":"post-140982","1":"post","2":"type-post","3":"status-publish","4":"format-standard","5":"has-post-thumbnail","7":"category-actualites","8":"tag-actualites","9":"tag-football","10":"tag-fr","11":"tag-france","12":"tag-ligue-des-champions","13":"tag-news","14":"tag-republique-francaise","15":"tag-sports"},"share_on_mastodon":{"url":"https:\/\/pubeurope.com\/@fr\/114600927835980650","error":""},"_links":{"self":[{"href":"https:\/\/www.europesays.com\/fr\/wp-json\/wp\/v2\/posts\/140982","targetHints":{"allow":["GET"]}}],"collection":[{"href":"https:\/\/www.europesays.com\/fr\/wp-json\/wp\/v2\/posts"}],"about":[{"href":"https:\/\/www.europesays.com\/fr\/wp-json\/wp\/v2\/types\/post"}],"author":[{"embeddable":true,"href":"https:\/\/www.europesays.com\/fr\/wp-json\/wp\/v2\/users\/2"}],"replies":[{"embeddable":true,"href":"https:\/\/www.europesays.com\/fr\/wp-json\/wp\/v2\/comments?post=140982"}],"version-history":[{"count":0,"href":"https:\/\/www.europesays.com\/fr\/wp-json\/wp\/v2\/posts\/140982\/revisions"}],"wp:featuredmedia":[{"embeddable":true,"href":"https:\/\/www.europesays.com\/fr\/wp-json\/wp\/v2\/media\/140983"}],"wp:attachment":[{"href":"https:\/\/www.europesays.com\/fr\/wp-json\/wp\/v2\/media?parent=140982"}],"wp:term":[{"taxonomy":"category","embeddable":true,"href":"https:\/\/www.europesays.com\/fr\/wp-json\/wp\/v2\/categories?post=140982"},{"taxonomy":"post_tag","embeddable":true,"href":"https:\/\/www.europesays.com\/fr\/wp-json\/wp\/v2\/tags?post=140982"}],"curies":[{"name":"wp","href":"https:\/\/api.w.org\/{rel}","templated":true}]}}