{"id":140984,"date":"2025-05-31T06:02:09","date_gmt":"2025-05-31T06:02:09","guid":{"rendered":"https:\/\/www.europesays.com\/fr\/140984\/"},"modified":"2025-05-31T06:02:09","modified_gmt":"2025-05-31T06:02:09","slug":"les-u17-avenir-84-veulent-le-titre-de-champion-de-france","status":"publish","type":"post","link":"https:\/\/www.europesays.com\/fr\/140984\/","title":{"rendered":"les U17 Avenir 84 veulent le titre de champion de France"},"content":{"rendered":"<p>Auteur d&rsquo;un magnifique parcours tout au long du championnat, Avenir 84, qui est le fruit d&rsquo;une entente entre <a href=\"https:\/\/www.laprovence.com\/article\/sports\/4094202209539214\/handball-n2-feminine-mazan-sorgues-na-laisse-aucune-chance-a-avignon\" target=\"_blank\" rel=\"noopener\">Mazan<\/a>, Sorgues, <a href=\"https:\/\/www.laprovence.com\/article\/sports\/357527907709214\/handball-n3-avignon-veut-vite-revenir-en-nationale-2\" target=\"_blank\" rel=\"noopener\">Avignon<\/a>, <a href=\"https:\/\/www.laprovence.com\/article\/sports\/15472383242866\/handball-le-club-du-thor-menace-de-disparaitre\" target=\"_blank\" rel=\"noopener\">Le Thor<\/a> et <a href=\"https:\/\/www.laprovence.com\/article\/edition-arles\/6803145\/le-club-de-handball-souffle-ses-50-bougies.html\" target=\"_blank\" rel=\"noopener\">Ch\u00e2teaurenard<\/a>, veut aller au bout de son r\u00eave : d\u00e9crocher le titre de champion de France chez les f\u00e9minines U17.<\/p>\n<p>Avec une ambiance m\u00ealant enthousiasme, concentration et d\u00e9termination, l&rsquo;\u00e9quipe, qui n&rsquo;a perdu que deux matches cette saison, se sent bien et n&rsquo;h\u00e9site pas \u00e0 le montrer sur le terrain. Elle peut m\u00eame compter sur sa mentalit\u00e9 d&rsquo;acier pour transformer la pression en une force. Chose qui sera n\u00e9cessaire pour ces derni\u00e8res finalit\u00e9s.<\/p>\n<p>\u00ab\u00a0Les filles sont des comp\u00e9titrices et ont activ\u00e9 le mode guerri\u00e8re, annonce le coentra\u00eeneur J\u00e9r\u00e9my Mourier. On y va en essayant de tout casser et de faire le plus de choses possibles. Il y a z\u00e9ro pression n\u00e9gative, c&rsquo;est plut\u00f4t de la pression positive qui nous motive\u00a0\u00bb.<\/p>\n<p>Vinsonneau : \u00ab\u00a0Elles ont des ambitions tr\u00e8s hautes\u00a0\u00bb<\/p>\n<p>Port\u00e9e par des cadres qui savent se mettre au service du collectif, cette g\u00e9n\u00e9ration conqu\u00e9rante tient \u00e0 prouver que le statut non professionnel d&rsquo;un club n&rsquo;est pas r\u00e9dhibitoire pour viser les sommets. Depuis d\u00e9j\u00e0 deux ans, elle est en train d&rsquo;\u00e9crire son histoire sur les murs du club et du championnat de France. Tr\u00e8s performantes en championnat, les joueuses, qualifi\u00e9es en demi-finale, r\u00e9alisent l&rsquo;exploit d&rsquo;\u00eatre les premi\u00e8res \u00e0 se qualifier aussi loin, au sein du club Avenir 84.<\/p>\n<p>\u00ab\u00a0Elles ont des ambitions tr\u00e8s hautes et se sentent tr\u00e8s investies dans le projet. Si elles ont des doutes parfois, on est l\u00e0 pour les rassurer et les motiver\u00a0\u00bb, indique le coentra\u00eeneur Karl Vinsonneau.<\/p>\n<p>Cette force de caract\u00e8re pr\u00e9sente chez les filles de l&rsquo;\u00e9quipe devient une r\u00e9elle source d&rsquo;inspiration pour les plus jeunes g\u00e9n\u00e9rations du club ou m\u00eame du d\u00e9partement. Pour ce samedi, une finale est \u00e0 aller chercher pour prolonger ce r\u00eave.<\/p>\n<p>AUJOURD&rsquo;HUIM\u00e9rignac &#8211; Saint-Maur (17h15),Avenir 84 &#8211; JDA Dijon (19h30).DEMAIN3e place (11h), finale (15h).<\/p>\n","protected":false},"excerpt":{"rendered":"Auteur d&rsquo;un magnifique parcours tout au long du championnat, Avenir 84, qui est le fruit d&rsquo;une entente entre&hellip;\n","protected":false},"author":2,"featured_media":140985,"comment_status":"","ping_status":"","sticky":false,"template":"","format":"standard","meta":{"footnotes":""},"categories":[4],"tags":[17,11,3232,3362,1011,27,1792,151,12,25,60,11933,8532,4925],"class_list":{"0":"post-140984","1":"post","2":"type-post","3":"status-publish","4":"format-standard","5":"has-post-thumbnail","7":"category-france","8":"tag-17","9":"tag-actualites","10":"tag-avenir","11":"tag-champion","12":"tag-fr","13":"tag-france","14":"tag-handball","15":"tag-les","16":"tag-news","17":"tag-republique-francaise","18":"tag-sports","19":"tag-titre","20":"tag-u17","21":"tag-veulent"},"share_on_mastodon":{"url":"https:\/\/pubeurope.com\/@fr\/114600932216041420","error":""},"_links":{"self":[{"href":"https:\/\/www.europesays.com\/fr\/wp-json\/wp\/v2\/posts\/140984","targetHints":{"allow":["GET"]}}],"collection":[{"href":"https:\/\/www.europesays.com\/fr\/wp-json\/wp\/v2\/posts"}],"about":[{"href":"https:\/\/www.europesays.com\/fr\/wp-json\/wp\/v2\/types\/post"}],"author":[{"embeddable":true,"href":"https:\/\/www.europesays.com\/fr\/wp-json\/wp\/v2\/users\/2"}],"replies":[{"embeddable":true,"href":"https:\/\/www.europesays.com\/fr\/wp-json\/wp\/v2\/comments?post=140984"}],"version-history":[{"count":0,"href":"https:\/\/www.europesays.com\/fr\/wp-json\/wp\/v2\/posts\/140984\/revisions"}],"wp:featuredmedia":[{"embeddable":true,"href":"https:\/\/www.europesays.com\/fr\/wp-json\/wp\/v2\/media\/140985"}],"wp:attachment":[{"href":"https:\/\/www.europesays.com\/fr\/wp-json\/wp\/v2\/media?parent=140984"}],"wp:term":[{"taxonomy":"category","embeddable":true,"href":"https:\/\/www.europesays.com\/fr\/wp-json\/wp\/v2\/categories?post=140984"},{"taxonomy":"post_tag","embeddable":true,"href":"https:\/\/www.europesays.com\/fr\/wp-json\/wp\/v2\/tags?post=140984"}],"curies":[{"name":"wp","href":"https:\/\/api.w.org\/{rel}","templated":true}]}}