{"id":141004,"date":"2025-05-31T06:14:11","date_gmt":"2025-05-31T06:14:11","guid":{"rendered":"https:\/\/www.europesays.com\/fr\/141004\/"},"modified":"2025-05-31T06:14:11","modified_gmt":"2025-05-31T06:14:11","slug":"sylvain-tesson-stacks-en-stock-liberation","status":"publish","type":"post","link":"https:\/\/www.europesays.com\/fr\/141004\/","title":{"rendered":"Sylvain Tesson, stacks en stock \u2013 Lib\u00e9ration"},"content":{"rendered":"<p class=\"sc-ksZaOG ehjQrN text-element\">\u00abIl demeure, isol\u00e9. Un jour, il dispara\u00eetra. Pour l\u2019heure il marque le point jusqu\u2019o\u00f9 avan\u00e7ait l\u2019ancien littoral. C\u2019est une ruine, un t\u00e9moin, un souvenir. La relique de ce qui fut. C\u2019est le stack.\u00bb Si on le d\u00e9finit de mani\u00e8re plus prosa\u00efque que Sylvain Tesson, un stack est un pilier de pierre s\u00e9par\u00e9 de la c\u00f4te par l\u2019\u00e9rosion. Pour l\u2019auteur aventurier (et sujet de <a href=\"https:\/\/www.liberation.fr\/idees-et-debats\/tribunes\/nous-refusons-que-sylvain-tesson-parraine-le-printemps-des-poetes-par-un-collectif-dont-baptiste-beaulieu-chloe-delaume-jean-damerique-20240118_RR6GMDTTHFFXNGLP7GG7DZ2ZFU\/?redirected=1\" target=\"_blank\" rel=\"noopener\" title=\"https:\/\/www.liberation.fr\/idees-et-debats\/tribunes\/nous-refusons-que-sylvain-tesson-parraine-le-printemps-des-poetes-par-un-collectif-dont-baptiste-beaulieu-chloe-delaume-jean-damerique-20240118_RR6GMDTTHFFXNGLP7GG7DZ2ZFU\/?redirected=1\">pol\u00e9miques<\/a>), c\u2019est un nouvel objet d\u2019exploration et de contemplation. Apr\u00e8s s\u2019\u00eatre rendu au Tibet pour <a href=\"https:\/\/www.liberation.fr\/portraits\/vincent-munier-lage-de-glace-20211213_NMSTSMAVBRC2DJD4REO3ZA75ZI\/\" target=\"_blank\" rel=\"noopener\" title=\"https:\/\/www.liberation.fr\/portraits\/vincent-munier-lage-de-glace-20211213_NMSTSMAVBRC2DJD4REO3ZA75ZI\/\">la Panth\u00e8re des neiges<\/a>, en Russie pour <a href=\"https:\/\/www.liberation.fr\/livres\/2011\/10\/20\/classement-datalib-des-ventes-de-livres_769099\/\" target=\"_blank\" rel=\"noopener\" title=\"https:\/\/www.liberation.fr\/livres\/2011\/10\/20\/classement-datalib-des-ventes-de-liv&lt;\/p&gt;&lt;\/div&gt;&lt;\/article&gt;&lt;\/div&gt;&lt;div data-fusion-lazy-id=\" f0f8vgvlad832fw=\"\"><\/p>\n","protected":false},"excerpt":{"rendered":"\u00abIl demeure, isol\u00e9. Un jour, il dispara\u00eetra. Pour l\u2019heure il marque le point jusqu\u2019o\u00f9 avan\u00e7ait l\u2019ancien littoral. C\u2019est&hellip;\n","protected":false},"author":2,"featured_media":141005,"comment_status":"","ping_status":"","sticky":false,"template":"","format":"standard","meta":{"footnotes":""},"categories":[1357],"tags":[1379,10488,58,59,1011,27,1380,26856],"class_list":{"0":"post-141004","1":"post","2":"type-post","3":"status-publish","4":"format-standard","5":"has-post-thumbnail","7":"category-livres","8":"tag-books","9":"tag-cahier-livres","10":"tag-divertissement","11":"tag-entertainment","12":"tag-fr","13":"tag-france","14":"tag-livres","15":"tag-pourquoi-ca-marche"},"share_on_mastodon":{"url":"https:\/\/pubeurope.com\/@fr\/114600978925960679","error":""},"_links":{"self":[{"href":"https:\/\/www.europesays.com\/fr\/wp-json\/wp\/v2\/posts\/141004","targetHints":{"allow":["GET"]}}],"collection":[{"href":"https:\/\/www.europesays.com\/fr\/wp-json\/wp\/v2\/posts"}],"about":[{"href":"https:\/\/www.europesays.com\/fr\/wp-json\/wp\/v2\/types\/post"}],"author":[{"embeddable":true,"href":"https:\/\/www.europesays.com\/fr\/wp-json\/wp\/v2\/users\/2"}],"replies":[{"embeddable":true,"href":"https:\/\/www.europesays.com\/fr\/wp-json\/wp\/v2\/comments?post=141004"}],"version-history":[{"count":0,"href":"https:\/\/www.europesays.com\/fr\/wp-json\/wp\/v2\/posts\/141004\/revisions"}],"wp:featuredmedia":[{"embeddable":true,"href":"https:\/\/www.europesays.com\/fr\/wp-json\/wp\/v2\/media\/141005"}],"wp:attachment":[{"href":"https:\/\/www.europesays.com\/fr\/wp-json\/wp\/v2\/media?parent=141004"}],"wp:term":[{"taxonomy":"category","embeddable":true,"href":"https:\/\/www.europesays.com\/fr\/wp-json\/wp\/v2\/categories?post=141004"},{"taxonomy":"post_tag","embeddable":true,"href":"https:\/\/www.europesays.com\/fr\/wp-json\/wp\/v2\/tags?post=141004"}],"curies":[{"name":"wp","href":"https:\/\/api.w.org\/{rel}","templated":true}]}}