{"id":141026,"date":"2025-05-31T06:25:11","date_gmt":"2025-05-31T06:25:11","guid":{"rendered":"https:\/\/www.europesays.com\/fr\/141026\/"},"modified":"2025-05-31T06:25:11","modified_gmt":"2025-05-31T06:25:11","slug":"accepter-la-proposition-americaine-de-treve-ou-etre-aneanti-israel-ordonne-au-hamas-de-choisir","status":"publish","type":"post","link":"https:\/\/www.europesays.com\/fr\/141026\/","title":{"rendered":"Accepter la proposition am\u00e9ricaine de tr\u00eave ou \u00ab\u00a0\u00eatre an\u00e9anti\u00a0\u00bb, Isra\u00ebl ordonne au Hamas de choisir"},"content":{"rendered":"<p>Le ministre isra\u00e9lien de la D\u00e9fense, Isra\u00ebl Katz, a lanc\u00e9 un ultimatum au <a href=\"https:\/\/www.20minutes.fr\/monde\/hamas\/\" target=\"_blank\" class=\"color-ultramarine c-link\" rel=\"noopener\">Hamas<\/a>, vendredi, exigeant que le mouvement islamiste accepte la derni\u00e8re proposition de cessez-le-feu faite par les Etats-Unis, sous peine de destruction totale.<\/p>\n<p>\u00ab\u00a0Les meurtriers du Hamas vont maintenant devoir choisir\u00a0: accepter les termes de \u00ab\u00a0l\u2019<a href=\"https:\/\/www.20minutes.fr\/monde\/4156039-20250529-gaza-hamas-annonce-examiner-nouvelle-proposition-americaine-treve\" target=\"_blank\" class=\"color-ultramarine c-link\" rel=\"noopener\">accord Witkoff<\/a>\u00a0\u00bb pour la lib\u00e9ration des otages \u2013 ou \u00eatre an\u00e9antis\u00a0\u00bb, a-t-il d\u00e9clar\u00e9 dans un communiqu\u00e9. Cette r\u00e9f\u00e9rence directe \u00e0 la proposition de tr\u00eave pr\u00e9sent\u00e9e par l\u2019\u00e9missaire am\u00e9ricain Steve Witkoff vise \u00e0 mettre fin aux hostilit\u00e9s dans la bande de <a href=\"https:\/\/www.20minutes.fr\/monde\/gaza\/\" target=\"_blank\" class=\"color-ultramarine c-link\" rel=\"noopener\">Gaza<\/a>, plus de sept mois apr\u00e8s l\u2019attaque du 7\u00a0octobre 2023 contre <a href=\"https:\/\/www.20minutes.fr\/monde\/israel\/\" target=\"_blank\" class=\"color-ultramarine c-link\" rel=\"noopener\">Isra\u00ebl<\/a>.<\/p>\n<\/p>\n<p>Le Hamas refuse mais consulte\u2026<\/p>\n<p>Le Hamas a jusqu\u2019ici refus\u00e9 de valider cette initiative am\u00e9ricaine alors qu\u2019Isra\u00ebl l\u2019a accept\u00e9. Selon une source proche du Hamas, le mouvement d\u00e9plore l\u2019absence de garanties sur la poursuite des discussions pendant la tr\u00eave, en vue de parvenir \u00e0 un <a href=\"https:\/\/www.20minutes.fr\/monde\/cessez_le_feu\/\" target=\"_blank\" class=\"color-ultramarine c-link\" rel=\"noopener\">cessez-le-feu<\/a> permanent. Le Hamas a par ailleurs indiqu\u00e9 vendredi qu\u2019il menait \u00ab\u00a0des consultations avec les forces et factions palestiniennes\u00a0\u00bb au sujet de la proposition \u00ab\u00a0transmise par Steve Witkoff par l\u2019interm\u00e9diaire de m\u00e9diateurs\u00a0\u00bb.<\/p>\n<p><a href=\"https:\/\/www.20minutes.fr\/monde\/proche-orient\/\" target=\"_blank\" class=\"c-link c-btn c-btn--primary\" rel=\"noopener\">Notre dossier sur le Proche-Orient<\/a><\/p>\n<p>La proposition am\u00e9ricaine pr\u00e9voit notamment la lib\u00e9ration progressive des otages contre un arr\u00eat des combats. En r\u00e9ponse aux d\u00e9clarations du Hamas. R\u00e9agissant aux prises de position du Hamas, le ministre isra\u00e9lien de la S\u00e9curit\u00e9 nationale, Itamar Ben Gvir, hostile \u00e0 tout compromis depuis le d\u00e9but de la guerre, a appel\u00e9 vendredi le gouvernement \u00e0 employer \u00ab\u00a0toute la force n\u00e9cessaire\u00a0\u00bb pour en finir avec le Hamas.<\/p>\n","protected":false},"excerpt":{"rendered":"Le ministre isra\u00e9lien de la D\u00e9fense, Isra\u00ebl Katz, a lanc\u00e9 un ultimatum au Hamas, vendredi, exigeant que le&hellip;\n","protected":false},"author":2,"featured_media":141027,"comment_status":"","ping_status":"","sticky":false,"template":"","format":"standard","meta":{"footnotes":""},"categories":[2],"tags":[47,11,221,3259,73,1011,27,665,3519,664,74,12,7612],"class_list":{"0":"post-141026","1":"post","2":"type-post","3":"status-publish","4":"format-standard","5":"has-post-thumbnail","7":"category-actualites","8":"tag-actualite","9":"tag-actualites","10":"tag-cessez-le-feu","11":"tag-conflit-israelo-palestinien","12":"tag-etats-unis","13":"tag-fr","14":"tag-france","15":"tag-gaza","16":"tag-hamas","17":"tag-israel","18":"tag-monde","19":"tag-news","20":"tag-proche-orient"},"share_on_mastodon":{"url":"https:\/\/pubeurope.com\/@fr\/114601022163871379","error":""},"_links":{"self":[{"href":"https:\/\/www.europesays.com\/fr\/wp-json\/wp\/v2\/posts\/141026","targetHints":{"allow":["GET"]}}],"collection":[{"href":"https:\/\/www.europesays.com\/fr\/wp-json\/wp\/v2\/posts"}],"about":[{"href":"https:\/\/www.europesays.com\/fr\/wp-json\/wp\/v2\/types\/post"}],"author":[{"embeddable":true,"href":"https:\/\/www.europesays.com\/fr\/wp-json\/wp\/v2\/users\/2"}],"replies":[{"embeddable":true,"href":"https:\/\/www.europesays.com\/fr\/wp-json\/wp\/v2\/comments?post=141026"}],"version-history":[{"count":0,"href":"https:\/\/www.europesays.com\/fr\/wp-json\/wp\/v2\/posts\/141026\/revisions"}],"wp:featuredmedia":[{"embeddable":true,"href":"https:\/\/www.europesays.com\/fr\/wp-json\/wp\/v2\/media\/141027"}],"wp:attachment":[{"href":"https:\/\/www.europesays.com\/fr\/wp-json\/wp\/v2\/media?parent=141026"}],"wp:term":[{"taxonomy":"category","embeddable":true,"href":"https:\/\/www.europesays.com\/fr\/wp-json\/wp\/v2\/categories?post=141026"},{"taxonomy":"post_tag","embeddable":true,"href":"https:\/\/www.europesays.com\/fr\/wp-json\/wp\/v2\/tags?post=141026"}],"curies":[{"name":"wp","href":"https:\/\/api.w.org\/{rel}","templated":true}]}}