{"id":141036,"date":"2025-05-31T06:30:09","date_gmt":"2025-05-31T06:30:09","guid":{"rendered":"https:\/\/www.europesays.com\/fr\/141036\/"},"modified":"2025-05-31T06:30:09","modified_gmt":"2025-05-31T06:30:09","slug":"ca-va-etre-tres-contraignant-a-toulon-les-avis-des-fumeurs-sont-partages-sur-linterdiction-de-la-cigarette-a-la-plage","status":"publish","type":"post","link":"https:\/\/www.europesays.com\/fr\/141036\/","title":{"rendered":"\u00ab\u00a0\u00c7a va \u00eatre tr\u00e8s contraignant\u00a0\u00bb: \u00e0 Toulon, les avis des fumeurs sont partag\u00e9s sur l&rsquo;interdiction de la cigarette \u00e0 la plage"},"content":{"rendered":"<p>Sefana, venue de Lyon pour se relaxer \u00e0 Toulon, profite de cette belle journ\u00e9e ensoleill\u00e9e sur la plage du Mourillon avec son fils. Paquet de Marlboro pos\u00e9 sur la serviette, cendrier de plage \u00e0 c\u00f4t\u00e9, elle avoue \u00eatre \u00ab\u00a0d\u00e9rang\u00e9e\u00a0\u00bb par la r\u00e9forme \u00e0 venir.<\/p>\n<p>\u00ab\u00a0\u00c7a va \u00eatre tr\u00e8s contraignant. Si je dois m\u2019\u00e9loigner de la plage \u00e0 chaque fois que je veux fumer une cigarette, qui surveille mon enfant pendant ce temps, et mes affaires?\u00a0\u00bb<\/p>\n<p>Une contrainte \u00e0 laquelle s\u2019ajoute un sentiment d\u2019injustice: \u00ab\u00a0Je suis la premi\u00e8re \u00e0 lutter contre les jets de m\u00e9gots, la pollution&#8230; Je ne fume jamais devant mon fils ou \u00e0 c\u00f4t\u00e9 d\u2019autres enfants. Mais l\u00e0, c\u2019est nous obliger \u00e0 aller consommer en terrasse juste pour pouvoir fumer tranquillement!\u00a0\u00bb<\/p>\n<p>Alors, comment faire dans un mois? \u00ab\u00a0Je trouverai un moyen pour fumer en cachette!\u00a0\u00bb, lance-t-elle.<\/p>\n<p>D\u2019autres ignorent encore l\u2019arriv\u00e9e imminente de cette interdiction. \u00ab\u00a0Ah bon? Je ne suis pas au courant\u00a0\u00bb, l\u00e2che Mehdi. Cigarette aux l\u00e8vres, il assure n\u00e9anmoins que \u00e7a ne lui pose pas vraiment probl\u00e8me.<\/p>\n<p>\u00ab\u00a0C\u2019est une plage familiale, il y a beaucoup d\u2019enfants, \u00e7a peut se comprendre. D\u2019autant plus que les gens ne font pas attention \u00e0 leurs m\u00e9gots\u00a0\u00bb, d\u00e9veloppe le Marseillais qui aime venir profiter des plages toulonnaises.<\/p>\n<p>\u00ab\u00a0Si c\u2019est vraiment interdit, j\u2019irai plus loin pour fumer. Je fais d\u00e9j\u00e0 attention \u00e0 ne pas fumer \u00e0 c\u00f4t\u00e9 des enfants\u00a0\u00bb, promet Mehdi, \u00e0 qui il ne faut pas non plus trop en demander: \u00ab\u00a0Ce qui est certain, c\u2019est que ce n\u2019est pas \u00e7a qui me fera r\u00e9duire ma consommation!\u00a0\u00bb <\/p>\n<p><strong>\u00ab\u00a0Si je me fais attraper, je paierai l\u2019amende\u00a0\u00bb<\/strong><\/p>\n<p>Et puis il y a ceux qui assurent que cela ne changera rien \u00e0 leurs habitudes. Chlo\u00e9, jeune maman toulonnaise, surveille son fils qui s\u2019amuse dans le parc du Mourillon. L\u00e0 o\u00f9 il sera \u00e9galement bient\u00f4t interdit de fumer.<\/p>\n<p>\u00ab\u00a0On est en plein air, \u00e0 l\u2019\u00e9cart des enfants, on intoxique personne\u00a0\u00bb, s\u2019agace-t-elle. \u00ab\u00a0Je fumerai quand m\u00eame, malgr\u00e9 l\u2019interdiction. Je ne vais pas laisser mon fils seul pour une cigarette!\u00a0\u00bb<\/p>\n<p>Quant aux cons\u00e9quences, elle se dit pr\u00eate \u00e0 les assumer: \u00ab\u00a0Si je me fais attraper, je paierai l\u2019amende.\u00a0\u00bb (Le non-respect de l\u2019interdiction pourra engendrer une contravention de 4e classe, soit 135 euros, Ndlr).<\/p>\n<p>\u00ab\u00a0C\u2019est de pire en pire. Bient\u00f4t, on sera oblig\u00e9 de payer l\u2019oxyg\u00e8ne qu\u2019on respire\u00a0\u00bb, ajoute la m\u00e8re de Chlo\u00e9, qui imagine d\u00e9j\u00e0 la suite: \u00ab\u00a0Personne ne va respecter cette mesure, les gens camoufleront leur cigarette lorsqu\u2019ils verront la police arriver.\u00a0\u00bb<\/p>\n","protected":false},"excerpt":{"rendered":"Sefana, venue de Lyon pour se relaxer \u00e0 Toulon, profite de cette belle journ\u00e9e ensoleill\u00e9e sur la plage&hellip;\n","protected":false},"author":2,"featured_media":141037,"comment_status":"","ping_status":"","sticky":false,"template":"","format":"standard","meta":{"footnotes":""},"categories":[9619],"tags":[1111,11,1777,674,332,1011,27,12,882,25,71,2310],"class_list":{"0":"post-141036","1":"post","2":"type-post","3":"status-publish","4":"format-standard","5":"has-post-thumbnail","7":"category-toulon","8":"tag-actu","9":"tag-actualites","10":"tag-eu","11":"tag-europe","12":"tag-faits-de-societe","13":"tag-fr","14":"tag-france","15":"tag-news","16":"tag-provence-alpes-cote-dazur","17":"tag-republique-francaise","18":"tag-sante","19":"tag-toulon"},"share_on_mastodon":{"url":"https:\/\/pubeurope.com\/@fr\/114601041860975170","error":""},"_links":{"self":[{"href":"https:\/\/www.europesays.com\/fr\/wp-json\/wp\/v2\/posts\/141036","targetHints":{"allow":["GET"]}}],"collection":[{"href":"https:\/\/www.europesays.com\/fr\/wp-json\/wp\/v2\/posts"}],"about":[{"href":"https:\/\/www.europesays.com\/fr\/wp-json\/wp\/v2\/types\/post"}],"author":[{"embeddable":true,"href":"https:\/\/www.europesays.com\/fr\/wp-json\/wp\/v2\/users\/2"}],"replies":[{"embeddable":true,"href":"https:\/\/www.europesays.com\/fr\/wp-json\/wp\/v2\/comments?post=141036"}],"version-history":[{"count":0,"href":"https:\/\/www.europesays.com\/fr\/wp-json\/wp\/v2\/posts\/141036\/revisions"}],"wp:featuredmedia":[{"embeddable":true,"href":"https:\/\/www.europesays.com\/fr\/wp-json\/wp\/v2\/media\/141037"}],"wp:attachment":[{"href":"https:\/\/www.europesays.com\/fr\/wp-json\/wp\/v2\/media?parent=141036"}],"wp:term":[{"taxonomy":"category","embeddable":true,"href":"https:\/\/www.europesays.com\/fr\/wp-json\/wp\/v2\/categories?post=141036"},{"taxonomy":"post_tag","embeddable":true,"href":"https:\/\/www.europesays.com\/fr\/wp-json\/wp\/v2\/tags?post=141036"}],"curies":[{"name":"wp","href":"https:\/\/api.w.org\/{rel}","templated":true}]}}