{"id":141038,"date":"2025-05-31T06:31:09","date_gmt":"2025-05-31T06:31:09","guid":{"rendered":"https:\/\/www.europesays.com\/fr\/141038\/"},"modified":"2025-05-31T06:31:09","modified_gmt":"2025-05-31T06:31:09","slug":"le-senateur-lr-michel-bonnus-appelle-a-une-primaire-a-toulon-pour-les-municipales-de-2026","status":"publish","type":"post","link":"https:\/\/www.europesays.com\/fr\/141038\/","title":{"rendered":"Le s\u00e9nateur LR Michel Bonnus appelle \u00e0 une primaire \u00e0 Toulon pour les municipales de 2026"},"content":{"rendered":"<p>Les mots sont pes\u00e9s, choisis avec soin. \u00ab\u00a0Aujourd\u2019hui, le plus important, c\u2019est l\u2019avenir de la ville. Et je ne veux pas de quelqu\u2019un qui la couperait en deux, comme Laure Lavalette\u00a0\u00bb, pose en pr\u00e9ambule Michel Bonnus. <\/p>\n<p>\u00ab\u00a0Mais pour battre le Rassemblement national en 2026, il est imp\u00e9ratif qu\u2019il n\u2019y ait qu\u2019une seule liste de la majorit\u00e9. C\u2019est pourquoi, j\u2019appelle \u00e0 l\u2019organisation d\u2019une primaire au sein de notre camp, afin que nous puissions choisir le candidat qui d\u00e9fendra le mieux nos chances l\u2019ann\u00e9e prochaine, lors de l\u2019\u00e9lection municipale.\u00a0\u00bb<\/p>\n<p>L\u2019id\u00e9e d\u2019une primaire \u00ab\u00a0sur quatre ou cinq jours en septembre\u00a0\u00bb, ouverte \u00e0 tous les Toulonnais, est in\u00e9dite \u00e0 l\u2019\u00e9chelle de la capitale du Var.<\/p>\n<p>Mais le fait que le s\u00e9nateur Les R\u00e9publicains, en pr\u00e9-campagne depuis des mois, la propose aujourd\u2019hui est tout sauf un hasard du calendrier.<\/p>\n<p>Une r\u00e9union est en effet programm\u00e9e ce lundi \u00e0 l\u2019h\u00f4tel de ville, \u00e0 laquelle les \u00e9lus de la majorit\u00e9 de centre droit ont \u00e9t\u00e9 convoqu\u00e9s. L\u2019objectif? \u00ab\u00a0Pr\u00e9parer l\u2019avenir de Toulon\u00a0\u00bb en g\u00e9n\u00e9ral, et le scrutin de 2026 en particulier.<\/p>\n<p><strong>Des \u00e9lus souhaitent tourner la page Hubert Falco<\/strong><\/p>\n<p>Au milieu de la pi\u00e8ce, ils retrouveront la maire Jos\u00e9e Massi, mais aussi et surtout Hubert Falco. Bien que <a href=\"https:\/\/www.varmatin.com\/justice\/hubert-falco-definitivement-condamne-dans-l-affaire-dite-du-frigo--987787\" rel=\"nofollow noopener\" target=\"_blank\">c<\/a><a href=\"https:\/\/www.varmatin.com\/justice\/hubert-falco-definitivement-condamne-dans-l-affaire-dite-du-frigo--987787\" rel=\"nofollow noopener\" target=\"_blank\">condamn\u00e9 d\u00e9finitivement pour recel de d\u00e9tournement de fonds publics<\/a>, l\u2019ancien \u00e9dile semble d\u00e9termin\u00e9 \u00e0 peser encore sur le jeu politique. Et imposer son poulain, qui pourrait \u00eatre son ancienne premi\u00e8re adjointe.<\/p>\n<p>Pas invit\u00e9 \u00e0 ce conclave, boud\u00e9 par Hubert Falco qui lui reproche d\u2019avoir affich\u00e9 ses ambitions malgr\u00e9 l\u2019actualit\u00e9 judiciaire, Michel Bonnus d\u00e9plore d\u2019\u00eatre \u00ab\u00a0blacklist\u00e9\u00a0\u00bb par une partie de sa famille politique avant la bataille \u00e9lectorale qui s\u2019annonce. D\u2019autant plus que le parlementaire estime avoir les cartes en main pour battre le RN et Laure Lavalette l\u2019ann\u00e9e prochaine.<\/p>\n<p>\u00ab\u00a0Je pense avoir un vrai projet pour cette ville, explique-t-il. J\u2019ai des id\u00e9es sur l\u2019\u00e9ducation, sur les sports, sur les quartiers, sur le transport en commun, sur la d\u00e9mocratie participative\u2026 Si on ne m\u00e8ne pas une vraie r\u00e9flexion et qu\u2019on se contente de d\u00e9fendre un bilan, on court \u00e0 la catastrophe. Moi, j\u2019ai construit une vision sur vingt ans.\u00a0\u00bb<\/p>\n<p>Jusqu\u2019\u00e0 vouloir l\u2019imposer aux \u00e9lus de la majorit\u00e9? \u00ab\u00a0Au contraire, assure-t-il. Je ne suis pas obs\u00e9d\u00e9 par le fauteuil de maire. Si Jos\u00e9e Massi gagne la primaire, je me rangerai derri\u00e8re elle.\u00a0\u00bb<\/p>\n<p>Reste \u00e0 savoir si l\u2019appel de Michel Bonnus pour une \u00e9lection qu\u2019il se dit \u00ab\u00a0pr\u00eat \u00e0 financer\u00a0\u00bb peut \u00eatre entendu par ses coll\u00e8gues. Il se dit que des \u00e9lus du conseil municipal commencent \u00e0 douter que Jos\u00e9e Massi, bien que maire sortante, ait l\u2019envergure pour affronter Laure Lavalette.<\/p>\n<p>\u00ab\u00a0Je suis pour qu\u2019on couche tous un nom sur un bulletin et qu\u2019on regarde lequel ressort\u00a0\u00bb, confie un adjoint. \u00ab\u00a0Le probl\u00e8me, c\u2019est qu\u2019Hubert Falco veut continuer \u00e0 tirer les ficelles alors qu\u2019on souhaite juste passer \u00e0 autre chose\u00a0\u00bb, peste un autre.<\/p>\n<p>Malgr\u00e9 la d\u00e9cision de la Cour de cassation et une peine d\u2019in\u00e9ligibilit\u00e9 courant jusqu\u2019en 2028, <a href=\"https:\/\/www.varmatin.com\/vie-locale\/-mon-histoire-avec-toulon-et-le-var-n-est-pas-terminee-hubert-falco-sort-du-silence-987895\" rel=\"nofollow noopener\" target=\"_blank\">l\u2019ancien ministre entendrait toujours jouer un r\u00f4le pr\u00e9pond\u00e9rant<\/a>. \u00c0 78 ans, il voudrait reprendre la main et continuerait de croire en ses chances de retour \u00e0 moyen terme, une fois sa peine purg\u00e9e.<\/p>\n<p>Mais pour rester \u00ab\u00a0le patron\u00a0\u00bb, il lui faudrait d\u2019abord imposer une candidature \u00ab\u00a0de complaisance\u00a0\u00bb aux \u00e9lections municipales, \u00e0 m\u00eame de ne pas lui faire trop d\u2019ombre. Comme celle de Jos\u00e9e Massi, son ancienne premi\u00e8re adjointe?<\/p>\n<p><strong>Le calendrier en juge de paix?<\/strong><\/p>\n<p>Une chose est s\u00fbre: une course de vitesse s\u2019est enclench\u00e9e. Michel Bonnus, qui se pr\u00e9pare depuis pr\u00e8s d\u2019un an avec le soutien du parti Les R\u00e9publicains, sait qu\u2019il est pr\u00e9f\u00e9rable de ne pas sortir du bois trop tard, au risque de passer pour le \u00ab\u00a0Louis Colombani de 1995\u00a0\u00bb.<\/p>\n<p>Lui qui esp\u00e8re tourner la page de ses ennuis de sant\u00e9 cet \u00e9t\u00e9 avait pr\u00e9vu d\u2019annoncer sa candidature en septembre. Il craint aujourd\u2019hui que \u00ab\u00a0la machine Falco\u00a0\u00bb ne joue contre lui, en s\u2019emballant d\u00e8s le mois de juin.<\/p>\n<p>Jouissant d\u2019une belle cote de popularit\u00e9 et d\u2019un solide r\u00e9seau, l\u2019ancien rugbyman et restaurateur savait que rien ne serait simple dans sa qu\u00eate de l\u2019h\u00f4tel de ville.<\/p>\n<p>Lors de sa premi\u00e8re r\u00e9union publique, il y a neuf mois, il avait eu ces paroles pr\u00e9monitoires: \u00ab\u00a0Il faut qu\u2019on soit soud\u00e9s. Certains vont essayer de nous monter les uns contre les autres\u2026\u00a0\u00bb<\/p>\n","protected":false},"excerpt":{"rendered":"Les mots sont pes\u00e9s, choisis avec soin. \u00ab\u00a0Aujourd\u2019hui, le plus important, c\u2019est l\u2019avenir de la ville. Et je&hellip;\n","protected":false},"author":2,"featured_media":141039,"comment_status":"","ping_status":"","sticky":false,"template":"","format":"standard","meta":{"footnotes":""},"categories":[9619],"tags":[1111,11,1777,674,1011,27,12,316,882,25,2310,3366],"class_list":{"0":"post-141038","1":"post","2":"type-post","3":"status-publish","4":"format-standard","5":"has-post-thumbnail","7":"category-toulon","8":"tag-actu","9":"tag-actualites","10":"tag-eu","11":"tag-europe","12":"tag-fr","13":"tag-france","14":"tag-news","15":"tag-politique","16":"tag-provence-alpes-cote-dazur","17":"tag-republique-francaise","18":"tag-toulon","19":"tag-vie-locale"},"share_on_mastodon":{"url":"https:\/\/pubeurope.com\/@fr\/114601045698729190","error":""},"_links":{"self":[{"href":"https:\/\/www.europesays.com\/fr\/wp-json\/wp\/v2\/posts\/141038","targetHints":{"allow":["GET"]}}],"collection":[{"href":"https:\/\/www.europesays.com\/fr\/wp-json\/wp\/v2\/posts"}],"about":[{"href":"https:\/\/www.europesays.com\/fr\/wp-json\/wp\/v2\/types\/post"}],"author":[{"embeddable":true,"href":"https:\/\/www.europesays.com\/fr\/wp-json\/wp\/v2\/users\/2"}],"replies":[{"embeddable":true,"href":"https:\/\/www.europesays.com\/fr\/wp-json\/wp\/v2\/comments?post=141038"}],"version-history":[{"count":0,"href":"https:\/\/www.europesays.com\/fr\/wp-json\/wp\/v2\/posts\/141038\/revisions"}],"wp:featuredmedia":[{"embeddable":true,"href":"https:\/\/www.europesays.com\/fr\/wp-json\/wp\/v2\/media\/141039"}],"wp:attachment":[{"href":"https:\/\/www.europesays.com\/fr\/wp-json\/wp\/v2\/media?parent=141038"}],"wp:term":[{"taxonomy":"category","embeddable":true,"href":"https:\/\/www.europesays.com\/fr\/wp-json\/wp\/v2\/categories?post=141038"},{"taxonomy":"post_tag","embeddable":true,"href":"https:\/\/www.europesays.com\/fr\/wp-json\/wp\/v2\/tags?post=141038"}],"curies":[{"name":"wp","href":"https:\/\/api.w.org\/{rel}","templated":true}]}}