{"id":141055,"date":"2025-05-31T06:42:08","date_gmt":"2025-05-31T06:42:08","guid":{"rendered":"https:\/\/www.europesays.com\/fr\/141055\/"},"modified":"2025-05-31T06:42:08","modified_gmt":"2025-05-31T06:42:08","slug":"ces-plages-seront-interdites-a-la-baignade-tout-lete","status":"publish","type":"post","link":"https:\/\/www.europesays.com\/fr\/141055\/","title":{"rendered":"ces plages seront interdites \u00e0 la baignade tout l&rsquo;\u00e9t\u00e9"},"content":{"rendered":"<p>            Par<br \/>\n        <strong><br \/>\n            <a href=\"https:\/\/actu.fr\/auteur\/ugo-maillard\" title=\"Consulter tous les articles de Ugo Maillard\" target=\"_blank\" rel=\"noopener\">Ugo Maillard<\/a><br \/>\n        <\/strong><\/p>\n<p>        Publi\u00e9 le<\/p>\n<p>            31 mai 2025 \u00e0 8h16        <\/p>\n<p>Pour garantir des conditions sanitaires optimales pour les baigneurs, l\u2019Agence r\u00e9gionale de sant\u00e9 (ARS) des <a href=\"https:\/\/actu.fr\/provence-alpes-cote-d-azur\/alpes-maritimes_06\" target=\"_blank\" rel=\"noopener\">Alpes-Maritimes<\/a> effectue des relev\u00e9s hebdomadaires pour \u00e9valuer la <strong>qualit\u00e9 des eaux de baignade<\/strong> du d\u00e9partement.\u00a0\u00c0 l\u2019occasion d\u2019un bilan de l\u2019ann\u00e9e 2024, l\u2019ARS a annonc\u00e9 la fermeture annuelle de quatre plages situ\u00e9e \u00e0 proximit\u00e9 de <a href=\"https:\/\/actu.fr\/nice\/\" target=\"_blank\" rel=\"noopener\">Nice<\/a>. Une fermeture prononc\u00e9e pour toute l\u2019ann\u00e9e 2025.<\/p>\n<p>Quatre plages interdites \u00e0 la baignade<\/p>\n<p class=\" wall-content\">Ce mardi 27 mai 2025, l\u2019Agence r\u00e9gionale de sant\u00e9 a inform\u00e9 que certaines plages seront interdites. Une d\u00e9cision en accord avec les municipalit\u00e9s concern\u00e9es.<\/p>\n<p class=\" wall-content\">C\u2019est le cas de la ville de Saint-Laurent-du-Var qui est contrainte de fermer les plages de <strong>Landsberg et Cousteau<\/strong> pour cause de pollution de l\u2019eau. Une mauvaise nouvelle relative puisque la commune a eu le bonheur de <a href=\"https:\/\/actu.fr\/provence-alpes-cote-d-azur\/saint-laurent-du-var_06123\/pres-de-nice-ces-deux-plages-interdites-a-la-baignade-rouvrent-enfin_62697720.html\" target=\"_blank\" rel=\"noopener\">rouvrir deux plages<\/a>, ferm\u00e9es depuis des ann\u00e9es.<\/p>\n<p>    <a href=\"https:\/\/www.google.com\/maps\/embed?pb=!1m18!1m12!1m3!1d46162.49488229685!2d7.140818100654624!3d43.686521569303096!2m3!1f0!2f0!3f0!3m2!1i1024!2i768!4f13.1!3m3!1m2!1s0x12cdd186dcf94659%3A0x40819a5fd979840!2sSaint-Laurent-du-Var!5e0!3m2!1sfr!2sfr!4v1748593588659!5m2!1sfr!2sfr\" title=\"Ouvrie le lien\" target=\"_blank\" rel=\"noopener\">Cliquez ici pour visualiser le contenu<\/a><\/p>\n<p class=\" wall-content\">\u00c0 Menton, la plage Gorbio est \u00e9galement concern\u00e9e par des probl\u00e8mes de qualit\u00e9 de l\u2019eau et est interdite \u00e0 la baignade.<\/p>\n<p>Vid\u00e9os : en ce moment sur Actu<\/p>\n<p class=\" wall-content\">Enfin, en raison de travaux, la plage de la Marina \u00e0 Villeneuve-Loubet restera ferm\u00e9e cette ann\u00e9e 2025.<\/p>\n<p>Des fermetures ponctuelles envisageables<\/p>\n<p class=\" wall-content\">Du 1er\u00a0juin au 30\u00a0septembre, les \u00e9quipes de l\u2019ARS effectuent un relev\u00e9 par semaine sur chaque plage du d\u00e9partement.<\/p>\n<p class=\" wall-content\">En cas d\u2019\u00e9pisode de pollution, des fermetures ponctuelles et temporaires peuvent \u00eatre d\u00e9cid\u00e9es. En 2024, ce fut le cas avec <strong>96 fermetures<\/strong>.<\/p>\n<p class=\" wall-content\">Ces donn\u00e9es sont accessibles en ligne, sur le <a href=\"https:\/\/www.paca.ars.sante.fr\/\" target=\"_blank\" rel=\"noopener\">site<\/a> de l\u2019agence r\u00e9gionale de sant\u00e9 en Provence-Alpes-C\u00f4te-d\u2019Azur.<\/p>\n<p class=\" wall-content\">Suivez toute l\u2019actualit\u00e9 de vos villes et m\u00e9dias favoris en vous inscrivant \u00e0 <a href=\"https:\/\/moncompte.actu.fr\" title=\"D\u00e9couvez Mon Actu\" rel=\"nofollow noopener\" data-trk=\"{&quot;cta&quot;:{&quot;action&quot;:&quot;https:\\\/\\\/moncompte.actu.fr&quot;,&quot;category&quot;:&quot;mon compte&quot;,&quot;from&quot;:&quot;article footer&quot;,&quot;name&quot;:&quot;Mon actu&quot;,&quot;type&quot;:&quot;cta&quot;}}\" target=\"_blank\">Mon Actu<\/a>.<\/p>\n","protected":false},"excerpt":{"rendered":"Par Ugo Maillard Publi\u00e9 le 31 mai 2025 \u00e0 8h16 Pour garantir des conditions sanitaires optimales pour les&hellip;\n","protected":false},"author":2,"featured_media":66110,"comment_status":"","ping_status":"","sticky":false,"template":"","format":"standard","meta":{"footnotes":""},"categories":[2819],"tags":[1111,11,1777,674,1011,27,12,2401,8302,52,882,25,71],"class_list":{"0":"post-141055","1":"post","2":"type-post","3":"status-publish","4":"format-standard","5":"has-post-thumbnail","7":"category-nice","8":"tag-actu","9":"tag-actualites","10":"tag-eu","11":"tag-europe","12":"tag-fr","13":"tag-france","14":"tag-news","15":"tag-nice","16":"tag-plages","17":"tag-planete","18":"tag-provence-alpes-cote-dazur","19":"tag-republique-francaise","20":"tag-sante"},"share_on_mastodon":{"url":"https:\/\/pubeurope.com\/@fr\/114601088957514526","error":""},"_links":{"self":[{"href":"https:\/\/www.europesays.com\/fr\/wp-json\/wp\/v2\/posts\/141055","targetHints":{"allow":["GET"]}}],"collection":[{"href":"https:\/\/www.europesays.com\/fr\/wp-json\/wp\/v2\/posts"}],"about":[{"href":"https:\/\/www.europesays.com\/fr\/wp-json\/wp\/v2\/types\/post"}],"author":[{"embeddable":true,"href":"https:\/\/www.europesays.com\/fr\/wp-json\/wp\/v2\/users\/2"}],"replies":[{"embeddable":true,"href":"https:\/\/www.europesays.com\/fr\/wp-json\/wp\/v2\/comments?post=141055"}],"version-history":[{"count":0,"href":"https:\/\/www.europesays.com\/fr\/wp-json\/wp\/v2\/posts\/141055\/revisions"}],"wp:featuredmedia":[{"embeddable":true,"href":"https:\/\/www.europesays.com\/fr\/wp-json\/wp\/v2\/media\/66110"}],"wp:attachment":[{"href":"https:\/\/www.europesays.com\/fr\/wp-json\/wp\/v2\/media?parent=141055"}],"wp:term":[{"taxonomy":"category","embeddable":true,"href":"https:\/\/www.europesays.com\/fr\/wp-json\/wp\/v2\/categories?post=141055"},{"taxonomy":"post_tag","embeddable":true,"href":"https:\/\/www.europesays.com\/fr\/wp-json\/wp\/v2\/tags?post=141055"}],"curies":[{"name":"wp","href":"https:\/\/api.w.org\/{rel}","templated":true}]}}