{"id":141056,"date":"2025-05-31T06:43:09","date_gmt":"2025-05-31T06:43:09","guid":{"rendered":"https:\/\/www.europesays.com\/fr\/141056\/"},"modified":"2025-05-31T06:43:09","modified_gmt":"2025-05-31T06:43:09","slug":"ce-celebre-realisateur-de-cinema-sera-linvite-dhonneur-du-sommet-de-locean-a-nice-il-recevra-une-prestigieuse-distinction","status":"publish","type":"post","link":"https:\/\/www.europesays.com\/fr\/141056\/","title":{"rendered":"Ce c\u00e9l\u00e8bre r\u00e9alisateur de cin\u00e9ma sera l&rsquo;invit\u00e9 d\u2019honneur du Sommet de l&rsquo;Oc\u00e9an \u00e0 Nice, il recevra une prestigieuse distinction"},"content":{"rendered":"<p>James Cameron, le r\u00e9alisateur du film Titanic est attendu au Sommet de Nice dont il sera l\u2019invit\u00e9 d\u2019honneur. Du lundi 9 au vendredi 13 juin se tiendra la 3e Conf\u00e9rence des Nations unies sur l\u2019oc\u00e9an (Unoc-3), qui pr\u00e9voit d\u2019accueillir au moins 86 chefs d\u2019\u00c9tat ou de gouvernement, r\u00e9unis pour tenter de se concerter sur une gouvernance des espaces maritimes mondiaux.<\/p>\n<p>\u00ab\u00a0Il y aura d\u2019autres invit\u00e9s d\u2019honneur\u00a0\u00bb, a gliss\u00e9 Olivier Poivre d\u2019Avor, ambassadeur et envoy\u00e9 sp\u00e9cial de la France \u00e0 l\u2019Unoc, qui a officialis\u00e9 le nom du c\u00e9l\u00e8bre r\u00e9alisateur et producteur, explorateur de fonds marins, ce vendredi \u00e0 l\u2019occasion d\u2019une conf\u00e9rence de presse.<\/p>\n<p>La L\u00e9gion d\u2019honneur lui a \u00e9t\u00e9 attribu\u00e9e en f\u00e9vrier, au grade d\u2019officier. Elle lui sera formellement remise \u00e0 Nice, \u00ab\u00a0pendant son s\u00e9jour\u00a0\u00bb.<\/p>\n<p><strong>Des films en forme de combats \u00e9cologique<\/strong><\/p>\n<p>Dans l\u2019\u0153uvre du cin\u00e9aste de nationalit\u00e9 canadienne, la franchise de science-fiction Avatar avait port\u00e9 \u00e0 l\u2019\u00e9cran de nombreux enjeux environnementaux. Sa critique de l\u2019exploitation des ressources naturelles est frontale, d\u00e8s le premier film, sorti en 2009. La jungle d\u2019une plan\u00e8te extraterrestre nomm\u00e9e Pandora y est d\u00e9fendue par des peuples qui vivent en harmonie avec leur milieu naturel.<\/p>\n<p>Dans Avatar 2, La Voie de l\u2019eau (2022), la pr\u00e9dation de la vie marine fait l\u2019objet d\u2019une lutte \u00e0 mort entre un peuple insulaire et les sbires d\u2019une entreprise qui extermine une esp\u00e8ce de baleine. Le but est de mettre la main sur une substance qui est aussi un antidote au vieillissement humain.<\/p>\n<p>Ces films sont autant de combats \u00e9cologiques au succ\u00e8s plan\u00e9taire. Mais leurs sc\u00e9narios ne sont pas si \u00e9loign\u00e9s des probl\u00e9matiques actuelles d\u2019effondrement du monde vivant animal, de la surp\u00eache, de la perte des for\u00eats tropicales et primaires\u2026<\/p>\n<p>Le r\u00e9alisateur a \u00e9galement un lien tr\u00e8s particulier avec l\u2019oc\u00e9an, pour avoir plong\u00e9 dans les profondeurs, \u00e0 l\u2019occasion de plusieurs films, dont Abysse (1989), mais surtout Titanic (1997). En 2012, il avait effectu\u00e9 une plong\u00e9e record (en solitaire) \u00e0 10.908m sous la surface de l\u2019oc\u00e9an Pacifique, \u00e0 bord d\u2019un submersible.<\/p>\n<p>\u00c0 Nice, James Cameron sera un visage et surtout une voix pour la protection des Oc\u00e9ans.<\/p>\n","protected":false},"excerpt":{"rendered":"James Cameron, le r\u00e9alisateur du film Titanic est attendu au Sommet de Nice dont il sera l\u2019invit\u00e9 d\u2019honneur.&hellip;\n","protected":false},"author":2,"featured_media":141057,"comment_status":"","ping_status":"","sticky":false,"template":"","format":"standard","meta":{"footnotes":""},"categories":[2819],"tags":[1111,11,1129,1777,674,1011,27,12,2401,316,882,25,41],"class_list":{"0":"post-141056","1":"post","2":"type-post","3":"status-publish","4":"format-standard","5":"has-post-thumbnail","7":"category-nice","8":"tag-actu","9":"tag-actualites","10":"tag-climat","11":"tag-eu","12":"tag-europe","13":"tag-fr","14":"tag-france","15":"tag-news","16":"tag-nice","17":"tag-politique","18":"tag-provence-alpes-cote-dazur","19":"tag-republique-francaise","20":"tag-sciences"},"share_on_mastodon":{"url":"https:\/\/pubeurope.com\/@fr\/114601093112135065","error":""},"_links":{"self":[{"href":"https:\/\/www.europesays.com\/fr\/wp-json\/wp\/v2\/posts\/141056","targetHints":{"allow":["GET"]}}],"collection":[{"href":"https:\/\/www.europesays.com\/fr\/wp-json\/wp\/v2\/posts"}],"about":[{"href":"https:\/\/www.europesays.com\/fr\/wp-json\/wp\/v2\/types\/post"}],"author":[{"embeddable":true,"href":"https:\/\/www.europesays.com\/fr\/wp-json\/wp\/v2\/users\/2"}],"replies":[{"embeddable":true,"href":"https:\/\/www.europesays.com\/fr\/wp-json\/wp\/v2\/comments?post=141056"}],"version-history":[{"count":0,"href":"https:\/\/www.europesays.com\/fr\/wp-json\/wp\/v2\/posts\/141056\/revisions"}],"wp:featuredmedia":[{"embeddable":true,"href":"https:\/\/www.europesays.com\/fr\/wp-json\/wp\/v2\/media\/141057"}],"wp:attachment":[{"href":"https:\/\/www.europesays.com\/fr\/wp-json\/wp\/v2\/media?parent=141056"}],"wp:term":[{"taxonomy":"category","embeddable":true,"href":"https:\/\/www.europesays.com\/fr\/wp-json\/wp\/v2\/categories?post=141056"},{"taxonomy":"post_tag","embeddable":true,"href":"https:\/\/www.europesays.com\/fr\/wp-json\/wp\/v2\/tags?post=141056"}],"curies":[{"name":"wp","href":"https:\/\/api.w.org\/{rel}","templated":true}]}}