{"id":141058,"date":"2025-05-31T06:44:13","date_gmt":"2025-05-31T06:44:13","guid":{"rendered":"https:\/\/www.europesays.com\/fr\/141058\/"},"modified":"2025-05-31T06:44:13","modified_gmt":"2025-05-31T06:44:13","slug":"le-chateau-de-la-tour-a-orvault-revele-ses-secrets","status":"publish","type":"post","link":"https:\/\/www.europesays.com\/fr\/141058\/","title":{"rendered":"Le ch\u00e2teau de la Tour, \u00e0 Orvault, r\u00e9v\u00e8le ses secrets"},"content":{"rendered":"<p>La ville d\u2019Orvault poursuit sa d\u00e9marche de valorisation du patrimoine en rouvrant au public, comme l\u2019an dernier, les portes du <a href=\"https:\/\/rennes.maville.com\/actu\/actudet_-le-chateau-de-la-tour-un-joli-lieu-de-promenade_52716-3263666_actu.Htm\" target=\"_blank\" rel=\"noopener\">ch\u00e2teau de la Tour <\/a>et de sa chapelle. Les inscriptions sont ouvertes depuis d\u00e9but mai, pour participer aux visites guid\u00e9es anim\u00e9es par Gilles Naour, m\u00e9diateur culturel. Trois visites sont encore programm\u00e9es, les 4, 7 et 14\u00a0juin. Deux cr\u00e9neaux sont propos\u00e9s \u00e0 chacune de ces dates, de 14\u00a0h \u00e0 15\u00a0h\u00a030 et de 16\u00a0h \u00e0 17\u00a0h\u00a030.<\/p>\n<p>\t<img decoding=\"async\" src=\"https:\/\/www.europesays.com\/fr\/wp-content\/uploads\/2025\/05\/P35261199D6832505G_px_640_.jpg\" alt=\"photo gilles naour, m\u00e9diateur culturel pour la ville d\u2019orvault, montre le vitrail de la chapelle, dont une partie date du xvie\u00a0si\u00e8cle.  \u00a9  ouest-france\" width=\"640\" title=\" Gilles Naour, m\u00e9diateur culturel pour la ville d\u2019Orvault, montre le vitrail de la chapelle, dont une partie date du XVIe\u00a0si\u00e8cle.   Ouest-France \"\/><\/p>\n<p class=\"elmt-legende\"> Gilles Naour, m\u00e9diateur culturel pour la ville d\u2019Orvault, montre le vitrail de la chapelle, dont une partie date du XVIe\u00a0si\u00e8cle.   Ouest-France <\/p>\n<p>La visite d\u00e9bute par la chapelle, qui poss\u00e8de un vitrail class\u00e9 Monument historique depuis 1988, <strong>\u00ab\u00a0t\u00e9moignage rare de l\u2019art du vitrail du XVIe\u00a0si\u00e8cle en Loire-Atlantique\u00a0\u00bb, <\/strong>commente le guide. La chapelle a \u00e9t\u00e9 restaur\u00e9e en 1989 par le tailleur de pierre orvaltais Jean-Louis Boistel, qui, raconte Gilles Naour, <strong>\u00ab\u00a0a malicieusement gliss\u00e9 son portrait dans l\u2019une des sculptures. \u00c0 chacun de la d\u00e9couvrir\u00a0\u00bb.<\/strong><\/p>\n<p>\t<img decoding=\"async\" src=\"https:\/\/www.europesays.com\/fr\/wp-content\/uploads\/2025\/05\/P35261200D6832505G_px_640_.jpg\" alt=\"photo la grande pi\u00e8ce principale du ch\u00e2teau.  \u00a9  ouest-france\" width=\"640\" title=\" La grande pi\u00e8ce principale du ch\u00e2teau.   Ouest-France \"\/><\/p>\n<p class=\"elmt-legende\"> La grande pi\u00e8ce principale du ch\u00e2teau.   Ouest-France <\/p>\n<p>Le guide, en m\u00ealant anecdotes, l\u00e9gendes et histoire, emm\u00e8ne ensuite au ch\u00e2teau, achet\u00e9 en 1982 par la Ville, qui va alors en restaurer toute la toiture. Depuis, faute de moyens, tout est rest\u00e9 en l\u2019\u00e9tat. Actuellement, sont accessibles au public, la grande pi\u00e8ce principale, d\u2019o\u00f9 l\u2019on peut apercevoir plusieurs pi\u00e8ces contigu\u00ebs, et un escalier qui conduit vers les chambres, que l\u2019on peut voir mais o\u00f9 on ne peut pas entrer.<\/p>\n<p>\t<img decoding=\"async\" src=\"https:\/\/www.europesays.com\/fr\/wp-content\/uploads\/2025\/05\/P35261201D6832505G_px_640_.jpg\" alt=\"photo sur la porte, le blason de la famille de s\u00e9cillon.  \u00a9  ouest-france\" width=\"640\" title=\" Sur la porte, le blason de la famille De S\u00e9cillon.   Ouest-France \"\/><\/p>\n<p class=\"elmt-legende\"> Sur la porte, le blason de la famille De S\u00e9cillon.   Ouest-France <\/p>\n<p>Le vicomte Stephen de S\u00e9cillon, au d\u00e9but des ann\u00e9es 1900, a apport\u00e9 de grandes transformations au domaine, dont les origines remontent au XVIe si\u00e8cle\u00a0: toitures en poivri\u00e8re et gargouilles de style n\u00e9ogothique, am\u00e9nagement des communs avec un puits central et construction de l\u2019orangerie.<strong> \u00ab\u00a0On retrouve d\u2019ailleurs son blason dans la chemin\u00e9e, sur les portes et poign\u00e9es, dans la chapelle\u2026 L\u2019une de ses filles, Nadine de S\u00e9cillon, a v\u00e9cu au ch\u00e2teau jusqu\u2019\u00e0 sa mort, en 1982. Quand on parle d\u2019elle, les langues se d\u00e9lient et les anecdotes affluent sur cette figure locale\u00a0\u00bb,<\/strong> ajoute Gilles Naour.<\/p>\n<p>Quand \u00e0 l\u2019avenir du ch\u00e2teau, rien n\u2019a \u00e9t\u00e9 act\u00e9. Tout reste \u00e0 imaginer et \u00e0 construire. Une association, <a href=\"https:\/\/nantes.maville.com\/actu\/actudet_-les-amis-du-chateau-de-la-tour-a-orvault-projettent-au-bois-dormant-un-film-tourne-sur-le-site-_8-6805833_actu.Htm\" target=\"_blank\" rel=\"noopener\">les Amis du ch\u00e2teau de la Tour<\/a>, a vu le jour r\u00e9cemment et se veut force de propositions.<\/p>\n<p><strong>Contact. <\/strong>R\u00e9servations \u00e0 accueildacse@mairie-orvault.fr ou au 02\u00a051\u00a078\u00a033\u00a033.<\/p>\n<p>\u00a0<\/p>\n","protected":false},"excerpt":{"rendered":"La ville d\u2019Orvault poursuit sa d\u00e9marche de valorisation du patrimoine en rouvrant au public, comme l\u2019an dernier, les&hellip;\n","protected":false},"author":2,"featured_media":141059,"comment_status":"","ping_status":"","sticky":false,"template":"","format":"standard","meta":{"footnotes":""},"categories":[2818],"tags":[1111,11,4811,1777,674,1011,27,766,12,4151,2636,25,7932,13761,3584],"class_list":{"0":"post-141058","1":"post","2":"type-post","3":"status-publish","4":"format-standard","5":"has-post-thumbnail","7":"category-nantes","8":"tag-actu","9":"tag-actualites","10":"tag-chateau","11":"tag-eu","12":"tag-europe","13":"tag-fr","14":"tag-france","15":"tag-nantes","16":"tag-news","17":"tag-orvault","18":"tag-pays-de-la-loire","19":"tag-republique-francaise","20":"tag-revele","21":"tag-secrets","22":"tag-tour"},"share_on_mastodon":{"url":"https:\/\/pubeurope.com\/@fr\/114601096911198043","error":""},"_links":{"self":[{"href":"https:\/\/www.europesays.com\/fr\/wp-json\/wp\/v2\/posts\/141058","targetHints":{"allow":["GET"]}}],"collection":[{"href":"https:\/\/www.europesays.com\/fr\/wp-json\/wp\/v2\/posts"}],"about":[{"href":"https:\/\/www.europesays.com\/fr\/wp-json\/wp\/v2\/types\/post"}],"author":[{"embeddable":true,"href":"https:\/\/www.europesays.com\/fr\/wp-json\/wp\/v2\/users\/2"}],"replies":[{"embeddable":true,"href":"https:\/\/www.europesays.com\/fr\/wp-json\/wp\/v2\/comments?post=141058"}],"version-history":[{"count":0,"href":"https:\/\/www.europesays.com\/fr\/wp-json\/wp\/v2\/posts\/141058\/revisions"}],"wp:featuredmedia":[{"embeddable":true,"href":"https:\/\/www.europesays.com\/fr\/wp-json\/wp\/v2\/media\/141059"}],"wp:attachment":[{"href":"https:\/\/www.europesays.com\/fr\/wp-json\/wp\/v2\/media?parent=141058"}],"wp:term":[{"taxonomy":"category","embeddable":true,"href":"https:\/\/www.europesays.com\/fr\/wp-json\/wp\/v2\/categories?post=141058"},{"taxonomy":"post_tag","embeddable":true,"href":"https:\/\/www.europesays.com\/fr\/wp-json\/wp\/v2\/tags?post=141058"}],"curies":[{"name":"wp","href":"https:\/\/api.w.org\/{rel}","templated":true}]}}