{"id":141060,"date":"2025-05-31T06:45:09","date_gmt":"2025-05-31T06:45:09","guid":{"rendered":"https:\/\/www.europesays.com\/fr\/141060\/"},"modified":"2025-05-31T06:45:09","modified_gmt":"2025-05-31T06:45:09","slug":"le-chantier-sauvage-dune-eglise-evangelique-stoppe-pres-de-nantes","status":"publish","type":"post","link":"https:\/\/www.europesays.com\/fr\/141060\/","title":{"rendered":"le chantier sauvage d\u2019une \u00e9glise \u00e9vang\u00e9lique stopp\u00e9 pr\u00e8s de Nantes"},"content":{"rendered":"<p>Une intervention de police a fait cesser d\u00e9but mai les travaux d\u2019installation d\u2019un lieu de culte entam\u00e9s sur un terrain priv\u00e9, \u00e0 Machecoul-Saint-M\u00eame.<\/p>\n<p class=\"fig-paragraph\">Un tracteur \u00e9tait d\u00e9j\u00e0 en train de terrasser le terrain. Le mardi 6 mai, \u00e0 Machecoul-Saint-M\u00eame, les pr\u00e9mices d\u2019un chantier inattendu ont suscit\u00e9 l\u2019interrogation des habitants de cette bourgade de pr\u00e8s de 7600 habitants, situ\u00e9e \u00e0 une vingtaine de kilom\u00e8tres\u00a0<a href=\"https:\/\/www.lefigaro.fr\/nantes\" target=\"_blank\" data-fig-type=\"Section\" rel=\"noopener\" data-gtm-custom-categorie=\"navigation\" data-gtm-custom-action=\"crossclick\" data-gtm-custom-label=\"Contextuel\" data-gtm-event=\"customEventSPE\" data-fig-domain=\"LEFIGARO\">de Nantes<\/a>\u00a0(Loire-Atlantique). Du jour au lendemain, des travaux ont d\u00e9but\u00e9 sur un lopin de terre qui n\u2019attendait, jusqu\u2019alors, aucune construction. Il s\u2019agissait\u00a0<a href=\"http:\/\/www.lefigaro.fr\/actualite-france\/recrutement-de-pasteurs-construction-d-eglises-engouement-des-fideles-l-irresistible-dynamique-des-evangeliques-en-france-20240616\" target=\"_blank\" data-fig-type=\"Article\" rel=\"noopener\" data-gtm-custom-categorie=\"navigation\" data-gtm-custom-action=\"crossclick\" data-gtm-custom-label=\"Contextuel\" data-gtm-event=\"customEventSPE\" data-fig-domain=\"LEFIGARO\">d\u2019un projet d\u2019\u00e9glise \u00e9vang\u00e9lique<\/a>, port\u00e9 par des membres locaux de la communaut\u00e9 des gens du voyage. Un chantier lanc\u00e9 sans feu vert des autorit\u00e9s.<\/p>\n<p class=\"fig-paragraph\">Alert\u00e9e, la mairie a d\u00e9p\u00each\u00e9 la police municipale pour faire arr\u00eater les travaux. La collectivit\u00e9 avait \u00e9t\u00e9 mise au courant l\u2019ann\u00e9e derni\u00e8re du projet eccl\u00e9sial, qui lui avait \u00e9t\u00e9 pr\u00e9sent\u00e9 par une famille fra\u00eechement convertie, accompagn\u00e9e de deux pasteurs \u00e9vang\u00e9liques. \u00abNous leur avons signifi\u00e9 qu\u2019un tel dossier est soumis \u00e0 un avis de la pr\u00e9fecture\u00bb, indique au Figaro le maire de Machecoul, Laurent Robin (DVC), pas oppos\u00e9 \u00e0 une installation &#8211; sous conditions &#8211; du lieu de culte sur la commune. \u00abNous devons cependant concilier la demande l\u00e9gitime de l\u2019installation de ce lieu de culte avec les r\u00e8gles d\u2019urbanisme, tout en prenant en compte l\u2019acceptation sociale de ce projet\u00bb, pr\u00e9cise-t-il.<\/p>\n<p>Une tentative de \u00abpassage en force\u00bb<\/p>\n<p class=\"fig-paragraph\">Et pour cause, le projet des gens du voyage a fait bondir les \u00e9ventuels futurs voisins de l\u2019\u00e9glise \u00e9vang\u00e9lique. \u00abQuand nous avons vu les travaux, nous sommes all\u00e9s nous interposer physiquement, mon \u00e9pouse et moi. Il \u00e9tait hors de question de laisser faire ce passage en force\u00bb, t\u00e9moigne Thierry Maugendre, propri\u00e9taire d\u2019un centre de soins pour chevaux. Voisin du terrain des gens du voyage, le physioth\u00e9rapeute animalier entendait pr\u00e9venir la d\u00e9figuration du site naturel par l\u2019installation des huit Algeco acquis par les voyageurs. \u00abL\u2019\u00e9glise disposerait de 150 places assises. Avec trois messes hebdomadaires, plus les \u00e9ventuelles foules des mariages ou des bapt\u00eames, on risquerait de conna\u00eetre un nombre important d\u2019all\u00e9es et venues alors qu\u2019il n\u2019existe pas le moindre parking \u00e0 proximit\u00e9\u00bb, compl\u00e8te-t-il.<\/p>\n<p class=\"fig-body-link\">\n            \u00c0 lire aussi<br \/>\n        <a class=\"fig-body-link__link\" href=\"http:\/\/www.lefigaro.fr\/nantes\/quartiers-nord-de-nantes-apres-les-violences-l-accalmie-mais-pour-combien-de-temps-20250527\" target=\"_blank\" data-fig-type=\"NewsFlash\" rel=\"noopener\" data-gtm-custom-categorie=\"navigation\" data-gtm-custom-action=\"crossclick\" data-gtm-custom-label=\"Contextuel\" data-gtm-event=\"customEventSPE\" data-fig-domain=\"LEFIGARO\">Quartiers nord de Nantes\u00a0: apr\u00e8s les violences, l\u2019accalmie&#8230; mais pour combien de temps\u00a0?<br \/>\n    <\/a>\n<\/p>\n<p class=\"fig-paragraph\">Approch\u00e9s par nos confr\u00e8res du\u00a0<a href=\"https:\/\/actu.fr\/pays-de-la-loire\/machecoul-saint-meme_44087\/ces-chretiens-evangeliques-veulent-construire-un-lieu-de-culte-dans-cette-commune-de-loire-atlantique_62645296.html\" target=\"_blank\" rel=\"noopener\" data-gtm-custom-categorie=\"navigation\" data-gtm-custom-action=\"crossclick\" data-gtm-custom-label=\"Contextuel\" data-gtm-event=\"customEventSPE\">Courrier du Pays de Retz<\/a>, les voyageurs machecoulais \u00e0 l\u2019origine du projet, et propri\u00e9taires du terrain, assurent avoir sollicit\u00e9 la pr\u00e9fecture de Loire-Atlantique voil\u00e0 huit mois, sans avoir jamais re\u00e7u de retour. L\u2019installation d\u2019une \u00e9glise sur la commune leur \u00e9viterait d\u2019incessants et co\u00fbteux allers-retours \u00e0 Saint-Nazaire ou dans l\u2019agglom\u00e9ration nantaise. Joints le 27 mai par Le Figaro, les services pr\u00e9fectoraux indiquent ne pas avoir \u00e9t\u00e9 saisis, \u00e0 ce jour, au sujet de l\u2019installation d\u2019une \u00e9glise \u00e9vang\u00e9lique \u00e0 Machecoul-Saint-M\u00eame.<\/p>\n<p class=\"fig-paragraph\">En cas de validation par la pr\u00e9fecture, l\u2019emplacement retenu pour l\u2019\u00e9glise devrait \u00eatre d\u00e9plac\u00e9 vers un site plus appropri\u00e9, \u00e0 d\u00e9terminer. \u00abLa famille \u00e0 l\u2019origine du projet est int\u00e9gr\u00e9e de tr\u00e8s longue date dans la commune. Elle est s\u00e9dentaris\u00e9e et n\u2019a jamais pos\u00e9 probl\u00e8me\u00bb, note le maire de Machecoul, en pr\u00e9cisant qu\u2019il n\u2019acceptera \u00abaucun amalgame\u00bb entre ce projet cultuel lanc\u00e9 par des habitants de la commune et les agissements attribu\u00e9s \u00e0 d\u2019autres groupes de gens du voyage. En attendant, ces derniers vont continuer de payer des frais de gardiennage pour les Algeco cens\u00e9s devenir les premi\u00e8res briques de leur \u00e9glise machecoulaise.<\/p>\n","protected":false},"excerpt":{"rendered":"Une intervention de police a fait cesser d\u00e9but mai les travaux d\u2019installation d\u2019un lieu de culte entam\u00e9s sur&hellip;\n","protected":false},"author":2,"featured_media":141061,"comment_status":"","ping_status":"","sticky":false,"template":"","format":"standard","meta":{"footnotes":""},"categories":[2818],"tags":[1111,11,1777,674,10271,462,1011,27,2903,2640,2642,766,2638,2643,2637,2639,2646,2645,2641,2635,2644,2647,12,2636,25],"class_list":{"0":"post-141060","1":"post","2":"type-post","3":"status-publish","4":"format-standard","5":"has-post-thumbnail","7":"category-nantes","8":"tag-actu","9":"tag-actualites","10":"tag-eu","11":"tag-europe","12":"tag-evangeliques","13":"tag-fc-nantes","14":"tag-fr","15":"tag-france","16":"tag-gens-du-voyage","17":"tag-hauts-paves-saint-felix","18":"tag-ile-de-nantes","19":"tag-nantes","20":"tag-nantes-bellevue-chantenay-sainte-anne","21":"tag-nantes-breil-barberie","22":"tag-nantes-centre-ville","23":"tag-nantes-dervallieres-zola","24":"tag-nantes-doulon-bottiere","25":"tag-nantes-erdre","26":"tag-nantes-malakoff-saint-donatien","27":"tag-nantes-metropole","28":"tag-nantes-nord","29":"tag-nantes-sud","30":"tag-news","31":"tag-pays-de-la-loire","32":"tag-republique-francaise"},"share_on_mastodon":{"url":"https:\/\/pubeurope.com\/@fr\/114601100807657492","error":""},"_links":{"self":[{"href":"https:\/\/www.europesays.com\/fr\/wp-json\/wp\/v2\/posts\/141060","targetHints":{"allow":["GET"]}}],"collection":[{"href":"https:\/\/www.europesays.com\/fr\/wp-json\/wp\/v2\/posts"}],"about":[{"href":"https:\/\/www.europesays.com\/fr\/wp-json\/wp\/v2\/types\/post"}],"author":[{"embeddable":true,"href":"https:\/\/www.europesays.com\/fr\/wp-json\/wp\/v2\/users\/2"}],"replies":[{"embeddable":true,"href":"https:\/\/www.europesays.com\/fr\/wp-json\/wp\/v2\/comments?post=141060"}],"version-history":[{"count":0,"href":"https:\/\/www.europesays.com\/fr\/wp-json\/wp\/v2\/posts\/141060\/revisions"}],"wp:featuredmedia":[{"embeddable":true,"href":"https:\/\/www.europesays.com\/fr\/wp-json\/wp\/v2\/media\/141061"}],"wp:attachment":[{"href":"https:\/\/www.europesays.com\/fr\/wp-json\/wp\/v2\/media?parent=141060"}],"wp:term":[{"taxonomy":"category","embeddable":true,"href":"https:\/\/www.europesays.com\/fr\/wp-json\/wp\/v2\/categories?post=141060"},{"taxonomy":"post_tag","embeddable":true,"href":"https:\/\/www.europesays.com\/fr\/wp-json\/wp\/v2\/tags?post=141060"}],"curies":[{"name":"wp","href":"https:\/\/api.w.org\/{rel}","templated":true}]}}