{"id":14107,"date":"2025-04-10T03:33:10","date_gmt":"2025-04-10T03:33:10","guid":{"rendered":"https:\/\/www.europesays.com\/fr\/14107\/"},"modified":"2025-04-10T03:33:10","modified_gmt":"2025-04-10T03:33:10","slug":"on-vous-presente-le-toulouse-urban-trail-qui-debarque-pour-la-premiere-fois-dans-la-ville-rose","status":"publish","type":"post","link":"https:\/\/www.europesays.com\/fr\/14107\/","title":{"rendered":"On vous pr\u00e9sente le Toulouse Urban Trail qui d\u00e9barque pour la premi\u00e8re fois dans la Ville rose"},"content":{"rendered":"<p>            Par<br \/>\n        <strong><br \/>\n            <a href=\"https:\/\/actu.fr\/auteur\/gabriel-kenedi\" title=\"Consulter tous les articles de Gabriel Kenedi\" rel=\"nofollow noopener\" target=\"_blank\">Gabriel Kenedi<\/a><br \/>\n        <\/strong><\/p>\n<p>        Publi\u00e9 le<\/p>\n<p>            8 avr. 2025 \u00e0 18h21        <\/p>\n<p>Envie de red\u00e9couvrir <a href=\"https:\/\/actu.fr\/toulouse\/sports\" rel=\"nofollow noopener\" target=\"_blank\">la Ville rose<\/a> tout en participant \u00e0 une course sportive ? C\u2019est ce que propose le<strong> Toulouse Urban Trail<\/strong>, dont la premi\u00e8re \u00e9dition se d\u00e9roulera le samedi 19 avril 2025.\u00a0<\/p>\n<p>Une course qui allie \u00ab\u00a0sport\u00a0\u00bb et \u00ab\u00a0d\u00e9couverte\u00a0\u00bb<\/p>\n<p class=\" wall-content\">\u00ab\u00a0Explorez Toulouse autrement gr\u00e2ce \u00e0 des <strong>parcours de course \u00e0 pied in\u00e9dits<\/strong>, qui vous m\u00e8neront \u00e0 traverser des b\u00e2timents, monuments et lieux embl\u00e9matiques de la ville\u00a0\u00bb, annoncent les organisateurs de cette course en milieu urbain, \u00ab\u00a0qui allie sport et d\u00e9couverte.\u00a0\u00bb\u00a0 Le principe ? Parcourir un itin\u00e9raire de<strong> 9, 14 ou 24 kilom\u00e8tres<\/strong> \u00e0 travers les rues, les parcs, les places et les b\u00e2timents de Toulouse pour explorer la ville de mani\u00e8re originale.<\/p>\n<blockquote class=\"ac-article-quote wall-content\">\n<p>\u00ab\u00a0Que ce soit seul, en famille, entre amis ou entre coll\u00e8gues, vous pourrez re-d\u00e9couvrir Toulouse dans son quotidien, avec ses rues anim\u00e9es, ses espaces publics vivants et ses routes ouvertes \u00e0 la circulation. Au village d\u00e9part-arriv\u00e9e situ\u00e9 sur les all\u00e9es Jules Guesde, vous profiterez d\u2019un village accessible aux coureurs et grand public, avec des animations, un espace de restauration et des stands partenaires\u00a0\u00bb.<\/p>\n<p>    <strong>L&rsquo;\u00e9quipe du Toulouse Urban Trail<\/strong>\n            <\/p><\/blockquote>\n<p>Chez Tonton et le Grand Caf\u00e9 du Stade pour mettre l\u2019ambiance\u00a0<\/p>\n<p class=\" wall-content\">Les diff\u00e9rents parcours, tous en milieu urbain, passeront notamment par le Jardin de l\u2019Observatoire, le Jardin du Grand-Rond, le Couvent des Jacobins ou encore le Port de la Daurade.<\/p>\n<p class=\" wall-content\">Plus insolite, la course passera \u00e9galement devant le bar <strong>Chez Tonton<\/strong>, o\u00f9 un virage de supporters attendra les coureurs. Au programme ? \u00ab\u00a0Des encouragements dignes des plus grandes ascensions\u00a0\u00bb. M\u00eame principe du c\u00f4t\u00e9 du <strong>Grand Caf\u00e9 du Stade<\/strong>, o\u00f9 l\u2019ambiance sera \u00ab\u00a0digne d\u2019un match du Stade Toulousain !\u00a0\u00bb.\u00a0<\/p>\n<p>Vid\u00e9os : en ce moment sur Actu<\/p>\n<ul class=\" wall-content\">\n<li><strong>Le circuit des ruelles<\/strong> (9 kilom\u00e8tres)\u00a0<\/li>\n<li><strong>La travers\u00e9e des berges<\/strong> (14 kilom\u00e8tres)<\/li>\n<li><strong>La vir\u00e9e toulousaine<\/strong> (24 kilom\u00e8tres)\u00a0<\/li>\n<\/ul>\n<p>Il reste encore quelques places\u00a0<\/p>\n<p class=\" wall-content\">Pour les personnes qui souhaiteraient encore s\u2019inscrire, sachez qu\u2019il reste <strong>encore quelques places<\/strong>, mais uniquement pour le parcours de 24 kilom\u00e8tres.\u00a0<\/p>\n<p>Infos pratiques<br \/>\nPlus d\u2019infos sur le site du <a href=\"https:\/\/toulouse-urbantrail.fr\/\" rel=\"nofollow noopener\" target=\"_blank\">Toulouse Urban Trail<\/a>.\u00a0<\/p>\n<p class=\" wall-content\">Suivez toute l\u2019actualit\u00e9 de vos villes et m\u00e9dias favoris en vous inscrivant \u00e0 <a href=\"https:\/\/moncompte.actu.fr\" title=\"D\u00e9couvez Mon Actu\" rel=\"nofollow noopener\" data-trk=\"{&quot;cta&quot;:{&quot;action&quot;:&quot;https:\\\/\\\/moncompte.actu.fr&quot;,&quot;category&quot;:&quot;mon compte&quot;,&quot;from&quot;:&quot;article footer&quot;,&quot;name&quot;:&quot;Mon actu&quot;,&quot;type&quot;:&quot;cta&quot;}}\" target=\"_blank\">Mon Actu<\/a>.<\/p>\n","protected":false},"excerpt":{"rendered":"Par Gabriel Kenedi Publi\u00e9 le 8 avr. 2025 \u00e0 18h21 Envie de red\u00e9couvrir la Ville rose tout en&hellip;\n","protected":false},"author":2,"featured_media":14108,"comment_status":"","ping_status":"","sticky":false,"template":"","format":"standard","meta":{"footnotes":""},"categories":[2816],"tags":[1111,11,1777,674,1011,27,12,2680,25,60,2312,6187],"class_list":{"0":"post-14107","1":"post","2":"type-post","3":"status-publish","4":"format-standard","5":"has-post-thumbnail","7":"category-toulouse","8":"tag-actu","9":"tag-actualites","10":"tag-eu","11":"tag-europe","12":"tag-fr","13":"tag-france","14":"tag-news","15":"tag-occitanie","16":"tag-republique-francaise","17":"tag-sports","18":"tag-toulouse","19":"tag-trail"},"share_on_mastodon":{"url":"https:\/\/pubeurope.com\/@fr\/114311567955841278","error":""},"_links":{"self":[{"href":"https:\/\/www.europesays.com\/fr\/wp-json\/wp\/v2\/posts\/14107","targetHints":{"allow":["GET"]}}],"collection":[{"href":"https:\/\/www.europesays.com\/fr\/wp-json\/wp\/v2\/posts"}],"about":[{"href":"https:\/\/www.europesays.com\/fr\/wp-json\/wp\/v2\/types\/post"}],"author":[{"embeddable":true,"href":"https:\/\/www.europesays.com\/fr\/wp-json\/wp\/v2\/users\/2"}],"replies":[{"embeddable":true,"href":"https:\/\/www.europesays.com\/fr\/wp-json\/wp\/v2\/comments?post=14107"}],"version-history":[{"count":0,"href":"https:\/\/www.europesays.com\/fr\/wp-json\/wp\/v2\/posts\/14107\/revisions"}],"wp:featuredmedia":[{"embeddable":true,"href":"https:\/\/www.europesays.com\/fr\/wp-json\/wp\/v2\/media\/14108"}],"wp:attachment":[{"href":"https:\/\/www.europesays.com\/fr\/wp-json\/wp\/v2\/media?parent=14107"}],"wp:term":[{"taxonomy":"category","embeddable":true,"href":"https:\/\/www.europesays.com\/fr\/wp-json\/wp\/v2\/categories?post=14107"},{"taxonomy":"post_tag","embeddable":true,"href":"https:\/\/www.europesays.com\/fr\/wp-json\/wp\/v2\/tags?post=14107"}],"curies":[{"name":"wp","href":"https:\/\/api.w.org\/{rel}","templated":true}]}}