{"id":141075,"date":"2025-05-31T06:55:08","date_gmt":"2025-05-31T06:55:08","guid":{"rendered":"https:\/\/www.europesays.com\/fr\/141075\/"},"modified":"2025-05-31T06:55:08","modified_gmt":"2025-05-31T06:55:08","slug":"trafic-interrompu-entre-jet-deau-et-la-borelle-suite-a-un-accident","status":"publish","type":"post","link":"https:\/\/www.europesays.com\/fr\/141075\/","title":{"rendered":"trafic interrompu entre Jet d\u2019eau et La Borelle suite \u00e0 un accident"},"content":{"rendered":"<p>Tramway T4 \u00e0 Lyon : trafic interrompu entre Jet d\u2019eau et La Borelle suite \u00e0 un accident<\/p>\n<p itemprop=\"description\"><strong>Depuis 5h40 ce samedi 31 mai, la ligne de tramway T4 est perturb\u00e9e suite \u00e0 un accident survenu sur les voies.<\/strong><\/p>\n<p>Le d\u00e9but de matin\u00e9e a \u00e9t\u00e9 compliqu\u00e9 pour les usagers du tramway T4. La circulation est interrompue sur une partie du trac\u00e9, avec une reprise estim\u00e9e \u00e0 10h.<\/p>\n<p>Le trafic du tram T4 est ainsi \u00a0scind\u00e9 en deux ce vendredi matin. Selon les TCL, la ligne circule uniquement de\u00a0<strong>La Doua \u2013 Gaston Berger \u00e0 Lyc\u00e9e Lumi\u00e8re<\/strong>\u00a0d\u2019un c\u00f4t\u00e9, et de\u00a0<strong>Gare de V\u00e9nissieux \u00e0 H\u00f4pital Feyzin V\u00e9nissieux<\/strong>\u00a0de l\u2019autre. Les stations situ\u00e9es entre\u00a0<strong>Mus\u00e9e Tony Garnier et La Borelle<\/strong>\u00a0ne sont plus desservies dans les deux sens.<\/p>\n<p>Un\u00a0<strong>bus relais<\/strong>\u00a0a \u00e9t\u00e9 mis en place entre\u00a0<strong>Jet d\u2019eau \u2013 Mend\u00e8s France<\/strong>\u00a0et\u00a0<strong>Gare de V\u00e9nissieux<\/strong>\u00a0pour assurer une continuit\u00e9 de service. L\u2019incident serait maintenant li\u00e9 \u00e0 un\u00a0obstacle sur les voies suite accident\u00a0survenue t\u00f4t ce samedi matin.<\/p>\n","protected":false},"excerpt":{"rendered":"Tramway T4 \u00e0 Lyon : trafic interrompu entre Jet d\u2019eau et La Borelle suite \u00e0 un accident Depuis&hellip;\n","protected":false},"author":2,"featured_media":141076,"comment_status":"","ping_status":"","sticky":false,"template":"","format":"standard","meta":{"footnotes":""},"categories":[1889],"tags":[1111,11,2813,2190,2430,1109,251,1112,2811,1777,674,118,1011,27,1922,1110,1114,2428,2810,12,241,316,25,2812,517,800],"class_list":{"0":"post-141075","1":"post","2":"type-post","3":"status-publish","4":"format-standard","5":"has-post-thumbnail","7":"category-lyon","8":"tag-actu","9":"tag-actualites","10":"tag-article","11":"tag-asvel","12":"tag-auvergne-rhone-alpes","13":"tag-breves","14":"tag-culture","15":"tag-depeches","16":"tag-economique","17":"tag-eu","18":"tag-europe","19":"tag-faits-divers","20":"tag-fr","21":"tag-france","22":"tag-info","23":"tag-informations","24":"tag-infos","25":"tag-lyon","26":"tag-lyonmag","27":"tag-news","28":"tag-ol","29":"tag-politique","30":"tag-republique-francaise","31":"tag-sociale","32":"tag-sport","33":"tag-transports"},"share_on_mastodon":{"url":"https:\/\/pubeurope.com\/@fr\/114601140122482700","error":""},"_links":{"self":[{"href":"https:\/\/www.europesays.com\/fr\/wp-json\/wp\/v2\/posts\/141075","targetHints":{"allow":["GET"]}}],"collection":[{"href":"https:\/\/www.europesays.com\/fr\/wp-json\/wp\/v2\/posts"}],"about":[{"href":"https:\/\/www.europesays.com\/fr\/wp-json\/wp\/v2\/types\/post"}],"author":[{"embeddable":true,"href":"https:\/\/www.europesays.com\/fr\/wp-json\/wp\/v2\/users\/2"}],"replies":[{"embeddable":true,"href":"https:\/\/www.europesays.com\/fr\/wp-json\/wp\/v2\/comments?post=141075"}],"version-history":[{"count":0,"href":"https:\/\/www.europesays.com\/fr\/wp-json\/wp\/v2\/posts\/141075\/revisions"}],"wp:featuredmedia":[{"embeddable":true,"href":"https:\/\/www.europesays.com\/fr\/wp-json\/wp\/v2\/media\/141076"}],"wp:attachment":[{"href":"https:\/\/www.europesays.com\/fr\/wp-json\/wp\/v2\/media?parent=141075"}],"wp:term":[{"taxonomy":"category","embeddable":true,"href":"https:\/\/www.europesays.com\/fr\/wp-json\/wp\/v2\/categories?post=141075"},{"taxonomy":"post_tag","embeddable":true,"href":"https:\/\/www.europesays.com\/fr\/wp-json\/wp\/v2\/tags?post=141075"}],"curies":[{"name":"wp","href":"https:\/\/api.w.org\/{rel}","templated":true}]}}