{"id":141080,"date":"2025-05-31T06:58:09","date_gmt":"2025-05-31T06:58:09","guid":{"rendered":"https:\/\/www.europesays.com\/fr\/141080\/"},"modified":"2025-05-31T06:58:09","modified_gmt":"2025-05-31T06:58:09","slug":"week-end-des-31-mai-et-1er-juin-six-idees-de-sorties-en-ile-de-france","status":"publish","type":"post","link":"https:\/\/www.europesays.com\/fr\/141080\/","title":{"rendered":"Week-end des 31\u00a0mai et 1er\u00a0juin\u00a0: six id\u00e9es de sorties en \u00cele-de-France"},"content":{"rendered":"<p class=\"paragraph text_align_left\">Ce samedi, vous pourrez par exemple retrouver <a href=\"https:\/\/www.leparisien.fr\/culture-loisirs\/cinema\/festival-de-cannes\/cannes-2025-harris-dickinson-le-nouveau-chouchou-de-hollywood-epate-en-passant-derriere-la-camera-17-05-2025-AT4II477Y5AUDOZ2UAAKTFSRLQ.php\" target=\"_blank\" rel=\"noreferrer nofollow noopener\">\u00ab Urchin \u00bb, film britannique r\u00e9alis\u00e9 par Harris Dickinson<\/a>, ou encore \u00ab Love Me Tender \u00bb, d\u2019Anna Cazenave Cambet. Dimanche, c\u2019est notamment \u00ab Un po\u00e8te \u00bb, du r\u00e9alisateur colombien Simon Mesa Soto, r\u00e9compens\u00e9 par le prix du jury de la s\u00e9lection, et \u00ab Once Upon a Time in Gaza \u00bb, des fr\u00e8res palestiniens Arab et Tarzan Nasser, prix de la mise en sc\u00e8ne, qui sont programm\u00e9s. Au 76, rue de Rennes. Tout le week-end et jusqu\u2019au 3 juin. Tarifs : de 8,40 euros \u00e0 12,20 euros, selon horaires (5,30 euros pour les moins de 18 ans). <a href=\"https:\/\/dulaccinemas.com\/\" rel=\"nofollow noopener\" target=\"_blank\">dulaccinemas.com<\/a><\/p>\n","protected":false},"excerpt":{"rendered":"Ce samedi, vous pourrez par exemple retrouver \u00ab Urchin \u00bb, film britannique r\u00e9alis\u00e9 par Harris Dickinson, ou encore&hellip;\n","protected":false},"author":2,"featured_media":141081,"comment_status":"","ping_status":"","sticky":false,"template":"","format":"standard","meta":{"footnotes":""},"categories":[1592],"tags":[1111,11,872,1777,674,1011,27,662,12,626,25,6047],"class_list":{"0":"post-141080","1":"post","2":"type-post","3":"status-publish","4":"format-standard","5":"has-post-thumbnail","7":"category-ile-de-france","8":"tag-actu","9":"tag-actualites","10":"tag-culture-et-loisirs","11":"tag-eu","12":"tag-europe","13":"tag-fr","14":"tag-france","15":"tag-ile-de-france","16":"tag-news","17":"tag-paris","18":"tag-republique-francaise","19":"tag-sortir-en-region-parisienne"},"share_on_mastodon":{"url":"https:\/\/pubeurope.com\/@fr\/114601151964026811","error":""},"_links":{"self":[{"href":"https:\/\/www.europesays.com\/fr\/wp-json\/wp\/v2\/posts\/141080","targetHints":{"allow":["GET"]}}],"collection":[{"href":"https:\/\/www.europesays.com\/fr\/wp-json\/wp\/v2\/posts"}],"about":[{"href":"https:\/\/www.europesays.com\/fr\/wp-json\/wp\/v2\/types\/post"}],"author":[{"embeddable":true,"href":"https:\/\/www.europesays.com\/fr\/wp-json\/wp\/v2\/users\/2"}],"replies":[{"embeddable":true,"href":"https:\/\/www.europesays.com\/fr\/wp-json\/wp\/v2\/comments?post=141080"}],"version-history":[{"count":0,"href":"https:\/\/www.europesays.com\/fr\/wp-json\/wp\/v2\/posts\/141080\/revisions"}],"wp:featuredmedia":[{"embeddable":true,"href":"https:\/\/www.europesays.com\/fr\/wp-json\/wp\/v2\/media\/141081"}],"wp:attachment":[{"href":"https:\/\/www.europesays.com\/fr\/wp-json\/wp\/v2\/media?parent=141080"}],"wp:term":[{"taxonomy":"category","embeddable":true,"href":"https:\/\/www.europesays.com\/fr\/wp-json\/wp\/v2\/categories?post=141080"},{"taxonomy":"post_tag","embeddable":true,"href":"https:\/\/www.europesays.com\/fr\/wp-json\/wp\/v2\/tags?post=141080"}],"curies":[{"name":"wp","href":"https:\/\/api.w.org\/{rel}","templated":true}]}}