{"id":141082,"date":"2025-05-31T06:59:09","date_gmt":"2025-05-31T06:59:09","guid":{"rendered":"https:\/\/www.europesays.com\/fr\/141082\/"},"modified":"2025-05-31T06:59:09","modified_gmt":"2025-05-31T06:59:09","slug":"les-30c-depasses-et-des-orages-annonces-a-paris-et-en-ile-de-france","status":"publish","type":"post","link":"https:\/\/www.europesays.com\/fr\/141082\/","title":{"rendered":"Les 30\u00b0C d\u00e9pass\u00e9s et des orages annonc\u00e9s \u00e0 Paris et en \u00cele-de-France"},"content":{"rendered":"<p>            Par<br \/>\n        <strong><br \/>\n            <a href=\"https:\/\/actu.fr\/auteur\/thomas-martin\" title=\"Consulter tous les articles de Thomas Martin\" target=\"_blank\" rel=\"noopener\">Thomas Martin<\/a><br \/>\n        <\/strong><\/p>\n<p>        Publi\u00e9 le<\/p>\n<p>            31 mai 2025 \u00e0 7h48        <\/p>\n<p>\u00c7a se pr\u00e9cise. Apr\u00e8s les fortes chaleurs de ce vendredi 30 mai, une d\u00e9gradation de la <a href=\"https:\/\/actu.fr\/paris\/meteo\" target=\"_blank\" rel=\"noopener\">m\u00e9t\u00e9o<\/a> est attendue \u00e0 Paris et dans l\u2019ensemble de l\u2019\u00cele-de-France. Selon les pr\u00e9visions de <a href=\"https:\/\/actu.fr\/tag\/meteo-france\" target=\"_blank\" rel=\"noopener\">M\u00e9t\u00e9o-France<\/a>, des <a href=\"https:\/\/actu.fr\/tag\/orages\" target=\"_blank\" rel=\"noopener\">orages<\/a> pourraient \u00e9clater en fin d\u2019apr\u00e8s-midi ce samedi. Les pr\u00e9visions.\u00a0<\/p>\n<p>Un temps lourd et des orages \u00e0 Paris et en \u00cele-de-France<\/p>\n<p class=\" wall-content\">Ce matin, les temp\u00e9ratures sont encore \u00e9lev\u00e9es dans la r\u00e9gion, proche de 19\u00b0C \u00e0 Paris vers 8h. Alors que le soleil brille encore, le ciel devrait devenir de plus en plus nuageux au fil des heures. Ce qui n\u2019emp\u00eachera pas le mercure de grimper jusqu\u2019\u00e0 31\u00b0C dans la capitale. On attend m\u00eame 32\u00b0C \u00e0 Melun en Seine-et-Marne.\u00a0<\/p>\n<p class=\" wall-content\">Cette lourdeur ressenti devrait pr\u00e9c\u00e9der des orages dans la r\u00e9gion, plac\u00e9e en <a href=\"https:\/\/actu.fr\/meteo\/meteo-vigilance-aux-orages-activee-apres-le-pic-de-chaleur-a-paris-et-en-ile-de-france-de-ce-vendredi_62705779.html\" target=\"_blank\" rel=\"noopener\">vigilance<\/a> jaune. Ceux-ci pourraient \u00e9clater en fin de journ\u00e9e, semblant \u00e9pargner seulement les Yvelines pour toucher les autres d\u00e9partements.\u00a0<\/p>\n<p class=\" wall-content\">\n<p class=\" wall-content\"><a href=\"https:\/\/actualite.lachainemeteo.com\/actualite-meteo\/2025-05-30\/meteo-de-votre-samedi-ambiance-de-plus-en-plus-lourde-et-orageuse-78455\" target=\"_blank\" rel=\"noopener\">La Cha\u00eene M\u00e9t\u00e9o<\/a> en profite pour lancer un message aux supporters du PSG : \u00ab\u00a0Si la finale de la Ligue des Champions entre le PSG et l\u2019Inter de Milan apporte de la tension chez les supporters, c\u00f4t\u00e9 ciel l\u2019ambiance sera \u00e9galement \u00e9lectrique dans la capitale avec le passage de quelques orages. Il faut donc se m\u00e9fier si vous \u00eates \u00e0 l\u2019ext\u00e9rieur pour regarder le match sur \u00e9cran g\u00e9ant\u00a0\u00bb.\u00a0<\/p>\n<p class=\" wall-content\">Dimanche, c\u2019est un temps nuageux avec des \u00e9claircies qui s\u2019annoncent et des temp\u00e9ratures en l\u00e9ger recul.\u00a0<\/p>\n<p class=\" wall-content\">Suivez toute l\u2019actualit\u00e9 de vos villes et m\u00e9dias favoris en vous inscrivant \u00e0 <a href=\"https:\/\/moncompte.actu.fr\" title=\"D\u00e9couvez Mon Actu\" rel=\"nofollow noopener\" data-trk=\"{&quot;cta&quot;:{&quot;action&quot;:&quot;https:\\\/\\\/moncompte.actu.fr&quot;,&quot;category&quot;:&quot;mon compte&quot;,&quot;from&quot;:&quot;article footer&quot;,&quot;name&quot;:&quot;Mon actu&quot;,&quot;type&quot;:&quot;cta&quot;}}\" target=\"_blank\">Mon Actu<\/a>.<\/p>\n","protected":false},"excerpt":{"rendered":"Par Thomas Martin Publi\u00e9 le 31 mai 2025 \u00e0 7h48 \u00c7a se pr\u00e9cise. Apr\u00e8s les fortes chaleurs de&hellip;\n","protected":false},"author":2,"featured_media":141083,"comment_status":"","ping_status":"","sticky":false,"template":"","format":"standard","meta":{"footnotes":""},"categories":[1888],"tags":[1111,1928,11,1927,1777,674,1011,27,2487,2357,12,1926,4594,626,1925,25],"class_list":{"0":"post-141082","1":"post","2":"type-post","3":"status-publish","4":"format-standard","5":"has-post-thumbnail","7":"category-paris","8":"tag-actu","9":"tag-actu-paris","10":"tag-actualites","11":"tag-actualites-paris","12":"tag-eu","13":"tag-europe","14":"tag-fr","15":"tag-france","16":"tag-meteo","17":"tag-meteo-france","18":"tag-news","19":"tag-news-paris","20":"tag-orages","21":"tag-paris","22":"tag-paris-news","23":"tag-republique-francaise"},"share_on_mastodon":{"url":"https:\/\/pubeurope.com\/@fr\/114601155856779908","error":""},"_links":{"self":[{"href":"https:\/\/www.europesays.com\/fr\/wp-json\/wp\/v2\/posts\/141082","targetHints":{"allow":["GET"]}}],"collection":[{"href":"https:\/\/www.europesays.com\/fr\/wp-json\/wp\/v2\/posts"}],"about":[{"href":"https:\/\/www.europesays.com\/fr\/wp-json\/wp\/v2\/types\/post"}],"author":[{"embeddable":true,"href":"https:\/\/www.europesays.com\/fr\/wp-json\/wp\/v2\/users\/2"}],"replies":[{"embeddable":true,"href":"https:\/\/www.europesays.com\/fr\/wp-json\/wp\/v2\/comments?post=141082"}],"version-history":[{"count":0,"href":"https:\/\/www.europesays.com\/fr\/wp-json\/wp\/v2\/posts\/141082\/revisions"}],"wp:featuredmedia":[{"embeddable":true,"href":"https:\/\/www.europesays.com\/fr\/wp-json\/wp\/v2\/media\/141083"}],"wp:attachment":[{"href":"https:\/\/www.europesays.com\/fr\/wp-json\/wp\/v2\/media?parent=141082"}],"wp:term":[{"taxonomy":"category","embeddable":true,"href":"https:\/\/www.europesays.com\/fr\/wp-json\/wp\/v2\/categories?post=141082"},{"taxonomy":"post_tag","embeddable":true,"href":"https:\/\/www.europesays.com\/fr\/wp-json\/wp\/v2\/tags?post=141082"}],"curies":[{"name":"wp","href":"https:\/\/api.w.org\/{rel}","templated":true}]}}