{"id":141088,"date":"2025-05-31T07:02:12","date_gmt":"2025-05-31T07:02:12","guid":{"rendered":"https:\/\/www.europesays.com\/fr\/141088\/"},"modified":"2025-05-31T07:02:12","modified_gmt":"2025-05-31T07:02:12","slug":"ici-cest-paris-la-ratp-fait-peau-neuve-a-la-station-porte-de-saint-cloud-en-soutien-au-psg","status":"publish","type":"post","link":"https:\/\/www.europesays.com\/fr\/141088\/","title":{"rendered":"\u00ab\u00a0Ici c\u2019est Paris\u00a0\u00bb : la RATP fait peau neuve \u00e0 la station Porte de Saint-Cloud en soutien au PSG"},"content":{"rendered":"<p class=\"paragraph text_align_left\">La tension monte dans tout Paris \u00e0 quelques heures de <a href=\"https:\/\/www.leparisien.fr\/sports\/football\/ligue-des-champions\/direct-le-psg-en-finale-de-ligue-des-champions-cest-le-jour-j-suivez-les-dernieres-heures-avant-la-finale-31-05-2025-5W6GXKTJFFDMLNHEIVRASG7BEM.php\" target=\"_blank\" rel=\"noreferrer nofollow noopener\">la finale de Ligue des champions entre le PSG et l\u2019Inter Milan<\/a>. Et jusque dans les bouches de m\u00e9tro. \u00c0 Porte de Saint-Cloud, la station qui dessert le Parc des Princes, la RATP a chang\u00e9 les panneaux indiquant le nom de l\u2019arr\u00eat.<\/p>\n<p class=\"lp-f-ui-06 bet-widget_legal-notices lp-color-text-muted lp-mb-07\">LES JEUX D&rsquo;ARGENT ET DE HASARD PEUVENT \u00caTRE DANGEREUX : PERTES D&rsquo;ARGENT, CONFLITS FAMILIAUX, ADDICTION\u2026 RETROUVEZ NOS CONSEILS SUR <a href=\"https:\/\/joueurs-info-service.fr\/\" class=\"lp-color-text-muted\" rel=\"nofollow noopener\" target=\"_blank\">JOUEURS-INFO-SERVICE.FR<\/a> (09 74 75 13 13 &#8211; APPEL NON SURTAX\u00c9)<\/p>\n<p class=\"paragraph text_align_left\">Exit les \u00ab Porte de Saint-Cloud \u00bb, les usagers de la ligne 9 peuvent d\u00e9sormais apercevoir un \u00ab Ici c\u2019est Paris \u00bb \u00e0 la place en soutien au club francilien qui peut d\u00e9crocher <a href=\"https:\/\/www.leparisien.fr\/sports\/football\/ligue-des-champions\/psg-inter-milan-tous-ensemble-on-gagnera-31-05-2025-TYOZGQYG3FDDVHXRSB4Z64EALI.php\" target=\"_blank\" rel=\"noreferrer nofollow noopener\">sa premi\u00e8re couronne en Ligue des champions<\/a>. \u00c9videmment, le nom de la station reste indiqu\u00e9 en plus petit juste en dessous.<\/p>\n<p class=\"paragraph text_align_left\">Pour tous les fans du Paris Saint-Germain qui n\u2019ont pas eu la chance de faire le d\u00e9placement \u00e0 Munich, la zone du Parc des Princes va \u00eatre <a href=\"https:\/\/www.leparisien.fr\/paris-75\/psg-inter-milan-perimetre-de-protection-circulation-a-quoi-sattendre-a-paris-ce-dimanche-en-cas-de-sacre-31-05-2025-GPKDYOE4ZZBADOS6VQIW7TZMHE.php\" target=\"_blank\" rel=\"noreferrer nofollow noopener\">un des points chauds<\/a> de cette journ\u00e9e historique.<\/p>\n<p class=\"paragraph text_align_left\"><a href=\"https:\/\/www.leparisien.fr\/sports\/football\/ligue-des-champions\/psg-inter-milan-show-musical-ecrans-geants-le-programme-des-festivites-de-la-soiree-au-parc-des-princes-30-05-2025-V2CQQ3A6ONEQDMO7A2RHRVIJ3M.php\" target=\"_blank\" rel=\"noreferrer nofollow noopener\">L\u2019antre parisien va accueillir 48 000 personnes<\/a> pour la projection de la finale sur quatre \u00e9crans g\u00e9ants, le tout accompagn\u00e9 de plusieurs concerts en amuse-bouches. Les spectateurs pourront ainsi profiter des prestations de plusieurs rappeurs tels que Franglish, Gazo, Nono La Grinta ou encore Siaka.<\/p>\n","protected":false},"excerpt":{"rendered":"La tension monte dans tout Paris \u00e0 quelques heures de la finale de Ligue des champions entre le&hellip;\n","protected":false},"author":2,"featured_media":141089,"comment_status":"","ping_status":"","sticky":false,"template":"","format":"standard","meta":{"footnotes":""},"categories":[1888],"tags":[11,1777,674,63,1011,27,447,12,626,25,60],"class_list":{"0":"post-141088","1":"post","2":"type-post","3":"status-publish","4":"format-standard","5":"has-post-thumbnail","7":"category-paris","8":"tag-actualites","9":"tag-eu","10":"tag-europe","11":"tag-football","12":"tag-fr","13":"tag-france","14":"tag-ligue-des-champions","15":"tag-news","16":"tag-paris","17":"tag-republique-francaise","18":"tag-sports"},"share_on_mastodon":{"url":"https:\/\/pubeurope.com\/@fr\/114601167916844575","error":""},"_links":{"self":[{"href":"https:\/\/www.europesays.com\/fr\/wp-json\/wp\/v2\/posts\/141088","targetHints":{"allow":["GET"]}}],"collection":[{"href":"https:\/\/www.europesays.com\/fr\/wp-json\/wp\/v2\/posts"}],"about":[{"href":"https:\/\/www.europesays.com\/fr\/wp-json\/wp\/v2\/types\/post"}],"author":[{"embeddable":true,"href":"https:\/\/www.europesays.com\/fr\/wp-json\/wp\/v2\/users\/2"}],"replies":[{"embeddable":true,"href":"https:\/\/www.europesays.com\/fr\/wp-json\/wp\/v2\/comments?post=141088"}],"version-history":[{"count":0,"href":"https:\/\/www.europesays.com\/fr\/wp-json\/wp\/v2\/posts\/141088\/revisions"}],"wp:featuredmedia":[{"embeddable":true,"href":"https:\/\/www.europesays.com\/fr\/wp-json\/wp\/v2\/media\/141089"}],"wp:attachment":[{"href":"https:\/\/www.europesays.com\/fr\/wp-json\/wp\/v2\/media?parent=141088"}],"wp:term":[{"taxonomy":"category","embeddable":true,"href":"https:\/\/www.europesays.com\/fr\/wp-json\/wp\/v2\/categories?post=141088"},{"taxonomy":"post_tag","embeddable":true,"href":"https:\/\/www.europesays.com\/fr\/wp-json\/wp\/v2\/tags?post=141088"}],"curies":[{"name":"wp","href":"https:\/\/api.w.org\/{rel}","templated":true}]}}