{"id":141096,"date":"2025-05-31T07:06:10","date_gmt":"2025-05-31T07:06:10","guid":{"rendered":"https:\/\/www.europesays.com\/fr\/141096\/"},"modified":"2025-05-31T07:06:10","modified_gmt":"2025-05-31T07:06:10","slug":"les-cigarettes-electroniques-jetables-interdites-a-la-vente-a-partir-de-dimanche","status":"publish","type":"post","link":"https:\/\/www.europesays.com\/fr\/141096\/","title":{"rendered":"les cigarettes \u00e9lectroniques jetables interdites \u00e0 la vente \u00e0 partir de dimanche"},"content":{"rendered":"<p>Ceux qui enfreignent l\u2019interdiction se verront infliger une amende de 200 livres (238 euros) et les r\u00e9cidivistes risquent jusqu\u2019\u00e0 deux ans de prison.<\/p>\n<p class=\"fig-paragraph\">Les cigarettes \u00e9lectroniques jetables, en vogue chez les jeunes, seront interdites \u00e0 la vente dimanche au\u00a0<a href=\"http:\/\/www.lefigaro.fr\/international\/royaume-uni-dua-lipa-et-plus-de-300-artistes-appellent-a-bloquer-les-ventes-d-armes-a-israel-20250529\" target=\"_blank\" data-fig-type=\"NewsFlash\" rel=\"noopener\" data-gtm-custom-categorie=\"navigation\" data-gtm-custom-action=\"crossclick\" data-gtm-custom-label=\"Contextuel\" data-gtm-event=\"customEventSPE\" data-fig-domain=\"LEFIGARO\">Royaume-Uni<\/a>, qui embo\u00eete le pas \u00e0 la\u00a0<a href=\"http:\/\/www.lefigaro.fr\/actualite-france\/palestinisme-calculs-electoraux-tribalisation-les-lecons-d-un-rapport-explosif-sur-la-belgique-devenue-laboratoire-de-l-antisemitisme-20250527\" target=\"_blank\" data-fig-type=\"Article\" rel=\"noopener\" data-gtm-custom-categorie=\"navigation\" data-gtm-custom-action=\"crossclick\" data-gtm-custom-label=\"Contextuel\" data-gtm-event=\"customEventSPE\" data-fig-domain=\"LEFIGARO\">Belgique<\/a>\u00a0et la France avec cette mesure. \u00abDepuis trop longtemps, les cigarettes \u00e9lectroniques \u00e0 usage unique souillent nos rues et rendent nos enfants accros \u00e0 la nicotine\u00bb, a estim\u00e9 la secr\u00e9taire d&rsquo;\u00c9tat \u00e0 l&rsquo;Environnement Mary Creagh.<\/p>\n<p class=\"fig-paragraph\">Sont d\u00e9sormais interdites la vente et l&rsquo;offre \u00e0 titre gratuit de ces cigarettes \u00e9lectroniques \u00e0 usage unique bon march\u00e9, multicolores et aux parfums sucr\u00e9s, pris\u00e9es des jeunes, qui \u00e9taient disponibles dans le pays depuis 2021. Ceux qui enfreignent l&rsquo;interdiction se verront infliger une amende de 200 livres (238 euros) et les r\u00e9cidivistes risquent jusqu&rsquo;\u00e0 deux ans de prison. La loi a \u00e9t\u00e9 lanc\u00e9e par le pr\u00e9c\u00e9dent gouvernement conservateur.<\/p>\n<p class=\"fig-paragraph\">En 2024, pr\u00e8s de cinq millions de ces \u00abpuffs\u00bb ont \u00e9t\u00e9 jet\u00e9es chaque semaine, selon l&rsquo;association Material Focus. Ce qui repr\u00e9sente plus de 40 tonnes de lithium par an, de quoi alimenter 5000\u00a0<a href=\"http:\/\/www.lefigaro.fr\/automobile\/a-partir-du-1er-mai-la-carte-grise-pour-les-vehicules-electriques-devient-payante-sauf-dans-une-region-20250423\" target=\"_blank\" data-fig-type=\"NewsFlash\" rel=\"noopener\" data-gtm-custom-categorie=\"navigation\" data-gtm-custom-action=\"crossclick\" data-gtm-custom-label=\"Contextuel\" data-gtm-event=\"customEventSPE\" data-fig-domain=\"LEFIGARO\">v\u00e9hicules \u00e9lectriques<\/a>, selon l&rsquo;ONG. Les cigarettes \u00e9lectroniques jet\u00e9es pr\u00e9sentent par ailleurs un risque de prendre feu parmi les d\u00e9chets m\u00e9nagers.<\/p>\n<p class=\"fig-paragraph\">Selon l&rsquo;association Action on Smoking and Health (ASH), 11% des adultes britanniques vapotent, l&rsquo;\u00e9quivalent de 5,6 millions de personnes, et 18% des 11-17 ans, soit environ 980.000 jeunes, ont vapot\u00e9 en 2024. \u00abCette nouvelle loi est une \u00e9tape pour r\u00e9duire le vapotage chez les enfants, tout en veillant \u00e0 ce que des produits soient disponibles pour aider les gens \u00e0 arr\u00eater de fumer\u00bb, a d\u00e9clar\u00e9 Caroline Cerny, directrice ex\u00e9cutive adjointe de ASH.<\/p>\n<p>Usage pas interdit<\/p>\n<p class=\"fig-paragraph\">Les cigarettes \u00e9lectroniques ne produisent ni goudron ni monoxyde de carbone, deux des \u00e9l\u00e9ments les plus nocifs de la fum\u00e9e de\u00a0<a href=\"http:\/\/www.lefigaro.fr\/conso\/les-ventes-de-tabac-reculent-de-11-5-en-france-d-apres-l-ofdt-20250530\" target=\"_blank\" data-fig-type=\"NewsFlash\" rel=\"noopener\" data-gtm-custom-categorie=\"navigation\" data-gtm-custom-action=\"crossclick\" data-gtm-custom-label=\"Contextuel\" data-gtm-event=\"customEventSPE\" data-fig-domain=\"LEFIGARO\">tabac<\/a>, mais contiennent de la nicotine, hautement addictive. L&rsquo;annonce de cette interdiction a d\u00e9j\u00e0 conduit \u00e0 une diminution de l&rsquo;utilisation des \u00abpuffs\u00bb: selon ASH, chez les jeunes de 18 \u00e0 24 ans qui vapotent, la part de ceux qui utilisent des dispositifs jetables est tomb\u00e9e de 52% en 2024 \u00e0 40% en 2025.<\/p>\n<p class=\"fig-paragraph\">La France et la Belgique ont \u00e9t\u00e9 les premiers pays europ\u00e9ens \u00e0 interdire cette ann\u00e9e la vente des cigarettes \u00e9lectroniques jetables, qui sont aussi dans le collimateur des autorit\u00e9s irlandaises.<\/p>\n<p class=\"fig-paragraph\">L&rsquo;industrie met quant \u00e0 elle en garde contre le d\u00e9veloppement du march\u00e9 noir. Le projet de loi \u00abrend uniquement ill\u00e9gal de vendre des cigarettes \u00e9lectroniques jetables, il n&rsquo;interdit pas leur usage\u00bb, souligne Dan Marchant, directeur de Vape Club, le plus grand d\u00e9taillant en ligne de cigarettes \u00e9lectroniques au Royaume-Uni. \u00abNous risquons une augmentation des articles ill\u00e9gaux et potentiellement dangereux\u00bb, affirme-t-il.<\/p>\n","protected":false},"excerpt":{"rendered":"Ceux qui enfreignent l\u2019interdiction se verront infliger une amende de 200 livres (238 euros) et les r\u00e9cidivistes risquent&hellip;\n","protected":false},"author":2,"featured_media":141097,"comment_status":"","ping_status":"","sticky":false,"template":"","format":"standard","meta":{"footnotes":""},"categories":[1588],"tags":[259,11,260,6584,1777,674,14,261,12,262,473,1853,1851,1850,1852],"class_list":{"0":"post-141096","1":"post","2":"type-post","3":"status-publish","4":"format-standard","5":"has-post-thumbnail","7":"category-royaume-uni","8":"tag-actualite-internationale","9":"tag-actualites","10":"tag-affaires-etrangeres","11":"tag-cigarette-electronique","12":"tag-eu","13":"tag-europe","14":"tag-international","15":"tag-ministere-des-affaires-etrangeres","16":"tag-news","17":"tag-politique-etrangere","18":"tag-royaume-uni","19":"tag-royaume-uni-de-grande-bretagne-et-dirlande-du-nord","20":"tag-uk","21":"tag-united-kingdom","22":"tag-united-kingdom-of-great-britain-and-northern-ireland"},"share_on_mastodon":{"url":"https:\/\/pubeurope.com\/@fr\/114601183460236449","error":""},"_links":{"self":[{"href":"https:\/\/www.europesays.com\/fr\/wp-json\/wp\/v2\/posts\/141096","targetHints":{"allow":["GET"]}}],"collection":[{"href":"https:\/\/www.europesays.com\/fr\/wp-json\/wp\/v2\/posts"}],"about":[{"href":"https:\/\/www.europesays.com\/fr\/wp-json\/wp\/v2\/types\/post"}],"author":[{"embeddable":true,"href":"https:\/\/www.europesays.com\/fr\/wp-json\/wp\/v2\/users\/2"}],"replies":[{"embeddable":true,"href":"https:\/\/www.europesays.com\/fr\/wp-json\/wp\/v2\/comments?post=141096"}],"version-history":[{"count":0,"href":"https:\/\/www.europesays.com\/fr\/wp-json\/wp\/v2\/posts\/141096\/revisions"}],"wp:featuredmedia":[{"embeddable":true,"href":"https:\/\/www.europesays.com\/fr\/wp-json\/wp\/v2\/media\/141097"}],"wp:attachment":[{"href":"https:\/\/www.europesays.com\/fr\/wp-json\/wp\/v2\/media?parent=141096"}],"wp:term":[{"taxonomy":"category","embeddable":true,"href":"https:\/\/www.europesays.com\/fr\/wp-json\/wp\/v2\/categories?post=141096"},{"taxonomy":"post_tag","embeddable":true,"href":"https:\/\/www.europesays.com\/fr\/wp-json\/wp\/v2\/tags?post=141096"}],"curies":[{"name":"wp","href":"https:\/\/api.w.org\/{rel}","templated":true}]}}