{"id":141106,"date":"2025-05-31T07:11:10","date_gmt":"2025-05-31T07:11:10","guid":{"rendered":"https:\/\/www.europesays.com\/fr\/141106\/"},"modified":"2025-05-31T07:11:10","modified_gmt":"2025-05-31T07:11:10","slug":"histoire-gouvernance-budget-le-jeu-des-sept-differences","status":"publish","type":"post","link":"https:\/\/www.europesays.com\/fr\/141106\/","title":{"rendered":"histoire, gouvernance, budget\u2026 Le jeu des sept diff\u00e9rences"},"content":{"rendered":"<p><strong>D\u00c9CRYPTAGE \u2013 <\/strong>Deux grandes maisons europ\u00e9ennes vont croiser le fer samedi \u00e0 Munich en finale de Ligue des champions. Deux clubs diff\u00e9rents sur bien des points.<\/p>\n<p class=\"fig-paragraph\">PSG-Inter, premi\u00e8re\u00a0! Pour la premi\u00e8re fois dans leur histoire, en tout cas en match officiel,\u00a0<a href=\"http:\/\/www.lefigaro.fr\/sports\/football\/ligue-des-champions\/c-est-une-equipe-complete-elle-sait-tout-faire-que-vaut-l-inter-adversaire-du-psg-en-finale-de-ligue-des-champions-20250530\" data-fig-type=\"NewsFlash\" data-gtm-custom-categorie=\"navigation\" data-gtm-custom-action=\"crossclick\" data-gtm-custom-label=\"Contextuel\" data-gtm-event=\"customEventSPE\" data-fig-domain=\"LEFIGARO\" rel=\"nofollow noopener\" target=\"_blank\">Parisiens et Nerazzuri se d\u00e9fient ce samedi<\/a>\u00a0pour le gain de la Ligue des champions. Deux institutions europ\u00e9ennes qui ont disput\u00e9 (et perdu) une finale de C1 dans les cinq derni\u00e8res ann\u00e9es, deux \u00e9quipes port\u00e9es sur le collectif. La liste des diff\u00e9rences entre les deux clubs est toutefois plus longue que celle de leurs points communs. Avant la finale, Le Figaro en a list\u00e9 sept.<\/p>\n<p><strong>Histoire\u00a0: le grand \u00e9cart<\/strong><\/p>\n<p class=\"fig-paragraph\">Sur ce terrain, il n\u2019y a pas photo. Une logique implacable avec d\u2019un c\u00f4t\u00e9 le Paris SG, club jeune n\u00e9 en 1970, de l\u2019autre\u00a0<a href=\"http:\/\/www.lefigaro.fr\/sports\/football\/ligue-des-champions\/psg-inter-milan-la-tour-eiffel-scintillera-a-chaque-but-parisien-durant-la-finale-de-ligue-des-champions-20250528\" data-fig-type=\"NewsFlash\" data-gtm-custom-categorie=\"navigation\" data-gtm-custom-action=\"crossclick\" data-gtm-custom-label=\"Contextuel\" data-gtm-event=\"customEventSPE\" data-fig-domain=\"LEFIGARO\" rel=\"nofollow noopener\" target=\"_blank\">l\u2019Inter Milan<\/a>, institution historique cr\u00e9\u00e9e\u2026 en 1908. Soixante-deux d\u2019existence d\u2019\u00e9cart qui se r\u00e9percutent forc\u00e9ment sur le palmar\u00e8s. Dans son armoire \u00e0 troph\u00e9es, Paris compte 13\u00a0titres nationaux, 16 coupes nationales et un titre europ\u00e9en (Coupe des Coupes 1996), tandis que l\u2019Inter domine les d\u00e9bats avec 20\u00a0titres nationaux, 9 coupes nationales et 6\u00a0titres europ\u00e9ens (3 Ligues des champions, 3 Ligues\u2026<\/p>\n<p class=\"fig-premium-paywall__infos\">\n        Cet article est r\u00e9serv\u00e9 aux abonn\u00e9s.        Il vous reste 87% \u00e0 d\u00e9couvrir.\n    <\/p>\n<p>                <img  data- alt=\"Le Figaro\" class=\"fig-img--complete fig-img\"\/><\/p>\n<p class=\"fig-premium-paywall__title\">Vente Flash<\/p>\n<p class=\"fig-premium-paywall__subtitle\">4,99\u20ac par mois pendant 12 mois. Sans engagement.<\/p>\n<p class=\"fig-premium-paywall__connect\">\n                D\u00e9j\u00e0 abonn\u00e9\u00a0?                <a class=\"fig-premium-paywall__connect-link\" href=\"https:\/\/connect.lefigaro.fr\/login?client=horizon_web&amp;type=main&amp;redirect_uri=https%3A%2F%2Fwww.lefigaro.fr%2Fsports%2Ffootball%2Fligue-des-champions%2Fpsg-inter-milan-histoire-gouvernance-budget-le-jeu-des-sept-differences-20250531\" data-js-gtm=\"{&quot;customCategorie&quot;: &quot;conversion&quot;, &quot;customAction&quot;: &quot;before_Landing_Connexion_paywall_auto&quot;, &quot;customLabel&quot;: &quot;bGVmaWdhcm8uZnJfXzFmMDNjOGRlLThiZTMtNjVhOC1iZDdkLTQ3OGNkODI4ZTE2M19fQXJ0aWNsZQ==_PSG-Inter Milan\u00a0: histoire, gouvernance, budget\u2026 Le jeu des sept diff\u00e9rences_521&quot;, &quot;customIDSPE&quot;: &quot;bGVmaWdhcm8uZnJfXzFmMDNjOGRlLThiZTMtNjVhOC1iZDdkLTQ3OGNkODI4ZTE2M19fQXJ0aWNsZQ==&quot;, &quot;event&quot;: &quot;customEventSPE&quot;}\" rel=\"nofollow noopener\" target=\"_blank\"><br \/>\n                    Connectez-vous<br \/>\n                <\/a>\n            <\/p>\n","protected":false},"excerpt":{"rendered":"D\u00c9CRYPTAGE \u2013 Deux grandes maisons europ\u00e9ennes vont croiser le fer samedi \u00e0 Munich en finale de Ligue des&hellip;\n","protected":false},"author":2,"featured_media":141107,"comment_status":"","ping_status":"","sticky":false,"template":"","format":"standard","meta":{"footnotes":""},"categories":[2],"tags":[11,4791,786,525,448,1981,1089,814,2257,63,1011,27,2705,4788,447,1307,3490,955,12,4589,4789,93,4790,25,1980,455],"class_list":{"0":"post-141106","1":"post","2":"type-post","3":"status-publish","4":"format-standard","5":"has-post-thumbnail","7":"category-actualites","8":"tag-actualites","9":"tag-barcelone","10":"tag-c1","11":"tag-calendrier","12":"tag-champions-league","13":"tag-classement","14":"tag-coupe-deurope","15":"tag-direct","16":"tag-foot","17":"tag-football","18":"tag-fr","19":"tag-france","20":"tag-groupe","21":"tag-inter-milan","22":"tag-ligue-des-champions","23":"tag-lille","24":"tag-liverpool","25":"tag-match","26":"tag-news","27":"tag-phase-finale","28":"tag-poule","29":"tag-psg","30":"tag-real-madrid","31":"tag-republique-francaise","32":"tag-resultats","33":"tag-uefa"},"share_on_mastodon":{"url":"https:\/\/pubeurope.com\/@fr\/114601203117749343","error":""},"_links":{"self":[{"href":"https:\/\/www.europesays.com\/fr\/wp-json\/wp\/v2\/posts\/141106","targetHints":{"allow":["GET"]}}],"collection":[{"href":"https:\/\/www.europesays.com\/fr\/wp-json\/wp\/v2\/posts"}],"about":[{"href":"https:\/\/www.europesays.com\/fr\/wp-json\/wp\/v2\/types\/post"}],"author":[{"embeddable":true,"href":"https:\/\/www.europesays.com\/fr\/wp-json\/wp\/v2\/users\/2"}],"replies":[{"embeddable":true,"href":"https:\/\/www.europesays.com\/fr\/wp-json\/wp\/v2\/comments?post=141106"}],"version-history":[{"count":0,"href":"https:\/\/www.europesays.com\/fr\/wp-json\/wp\/v2\/posts\/141106\/revisions"}],"wp:featuredmedia":[{"embeddable":true,"href":"https:\/\/www.europesays.com\/fr\/wp-json\/wp\/v2\/media\/141107"}],"wp:attachment":[{"href":"https:\/\/www.europesays.com\/fr\/wp-json\/wp\/v2\/media?parent=141106"}],"wp:term":[{"taxonomy":"category","embeddable":true,"href":"https:\/\/www.europesays.com\/fr\/wp-json\/wp\/v2\/categories?post=141106"},{"taxonomy":"post_tag","embeddable":true,"href":"https:\/\/www.europesays.com\/fr\/wp-json\/wp\/v2\/tags?post=141106"}],"curies":[{"name":"wp","href":"https:\/\/api.w.org\/{rel}","templated":true}]}}