{"id":14111,"date":"2025-04-10T03:37:31","date_gmt":"2025-04-10T03:37:31","guid":{"rendered":"https:\/\/www.europesays.com\/fr\/14111\/"},"modified":"2025-04-10T03:37:31","modified_gmt":"2025-04-10T03:37:31","slug":"a-60-kilometres-de-marseille-un-automobiliste-se-dit-sequestre-et-menace-par-la-dz-mafia","status":"publish","type":"post","link":"https:\/\/www.europesays.com\/fr\/14111\/","title":{"rendered":"\u00c0 60 kilom\u00e8tres de Marseille, un automobiliste se dit s\u00e9questr\u00e9 et menac\u00e9 par la DZ Mafia"},"content":{"rendered":"<p>L\u2019homme a \u00e9t\u00e9 retrouv\u00e9 \u00e0 Miramas (Bouches-du-Rh\u00f4ne), l\u00e9g\u00e8rement bless\u00e9, \u00e0 c\u00f4t\u00e9 de son v\u00e9hicule en feu. Il a indiqu\u00e9 aux forces de l\u2019ordre avoir \u00e9t\u00e9 menac\u00e9 par deux individus arm\u00e9s et se r\u00e9clamant du gang marseillais, avant d\u2019\u00eatre abandonn\u00e9 dans un champ.<\/p>\n<p class=\"fig-paragraph\">La \u00abmarque\u00bb\u00a0<a href=\"http:\/\/www.lefigaro.fr\/nice\/extorsion-mitraillage-de-facade-et-incendies-criminels-a-nice-la-dz-mafia-marseillaise-regle-ses-comptes-20250328\" data-fig-type=\"NewsFlash\" data-gtm-custom-categorie=\"navigation\" data-gtm-custom-action=\"crossclick\" data-gtm-custom-label=\"Contextuel\" data-gtm-event=\"customEventSPE\" data-fig-domain=\"LEFIGARO\" target=\"_blank\" rel=\"noopener\">DZ Mafia<\/a>\u00a0s\u00e8me le trouble partout \u00e0 Marseille et dans les Bouches-du-Rh\u00f4ne, o\u00f9 de nombreux individus mal intentionn\u00e9s n\u2019h\u00e9sitent pas \u00e0 se r\u00e9clamer du gang criminel pour intimider autrui. Dans la nuit de dimanche \u00e0 lundi, un automobiliste originaire de Miramas aurait ainsi \u00e9t\u00e9 confront\u00e9 \u00e0 de myst\u00e9rieux individus se pr\u00e9sentant comme des\u00a0<a href=\"http:\/\/www.lefigaro.fr\/marseille\/ils-n-ont-pas-de-limite-derriere-la-dz-mafia-a-marseille-d-influents-commanditaires-qui-operent-dans-l-ombre-20241101\" data-fig-type=\"NewsFlash\" data-gtm-custom-categorie=\"navigation\" data-gtm-custom-action=\"crossclick\" data-gtm-custom-label=\"Contextuel\" data-gtm-event=\"customEventSPE\" data-fig-domain=\"LEFIGARO\" target=\"_blank\" rel=\"noopener\">membres de l\u2019organisation<\/a>.<\/p>\n<p class=\"fig-paragraph\">Comme confirm\u00e9 au Figaro de sources polici\u00e8res concordantes, cet individu probablement li\u00e9 \u00e0 un r\u00e9seau de stup\u00e9fiants a \u00e9t\u00e9 retrouv\u00e9 vers une heure du matin aux c\u00f4t\u00e9s de son v\u00e9hicule en feu en plein milieu d\u2019une zone foresti\u00e8re de cette commune situ\u00e9e \u00e0 une soixantaine de kilom\u00e8tres de Marseille. L\u00e9g\u00e8rement bless\u00e9e, la victime a indiqu\u00e9 aux forces de l\u2019ordre qu\u2019elle avait \u00e9t\u00e9 s\u00e9questr\u00e9e par deux individus cagoul\u00e9s et \u00e9quip\u00e9s d\u2019une kalachnikov et d\u2019un pistolet automatique.<\/p>\n<p>\u00abMessage\u00bb \u00e0 faire passer \u00e0 sa hi\u00e9rarchie<\/p>\n<p class=\"fig-paragraph\">Toujours selon son r\u00e9cit, ces deux malfaiteurs s\u2019en seraient pris \u00e0 lui sur la route, le bloquant avec leur propre v\u00e9hicule avant de le percuter pour le forcer \u00e0 s\u2019arr\u00eater et l\u2019enfermer dans leur coffre. Il aurait ensuite \u00e9t\u00e9 lib\u00e9r\u00e9 dans un champ par ses ravisseurs se pr\u00e9sentant comme des membres de la \u00abDZ\u00bb tout en ajoutant que la ville de Miramas \u00e9tait \u00ab\u00e0 eux\u00bb. Un \u00abmessage\u00bb \u00e0 faire passer \u00e0 sa \u00abhi\u00e9rarchie\u00bb.<\/p>\n<p class=\"fig-paragraph\">Une version \u00e9tonnante &#8211; la victime ne souhaitant pas r\u00e9pondre \u00e0 toutes les questions des policiers &#8211; qui a entra\u00een\u00e9 l\u2019ouverture d\u2019une enqu\u00eate pour \u00abenl\u00e8vement\u00bb, \u00abs\u00e9questration\u00bb et \u00abviolence avec arme\u00bb confi\u00e9e au commissariat d\u2019Istres. D\u00e9but mars,\u00a0<a href=\"http:\/\/www.lefigaro.fr\/marseille\/marseille-un-homme-victime-d-une-tentative-d-extorsion-a-son-domicile-la-dz-mafia-suspectee-20250304\" data-fig-type=\"NewsFlash\" data-gtm-custom-categorie=\"navigation\" data-gtm-custom-action=\"crossclick\" data-gtm-custom-label=\"Contextuel\" data-gtm-event=\"customEventSPE\" data-fig-domain=\"LEFIGARO\" target=\"_blank\" rel=\"noopener\">un Marseillais avait \u00e9t\u00e9 pris \u00e0 partie devant son domicile<\/a>\u00a0par deux braqueurs se r\u00e9clamant de l\u2019organisation criminelle sur fond de tentative d\u2019extorsion.<\/p>\n","protected":false},"excerpt":{"rendered":"L\u2019homme a \u00e9t\u00e9 retrouv\u00e9 \u00e0 Miramas (Bouches-du-Rh\u00f4ne), l\u00e9g\u00e8rement bless\u00e9, \u00e0 c\u00f4t\u00e9 de son v\u00e9hicule en feu. Il a&hellip;\n","protected":false},"author":2,"featured_media":14112,"comment_status":"","ping_status":"","sticky":false,"template":"","format":"standard","meta":{"footnotes":""},"categories":[2814],"tags":[1111,11,885,1182,1180,1181,1777,674,1011,27,1184,1185,884,12,1177,1176,149,1186,882,25,1178,6188,1183,887,1179],"class_list":{"0":"post-14111","1":"post","2":"type-post","3":"status-publish","4":"format-standard","5":"has-post-thumbnail","7":"category-marseille","8":"tag-actu","9":"tag-actualites","10":"tag-bouches-du-rhone","11":"tag-calanques","12":"tag-canebiere","13":"tag-cite-phoceenne","14":"tag-eu","15":"tag-europe","16":"tag-fr","17":"tag-france","18":"tag-la-timone","19":"tag-les-baumettes-mediterranee","20":"tag-marseille","21":"tag-news","22":"tag-notre-dame-de-la-garde","23":"tag-olympique-de-marseille","24":"tag-om","25":"tag-provence","26":"tag-provence-alpes-cote-dazur","27":"tag-republique-francaise","28":"tag-saint-charles","29":"tag-sequestration","30":"tag-sormiou","31":"tag-trafic-de-drogue","32":"tag-vieux-port"},"share_on_mastodon":{"url":"https:\/\/pubeurope.com\/@fr\/114311583728153373","error":""},"_links":{"self":[{"href":"https:\/\/www.europesays.com\/fr\/wp-json\/wp\/v2\/posts\/14111","targetHints":{"allow":["GET"]}}],"collection":[{"href":"https:\/\/www.europesays.com\/fr\/wp-json\/wp\/v2\/posts"}],"about":[{"href":"https:\/\/www.europesays.com\/fr\/wp-json\/wp\/v2\/types\/post"}],"author":[{"embeddable":true,"href":"https:\/\/www.europesays.com\/fr\/wp-json\/wp\/v2\/users\/2"}],"replies":[{"embeddable":true,"href":"https:\/\/www.europesays.com\/fr\/wp-json\/wp\/v2\/comments?post=14111"}],"version-history":[{"count":0,"href":"https:\/\/www.europesays.com\/fr\/wp-json\/wp\/v2\/posts\/14111\/revisions"}],"wp:featuredmedia":[{"embeddable":true,"href":"https:\/\/www.europesays.com\/fr\/wp-json\/wp\/v2\/media\/14112"}],"wp:attachment":[{"href":"https:\/\/www.europesays.com\/fr\/wp-json\/wp\/v2\/media?parent=14111"}],"wp:term":[{"taxonomy":"category","embeddable":true,"href":"https:\/\/www.europesays.com\/fr\/wp-json\/wp\/v2\/categories?post=14111"},{"taxonomy":"post_tag","embeddable":true,"href":"https:\/\/www.europesays.com\/fr\/wp-json\/wp\/v2\/tags?post=14111"}],"curies":[{"name":"wp","href":"https:\/\/api.w.org\/{rel}","templated":true}]}}