{"id":141114,"date":"2025-05-31T07:16:08","date_gmt":"2025-05-31T07:16:08","guid":{"rendered":"https:\/\/www.europesays.com\/fr\/141114\/"},"modified":"2025-05-31T07:16:08","modified_gmt":"2025-05-31T07:16:08","slug":"roland-garros-fabrice-santoro-apres-la-victoire-dalcaraz-contre-dzumhur-il-fallait-le-liberer-il-etait-tard-mais-la-question-que-jaurais-aime-lui-poser-cest-d","status":"publish","type":"post","link":"https:\/\/www.europesays.com\/fr\/141114\/","title":{"rendered":"Roland Garros > Fabrice Santoro, apr\u00e8s la victoire d\u2019Alcaraz contre Dzumhur : \u00ab\u00a0Il fallait le lib\u00e9rer, il \u00e9tait tard, mais la question que j\u2019aurais aim\u00e9 lui poser, c\u2019est : d\u2019apr\u00e8s toi, que va te dire Juan Carlos Ferrero dans les vestiaires apr\u00e8s ce match ?\u00a0\u00bb"},"content":{"rendered":"<p>\u00ab\u202fHonn\u00eatement, je n\u2019ai pas pris beau\u00adcoup de plaisir\u202f\u00bb, <a href=\"https:\/\/www.welovetennis.fr\/roland-garros\/alcaraz-apres-sa-victoire-contre-dzumhur-honnetement-je-nai-pas-pris-beaucoup-de-plaisir\" data-wpel-link=\"internal\" target=\"_blank\" rel=\"noopener\">a reconnu Carlos Alcaraz apr\u00e8s sa victoire en quatre sets contre le Bosnien Damir Dzumhur au troi\u00adsi\u00e8me tour de Roland\u2010Garros.<\/a><\/p>\n<p>Le jeune quadruple laur\u00e9at en Grand Chelem et tenant du titre Porte d\u2019Auteuil sait qu\u2019il a livr\u00e9 une pres\u00adta\u00adtion en demi\u2010teinte, notam\u00adment en raison d\u2019un passage \u00e0 vide en fin de troi\u00adsi\u00e8me\u00a0set.<\/p>\n<p>Une baisse de concen\u00adtra\u00adtion, face \u00e0 un adver\u00adsaire certes valeu\u00adreux, qui risque de ne pas plaire \u00e0 son exigeant entra\u00ee\u00adneur, Juan Carlos Ferrero. Fabrice Santoro aurait bien voulu \u00eatre une petite souris pour assister au d\u00e9brief entre les deux hommes dans les vestiaires.<\/p>\n<p><strong>\u00ab\u202fOn aura d\u2019autres occa\u00adsions de le titiller un peu sur le discours de Ferrero apr\u00e8s ce match. Il fallait le lib\u00e9rer, il \u00e9tait tard, mais la ques\u00adtion que j\u2019aurais aim\u00e9 lui poser, c\u2019est\u00a0: d\u2019apr\u00e8s toi, que va te dire Juan Carlos dans les vestiaires apr\u00e8s ce match\u202f? \u00bb<\/strong>, a lanc\u00e9 le consul\u00adtant de Prime Video sur le plateau.<\/p>\n<p class=\"post-published-date\" style=\"color: silver; font-size: 75%; text-align: left;\">Publi\u00e9 le samedi 31 mai 2025 \u00e0 08:36<\/p>\n","protected":false},"excerpt":{"rendered":"\u00ab\u202fHonn\u00eatement, je n\u2019ai pas pris beau\u00adcoup de plaisir\u202f\u00bb, a reconnu Carlos Alcaraz apr\u00e8s sa victoire en quatre sets&hellip;\n","protected":false},"author":2,"featured_media":141115,"comment_status":"","ping_status":"","sticky":false,"template":"","format":"standard","meta":{"footnotes":""},"categories":[1415],"tags":[1744,7275,1011,27,60,1467],"class_list":{"0":"post-141114","1":"post","2":"type-post","3":"status-publish","4":"format-standard","5":"has-post-thumbnail","7":"category-tennis","8":"tag-alcaraz","9":"tag-ferrero","10":"tag-fr","11":"tag-france","12":"tag-sports","13":"tag-tennis"},"share_on_mastodon":{"url":"https:\/\/pubeurope.com\/@fr\/114601222688140013","error":""},"_links":{"self":[{"href":"https:\/\/www.europesays.com\/fr\/wp-json\/wp\/v2\/posts\/141114","targetHints":{"allow":["GET"]}}],"collection":[{"href":"https:\/\/www.europesays.com\/fr\/wp-json\/wp\/v2\/posts"}],"about":[{"href":"https:\/\/www.europesays.com\/fr\/wp-json\/wp\/v2\/types\/post"}],"author":[{"embeddable":true,"href":"https:\/\/www.europesays.com\/fr\/wp-json\/wp\/v2\/users\/2"}],"replies":[{"embeddable":true,"href":"https:\/\/www.europesays.com\/fr\/wp-json\/wp\/v2\/comments?post=141114"}],"version-history":[{"count":0,"href":"https:\/\/www.europesays.com\/fr\/wp-json\/wp\/v2\/posts\/141114\/revisions"}],"wp:featuredmedia":[{"embeddable":true,"href":"https:\/\/www.europesays.com\/fr\/wp-json\/wp\/v2\/media\/141115"}],"wp:attachment":[{"href":"https:\/\/www.europesays.com\/fr\/wp-json\/wp\/v2\/media?parent=141114"}],"wp:term":[{"taxonomy":"category","embeddable":true,"href":"https:\/\/www.europesays.com\/fr\/wp-json\/wp\/v2\/categories?post=141114"},{"taxonomy":"post_tag","embeddable":true,"href":"https:\/\/www.europesays.com\/fr\/wp-json\/wp\/v2\/tags?post=141114"}],"curies":[{"name":"wp","href":"https:\/\/api.w.org\/{rel}","templated":true}]}}