{"id":141128,"date":"2025-05-31T07:24:14","date_gmt":"2025-05-31T07:24:14","guid":{"rendered":"https:\/\/www.europesays.com\/fr\/141128\/"},"modified":"2025-05-31T07:24:14","modified_gmt":"2025-05-31T07:24:14","slug":"apres-le-petit-frere-jean-louis-tripp-raconte-son-pere-dans-un-autre-roman-graphique-bouleversant-et-on-adore","status":"publish","type":"post","link":"https:\/\/www.europesays.com\/fr\/141128\/","title":{"rendered":"Apr\u00e8s \u00ab\u00a0Le petit fr\u00e8re\u00a0\u00bb, Jean-Louis Tripp raconte son p\u00e8re dans un autre roman graphique bouleversant (et on adore)"},"content":{"rendered":"<p><img loading=\"lazy\" decoding=\"async\" class=\"w-full lazyload lazyload--opacity object-contain\" style=\"aspect-ratio:83 \/ 100;opacity:1\" alt=\"&quot;Un p\u00e8re&quot;, le nouveau roman graphique tr\u00e8s personnel de Jean-Louis Tripp\" width=\"768\" height=\"927\" fetchpriority=\"auto\" src=\"https:\/\/www.europesays.com\/fr\/wp-content\/uploads\/2025\/05\/S5VKD3X55FFF3BW6V4SEHXNP7I.png\"  data- data-optimumx=\"1\"\/>Le p\u00e8re de Jean-Louis Tripp \u00e9tait un homme tant\u00f4t flamboyant, tant\u00f4t path\u00e9tique, et parfois les deux \u00e0 la fois. Bref, un homme. \u00a9Casterman<\/p>\n<p class=\"ap-StoryElement ap-StoryElement--mb ap-StoryText\">Son p\u00e8re, donc. Une figure complexe, le daron\u00a0: un communiste convaincu, qui emmena la petite famille camper en RDA ou en Roumanie \u00e0 l&rsquo;\u00e9poque du rideau de fer. Un \u00eatre tant\u00f4t flamboyant, tant\u00f4t path\u00e9tique, que Jean-Louis Tripp nous pr\u00e9sente comme tel. Si bien qu&rsquo;on en vient \u00e0 se demander ce qu&rsquo;il lui reproche, au fond, pour le \u00ab\u00a0tuer\u00a0\u00bb aussi proprement. \u00ab\u00a0Rien de pr\u00e9cis, r\u00e9torque l&rsquo;auteur, 67 ans. Ce livre, c&rsquo;est m\u00eame une fa\u00e7on de dire \u00a0\u00bbje t&rsquo;aime\u00a0\u00bb alors que je ne lui ai jamais dit de son vivant. Lui non plus, d&rsquo;ailleurs.\u00a0\u00bb<\/p>\n<p class=\"ap-StoryElement ap-StoryElement--mb ap-StoryText\">\u00c0 travers lui, et ces pages qu&rsquo;il consid\u00e8re comme \u00ab\u00a0les plus universelles qu&rsquo;il ait jamais \u00e9crites et dessin\u00e9es, parce que tout le monde est n\u00e9 de quelqu&rsquo;un\u00a0\u00bb, il montre, de fait, combien un p\u00e8re (ou une m\u00e8re) n&rsquo;est jamais vraiment pr\u00eat(e) \u00e0 l&rsquo;\u00eatre. Et que lorsque l&rsquo;on retire les \u0153ill\u00e8res de l&rsquo;enfance, on s&rsquo;aper\u00e7oit, \u00e0 notre grand effroi, qu&rsquo;il n&rsquo;\u00e9tait pas parfait\u00a0: \u00ab\u00a0J&rsquo;ai tout compris le jour o\u00f9 un psy m&rsquo;a dit\u00a0: \u00a0\u00bbIl faut comprendre que vos parents sont de pauvres gens\u00a0\u00bb. Et il avait raison\u00a0: les parents font d&rsquo;abord ce qu&rsquo;ils peuvent, il n&rsquo;existe pas d&rsquo;\u00e9cole de parents. Il faut se d\u00e9brouiller. Prenez ma m\u00e8re\u00a0: elle avait 20 ans quand je suis n\u00e9, et venait de commencer \u00e0 enseigner. Elle est pass\u00e9e directement de l&rsquo;\u00e9cole au monde du travail, avec un gosse en bas \u00e2ge sur les bras, sans transition.\u00a0\u00bb<\/p>\n<p class=\"ap-StoryElement ap-StoryElement--mb ap-StoryText\">Alors, forc\u00e9ment, parfois, on commet des erreurs.\u200a Comme cette nuit o\u00f9 le petit Jean-Louis s&rsquo;est r\u00e9veill\u00e9 seul dans une maison d\u00e9sert\u00e9e par ses deux parents, en pleine dispute conjugale (\u00ab\u00a0je me suis senti abandonn\u00e9, \u00e7a m&rsquo;a longtemps poursuivi\u00a0\u00bb). Ou lorsque, parce que lui et son cousin avaient rat\u00e9 le dernier train, son p\u00e8re les avait autoris\u00e9s \u00e0\u2026 bivouaquer une nuit enti\u00e8re, \u00e0 12 ans seulement, en pleine montagne\u00a0: \u00ab\u00a0Si vous faites \u00e7a aujourd&rsquo;hui, vous allez en taule pour maltraitance, direct, se bidonne le dessinateur fran\u00e7ais, <a href=\"https:\/\/www.lavenir.net\/culture\/livres\/2024\/06\/13\/les-vents-ovales-critiqueinterview-bienvenue-en-nostalgie-DMHMWBBXZRFKHNRLSKTCFBHVVU\/\" target=\"_blank\" rel=\"noopener\">\u00e0 qui l&rsquo;on doit aussi Les vents ovales. <\/a>Mais mon p\u00e8re \u00e9tait un instinctif, et le monde a chang\u00e9.\u200aEn outre, cette nuit a fait beaucoup pour notre confiance en nous\u00a0: 55 ans plus tard, \u00e7a reste un souvenir incroyable.\u00a0\u00bb<\/p>\n<p><img loading=\"lazy\" decoding=\"async\" class=\"w-full lazyload lazyload--opacity object-contain\" style=\"aspect-ratio:163 \/ 100;opacity:1\" alt=\"&quot;Un p\u00e8re&quot;, le nouveau roman graphique tr\u00e8s personnel de Jean-Louis Tripp\" width=\"768\" height=\"470\" fetchpriority=\"auto\" src=\"https:\/\/www.europesays.com\/fr\/wp-content\/uploads\/2025\/05\/S5VKD3X55FFF3BW6V4SEHXNP7I.png\"  data- data-optimumx=\"1\"\/>C&rsquo;est aussi un monde qui a disparu, et dans lequel les enfants b\u00e9n\u00e9ficiaient d&rsquo;une grande libert\u00e9, que nous d\u00e9crit ce magnifique ouvrage \u00a9Casterman\u00a0\u00bbSois gentil avec ton p\u00e8re\u2026\u00a0\u00bb<\/p>\n<p class=\"ap-StoryElement ap-StoryElement--mb ap-StoryText\">Les choses se compliqueront ensuite, lorsque l&rsquo;heure de prendre son ind\u00e9pendance se pr\u00e9sentera. Avec les malentendus que cela peut g\u00e9n\u00e9rer entre un fils et son p\u00e8re. Surtout lorsque ce dernier entend bien continuer \u00e0 vivre pleinement, dans le domaine sentimental par exemple\u00a0: \u00ab\u00a0Ma m\u00e8re me disait toujours d&rsquo;\u00eatre gentil avec lui, alors que franchement, il n&rsquo;y avait pas vraiment de raison, soupire Tripp, qui a lui-m\u00eame \u2013 bon sang ne saurait mentir \u2013 racont\u00e9 sa tr\u00e8s dense vie sexuelle dans <a href=\"https:\/\/www.casterman.com\/Bande-dessinee\/Catalogue\/extases-1-ou-lauteur-decouvre-que-le-sexe-des-filles-na-pas-la-forme-dun-x\/9782203218307\" target=\"_blank\" rel=\"noopener\">les trois volumes d&rsquo;Extases.<\/a> Ce sont, en tout cas, des sentiments que je n&rsquo;ai jamais os\u00e9 lui r\u00e9v\u00e9ler pendant tr\u00e8s longtemps. Je me disais que j&rsquo;allais le flinguer, qu&rsquo;il allait tomber de tr\u00e8s haut parce qu&rsquo;il avait, malgr\u00e9 tout, une haute opinion du p\u00e8re qu&rsquo;il \u00e9tait. Alors que bon, il n&rsquo;\u00e9tait simplement pas meilleur qu&rsquo;un autre. Ce qui est marrant, c&rsquo;est que j&rsquo;ai moi-m\u00eame eu, longtemps, une id\u00e9e pas terrible du p\u00e8re que j&rsquo;\u00e9tais. Mais je suis tr\u00e8s proche de mes enfants, qui ne semblent pas m&rsquo;en vouloir\u2026 pour l&rsquo;instant, alors que je leur ai toujours dit\u00a0: \u00a0\u00bbVous savez, moi, je sais qu&rsquo;un jour, vous allez me pr\u00e9senter l&rsquo;addition\u00a0\u00bb. Et je suis pr\u00eat \u00e0 \u00e9couter. Mais pour l&rsquo;instant, \u00e7a ne vient pas.\u00a0\u00bb<\/p>\n<p><img loading=\"lazy\" decoding=\"async\" class=\"w-full lazyload lazyload--opacity object-contain\" style=\"aspect-ratio:229 \/ 100;opacity:1\" alt=\"&quot;Un p\u00e8re&quot;, le nouveau roman graphique tr\u00e8s personnel de Jean-Louis Tripp\" width=\"768\" height=\"336\" fetchpriority=\"auto\" src=\"https:\/\/www.europesays.com\/fr\/wp-content\/uploads\/2025\/05\/S5VKD3X55FFF3BW6V4SEHXNP7I.png\"  data- data-optimumx=\"1\"\/>Jean-Louis Tripp a attendu la fin de sa vie pour avoir une courte explication avec son p\u00e8re. \u00a9Casterman<\/p>\n<p class=\"ap-StoryElement ap-StoryElement--mb ap-StoryText\">En attendant, c&rsquo;est avec une certaine \u00e9motion qu&rsquo;il livre cette partie de sa vie. Du genre qui vous rattrape parfois sans crier gare\u00a0: \u00ab\u00a0J&rsquo;ai des regrets, dit-il avec des tr\u00e9molos dans la voix. Mais j&rsquo;ai aussi des souvenirs merveilleux de lui, dont j&rsquo;ai pu profiter seul pendant quatre ans et demi et la naissance de mon fr\u00e8re. Comme cette nuit o\u00f9 nous avons regard\u00e9 Neil Armstrong poser le pied sur la lune ensemble.\u00a0\u00bb Une derni\u00e8re larme pour la route.<\/p>\n","protected":false},"excerpt":{"rendered":"Le p\u00e8re de Jean-Louis Tripp \u00e9tait un homme tant\u00f4t flamboyant, tant\u00f4t path\u00e9tique, et parfois les deux \u00e0 la&hellip;\n","protected":false},"author":2,"featured_media":141129,"comment_status":"","ping_status":"","sticky":false,"template":"","format":"standard","meta":{"footnotes":""},"categories":[1357],"tags":[26867,17,26868,26869,26386,26387,1379,24403,5244,6211,1153,26870,4070,58,59,674,2257,63,1011,27,26871,2173,17564,8346,26872,11808,1380,955,3754,13775,17571,26873,26874,1163,26875,17572,8351,26876,2186,8352,11396,5766,26877,8640,4048,26878,26397,739,26879,26880,26881,2057,26882,8359,517,8360,26883,26884,8363,8364,26885,26886],"class_list":{"0":"post-141128","1":"post","2":"type-post","3":"status-publish","4":"format-standard","5":"has-post-thumbnail","7":"category-livres","8":"tag-vkalut","9":"tag-17","10":"tag-antwerp","11":"tag-antwerp-fc","12":"tag-antwerpen","13":"tag-anvers","14":"tag-books","15":"tag-charleroi","16":"tag-club","17":"tag-conference","18":"tag-conference-de-presse","19":"tag-de-ploeg-van-t-stad","20":"tag-deux","21":"tag-divertissement","22":"tag-entertainment","23":"tag-europe","24":"tag-foot","25":"tag-football","26":"tag-fr","27":"tag-france","28":"tag-great","29":"tag-interview","30":"tag-jupiler","31":"tag-jupiler-pro-league","32":"tag-lantwerp","33":"tag-league","34":"tag-livres","35":"tag-match","36":"tag-media","37":"tag-off","38":"tag-offs","39":"tag-old","40":"tag-pers","41":"tag-persconferentie","42":"tag-persmoment","43":"tag-play","44":"tag-play-off","45":"tag-play-off-2","46":"tag-play-offs","47":"tag-playoff","48":"tag-playoffs","49":"tag-po","50":"tag-po2","51":"tag-press","52":"tag-presse","53":"tag-r-c-s-c","54":"tag-rafc","55":"tag-rcs","56":"tag-rcsc","57":"tag-reds","58":"tag-roodwit","59":"tag-royal","60":"tag-royal-antwerp-football","61":"tag-soccer","62":"tag-sport","63":"tag-sporting","64":"tag-twee","65":"tag-vincent-kalut","66":"tag-voetbal","67":"tag-wedstrijd","68":"tag-zebras","69":"tag-zebres"},"share_on_mastodon":{"url":"","error":"Validation failed: Text character limit of 500 exceeded"},"_links":{"self":[{"href":"https:\/\/www.europesays.com\/fr\/wp-json\/wp\/v2\/posts\/141128","targetHints":{"allow":["GET"]}}],"collection":[{"href":"https:\/\/www.europesays.com\/fr\/wp-json\/wp\/v2\/posts"}],"about":[{"href":"https:\/\/www.europesays.com\/fr\/wp-json\/wp\/v2\/types\/post"}],"author":[{"embeddable":true,"href":"https:\/\/www.europesays.com\/fr\/wp-json\/wp\/v2\/users\/2"}],"replies":[{"embeddable":true,"href":"https:\/\/www.europesays.com\/fr\/wp-json\/wp\/v2\/comments?post=141128"}],"version-history":[{"count":0,"href":"https:\/\/www.europesays.com\/fr\/wp-json\/wp\/v2\/posts\/141128\/revisions"}],"wp:featuredmedia":[{"embeddable":true,"href":"https:\/\/www.europesays.com\/fr\/wp-json\/wp\/v2\/media\/141129"}],"wp:attachment":[{"href":"https:\/\/www.europesays.com\/fr\/wp-json\/wp\/v2\/media?parent=141128"}],"wp:term":[{"taxonomy":"category","embeddable":true,"href":"https:\/\/www.europesays.com\/fr\/wp-json\/wp\/v2\/categories?post=141128"},{"taxonomy":"post_tag","embeddable":true,"href":"https:\/\/www.europesays.com\/fr\/wp-json\/wp\/v2\/tags?post=141128"}],"curies":[{"name":"wp","href":"https:\/\/api.w.org\/{rel}","templated":true}]}}