{"id":14113,"date":"2025-04-10T03:38:14","date_gmt":"2025-04-10T03:38:14","guid":{"rendered":"https:\/\/www.europesays.com\/fr\/14113\/"},"modified":"2025-04-10T03:38:14","modified_gmt":"2025-04-10T03:38:14","slug":"fabien-roussel-en-meeting-pour-la-paix-ce-mardi-a-venissieux","status":"publish","type":"post","link":"https:\/\/www.europesays.com\/fr\/14113\/","title":{"rendered":"Fabien Roussel en meeting \u00ab\u00a0pour la paix\u00a0\u00bb ce mardi \u00e0 V\u00e9nissieux"},"content":{"rendered":"<p itemprop=\"description\"><strong><strong>Ce mardi soir, le secr\u00e9taire national du Parti communiste fran\u00e7ais (PCF) animera un meeting dans la salle Joliot Curie \u00e0 V\u00e9nissieux.<\/strong><\/strong><\/p>\n<p style=\"text-align:start\">Le PCF organise un meeting sur le th\u00e8me de la paix avec, en t\u00eate d\u2019affiche, le chef de file du parti, Fabien Roussel. L\u2019objectif de cette r\u00e9union sera de discuter des conflits internationaux afin de pr\u00e9senter plusieurs propositions visant \u00e0 garantir la s\u00e9curit\u00e9 des Fran\u00e7ais.<\/p>\n<p style=\"text-align:start\">Le candidat aux derni\u00e8res \u00e9lections pr\u00e9sidentielles sera accompagn\u00e9 de Mich\u00e8le Picard (maire de V\u00e9nissieux), Yassar Ayoub (de l\u2019ambassade de Palestine), Raoul Hedebouw (pr\u00e9sident du Parti du Travail de Belgique) ou encore Alette Cavaillon (pr\u00e9sidente du mouvement de la Paix 69).<\/p>\n<p style=\"text-align:start\"><strong>\u00ab\u00a0Le PCF tire la sonnette d\u2019alarme\u00a0\u00bb<\/strong><\/p>\n<p style=\"text-align:start\">Dans un communiqu\u00e9 publi\u00e9 vendredi dernier, le Parti communiste fran\u00e7ais n\u2019a pas m\u00e2ch\u00e9 ses mots concernant le gouvernement\u00a0: \u00ab\u00a0Aux c\u00f4t\u00e9s des Fran\u00e7ais et des Fran\u00e7aises et de tous les peuples, le PCF tire la sonnette d\u2019alarme (\u2026) Il appelle \u00e0 donner \u00e0 la France une voix ind\u00e9pendante pour la paix et un nouvel ordre du monde respectant le droit international, \u00e0 l\u2019encontre des positions guerri\u00e8res et post-atlantistes que d\u00e9fend le pr\u00e9sident de la R\u00e9publique Emmanuel Macron.\u00a0\u00bb<\/p>\n<p style=\"text-align:start\">Rendez-vous donc ce mardi 8 avril \u00e0 18h au sein de la salle Joliot Curie de V\u00e9nissieux.<\/p>\n","protected":false},"excerpt":{"rendered":"Ce mardi soir, le secr\u00e9taire national du Parti communiste fran\u00e7ais (PCF) animera un meeting dans la salle Joliot&hellip;\n","protected":false},"author":2,"featured_media":14114,"comment_status":"","ping_status":"","sticky":false,"template":"","format":"standard","meta":{"footnotes":""},"categories":[1889],"tags":[1111,11,2813,2190,2430,1109,251,1112,2811,1777,674,118,1011,27,1922,1110,1114,2428,2810,12,241,316,25,2812,517,800],"class_list":{"0":"post-14113","1":"post","2":"type-post","3":"status-publish","4":"format-standard","5":"has-post-thumbnail","7":"category-lyon","8":"tag-actu","9":"tag-actualites","10":"tag-article","11":"tag-asvel","12":"tag-auvergne-rhone-alpes","13":"tag-breves","14":"tag-culture","15":"tag-depeches","16":"tag-economique","17":"tag-eu","18":"tag-europe","19":"tag-faits-divers","20":"tag-fr","21":"tag-france","22":"tag-info","23":"tag-informations","24":"tag-infos","25":"tag-lyon","26":"tag-lyonmag","27":"tag-news","28":"tag-ol","29":"tag-politique","30":"tag-republique-francaise","31":"tag-sociale","32":"tag-sport","33":"tag-transports"},"share_on_mastodon":{"url":"https:\/\/pubeurope.com\/@fr\/114311587619065424","error":""},"_links":{"self":[{"href":"https:\/\/www.europesays.com\/fr\/wp-json\/wp\/v2\/posts\/14113","targetHints":{"allow":["GET"]}}],"collection":[{"href":"https:\/\/www.europesays.com\/fr\/wp-json\/wp\/v2\/posts"}],"about":[{"href":"https:\/\/www.europesays.com\/fr\/wp-json\/wp\/v2\/types\/post"}],"author":[{"embeddable":true,"href":"https:\/\/www.europesays.com\/fr\/wp-json\/wp\/v2\/users\/2"}],"replies":[{"embeddable":true,"href":"https:\/\/www.europesays.com\/fr\/wp-json\/wp\/v2\/comments?post=14113"}],"version-history":[{"count":0,"href":"https:\/\/www.europesays.com\/fr\/wp-json\/wp\/v2\/posts\/14113\/revisions"}],"wp:featuredmedia":[{"embeddable":true,"href":"https:\/\/www.europesays.com\/fr\/wp-json\/wp\/v2\/media\/14114"}],"wp:attachment":[{"href":"https:\/\/www.europesays.com\/fr\/wp-json\/wp\/v2\/media?parent=14113"}],"wp:term":[{"taxonomy":"category","embeddable":true,"href":"https:\/\/www.europesays.com\/fr\/wp-json\/wp\/v2\/categories?post=14113"},{"taxonomy":"post_tag","embeddable":true,"href":"https:\/\/www.europesays.com\/fr\/wp-json\/wp\/v2\/tags?post=14113"}],"curies":[{"name":"wp","href":"https:\/\/api.w.org\/{rel}","templated":true}]}}