{"id":141130,"date":"2025-05-31T07:25:10","date_gmt":"2025-05-31T07:25:10","guid":{"rendered":"https:\/\/www.europesays.com\/fr\/141130\/"},"modified":"2025-05-31T07:25:10","modified_gmt":"2025-05-31T07:25:10","slug":"les-julliard-en-plein-chaos-raphaelle-r","status":"publish","type":"post","link":"https:\/\/www.europesays.com\/fr\/141130\/","title":{"rendered":"les Julliard en plein chaos, Rapha\u00eblle r &#8230;"},"content":{"rendered":"<p class=\"tls__ed-content__exc\">Vous en avez marre d\u00a0\u00bbattendre ?<br \/>\nAvec T\u00e9l\u00e9 Star, d\u00e9couvrez en avance les r\u00e9sum\u00e9s de Demain nous<br \/>\nappartient pour la semaine du 2 au 6 juin 2025. A suivre du lundi<br \/>\nau vendredi \u00e0 19h10 sur TF1.<\/p>\n<p>EN BREF<\/p>\n<ul class=\"bloc_resume_post_list\">\n<li>Henri Julliard disjoncte et menace tout le monde avec son<br \/>\narme<\/li>\n<li>Martial intensifie son action aupr\u00e8s des<br \/>\nLehaut<\/li>\n<li>Ce qui vous attend cette semaine dans Demain nous<br \/>\nappartient<\/li>\n<\/ul>\n<p>Accul\u00e9, <strong>Henri Julliard disjoncte et menace tout le monde<br \/>\navec son arme<\/strong>. Seule <a href=\"https:\/\/www.telestar.fr\/serie_tv\/demain_nous_appartient\/exclu-demain-nous-appartient-son-personnage-son-intrigue-paul-belmondo-leve-le-voile-sur-son-arrivee-1724191\" rel=\"nofollow noopener\" target=\"_blank\"><br \/>\nViolette<\/a> peut parvenir \u00e0 lui faire entendre raison. Mais la<br \/>\njeune fille se retrouve confront\u00e9e \u00e0 un dilemme en mesurant les<br \/>\ncons\u00e9quences de ses choix. A ses c\u00f4t\u00e9s, Damien la soutient, la<br \/>\ncomprend et trouve les mots pour apaiser sa peine. Consciente<br \/>\nd\u2019avoir sa part de responsabilit\u00e9 dans ce que viennent de traverser<br \/>\nses enfants, Philippine culpabilise mais trouve aupr\u00e8s d\u2019Audrey, un<br \/>\noreille compatissante. Apr\u00e8s tant de turbulences familiales, Damien<br \/>\nressent le besoin de se rapprocher de sa m\u00e8re et de son fr\u00e8re.<\/p>\n<p>Fian\u00e7ailles sous haute tension<\/p>\n<p><strong>A pr\u00e9sent que Manon et Nordine ont \u00e9voqu\u00e9 leurs<br \/>\nfian\u00e7ailles<\/strong>, Aurore ne tient plus en place et les inonde<br \/>\nd\u2019id\u00e9es. Conscient que cet exc\u00e8s d\u2019enthousiasme est motiv\u00e9 par la<br \/>\njoie, le jeune couple ne sait plus comment freiner ses ardeurs. A<br \/>\ncela s\u2019ajoute l\u2019intervention de William, lui aussi p\u00e9tri de bonnes<br \/>\nintentions mais pas forc\u00e9ment compatibles avec le d\u00e9sir des<br \/>\npremiers concern\u00e9s. D\u00e9sempar\u00e9, <a href=\"https:\/\/www.telestar.fr\/serie_tv\/demain_nous_appartient\/exclu-demain-nous-appartient-jean-luc-reichmann-integre-le-casting-et-debarque-a-sete-1723842\" rel=\"nofollow noopener\" target=\"_blank\"><br \/>\nNordine se confie \u00e0 Roxane<\/a> qui y voit une occasion r\u00eav\u00e9e de<br \/>\nd\u00e9ployer ses talents de coach, sp\u00e9cialiste en relations familiales.<br \/>\nDe son c\u00f4t\u00e9, <strong>Gabriel est en panique depuis qu\u2019un r\u00e9cent<br \/>\nquiproquo<\/strong> a sem\u00e9 le trouble avec Soraya. A la coloc\u2019,<br \/>\nVictoire n\u2019en m\u00e8ne pas large non plus. Quand elle comprend que<br \/>\nMarine a l\u2019intention de repasser en mode s\u00e9duction avec Fred, elle<br \/>\ndemande \u00e0 Samuel de lui rendre un service.<\/p>\n<p>Rapha\u00eblle a re\u00e7u des macarons mais c\u2019est Maud qui se pr\u00e9cipite<br \/>\npour en go\u00fbter un. Quelques heures plus tard, elle tombe inanim\u00e9e<br \/>\nau sol. Une fois tir\u00e9e d\u2019affaires, elle est interrog\u00e9e par la<br \/>\npolice. Camille en veut \u00e0 sa soeur de placer Simon dans leur<br \/>\nviseur. Martin profite de l\u2019occasion pour demander \u00e0 Camille de<br \/>\ngarder ses distances avec son ex.<\/p>\n<p>A quoi joue Martial ?<\/p>\n<p>Martial intensifie son action aupr\u00e8s des Lehaut. <strong>So\u00efzic<br \/>\na beau chercher \u00e0 l\u2019\u00e9viter, il maintient la pression<\/strong>.<br \/>\nSo\u00efzic pr\u00e9tend voir clair dans son jeu mais ne peut s\u2019emp\u00eacher de<br \/>\nstresser.<\/p>\n<p><a href=\"https:\/\/www.telestar.fr\/serie_tv\/demain_nous_appartient\/demain-nous-appartient-qui-est-le-kidnappeur-de-charles-et-damien-certains-ont-leur-petite-idee-1724007\" rel=\"nofollow noopener\" target=\"_blank\"><br \/>\nLizzie surprend Jimmy<\/a> en train d\u2019enregistrer un message<br \/>\nsuffisamment explicite \u00e0 l\u2019attention de Rayane. La voil\u00e0 dans une<br \/>\nsituation particuli\u00e8rement d\u00e9licate. Va-t-elle garder le secret ou<br \/>\naffranchir Jack de ce qui se trame dans son dos ?<\/p>\n","protected":false},"excerpt":{"rendered":"Vous en avez marre d\u00a0\u00bbattendre ? Avec T\u00e9l\u00e9 Star, d\u00e9couvrez en avance les r\u00e9sum\u00e9s de Demain nous appartient&hellip;\n","protected":false},"author":2,"featured_media":141131,"comment_status":"","ping_status":"","sticky":false,"template":"","format":"standard","meta":{"footnotes":""},"categories":[1356],"tags":[548,3598,58,59,1011,27,252,1364],"class_list":{"0":"post-141130","1":"post","2":"type-post","3":"status-publish","4":"format-standard","5":"has-post-thumbnail","7":"category-television","8":"tag-article-simple","9":"tag-demain-nous-appartient","10":"tag-divertissement","11":"tag-entertainment","12":"tag-fr","13":"tag-france","14":"tag-television","15":"tag-tv"},"share_on_mastodon":{"url":"https:\/\/pubeurope.com\/@fr\/114601258651091389","error":""},"_links":{"self":[{"href":"https:\/\/www.europesays.com\/fr\/wp-json\/wp\/v2\/posts\/141130","targetHints":{"allow":["GET"]}}],"collection":[{"href":"https:\/\/www.europesays.com\/fr\/wp-json\/wp\/v2\/posts"}],"about":[{"href":"https:\/\/www.europesays.com\/fr\/wp-json\/wp\/v2\/types\/post"}],"author":[{"embeddable":true,"href":"https:\/\/www.europesays.com\/fr\/wp-json\/wp\/v2\/users\/2"}],"replies":[{"embeddable":true,"href":"https:\/\/www.europesays.com\/fr\/wp-json\/wp\/v2\/comments?post=141130"}],"version-history":[{"count":0,"href":"https:\/\/www.europesays.com\/fr\/wp-json\/wp\/v2\/posts\/141130\/revisions"}],"wp:featuredmedia":[{"embeddable":true,"href":"https:\/\/www.europesays.com\/fr\/wp-json\/wp\/v2\/media\/141131"}],"wp:attachment":[{"href":"https:\/\/www.europesays.com\/fr\/wp-json\/wp\/v2\/media?parent=141130"}],"wp:term":[{"taxonomy":"category","embeddable":true,"href":"https:\/\/www.europesays.com\/fr\/wp-json\/wp\/v2\/categories?post=141130"},{"taxonomy":"post_tag","embeddable":true,"href":"https:\/\/www.europesays.com\/fr\/wp-json\/wp\/v2\/tags?post=141130"}],"curies":[{"name":"wp","href":"https:\/\/api.w.org\/{rel}","templated":true}]}}