{"id":141147,"date":"2025-05-31T07:34:11","date_gmt":"2025-05-31T07:34:11","guid":{"rendered":"https:\/\/www.europesays.com\/fr\/141147\/"},"modified":"2025-05-31T07:34:11","modified_gmt":"2025-05-31T07:34:11","slug":"qui-a-eu-la-peau-des-zones-a-faibles-emissions-liberation","status":"publish","type":"post","link":"https:\/\/www.europesays.com\/fr\/141147\/","title":{"rendered":"qui a eu la peau des zones \u00e0 faibles \u00e9missions\u00a0? \u2013 Lib\u00e9ration"},"content":{"rendered":"<p class=\"sc-ksZaOG ehjQrN text-element\">\u00abVictoire.\u00bb Apr\u00e8s l\u2019adoption par l\u2019Assembl\u00e9e nationale de <a href=\"https:\/\/www.liberation.fr\/environnement\/la-suppression-des-zfe-une-decision-irresponsable-et-penalisante-pour-la-sante-publique-20250529_E6CBF6LDGBA3JHVRB5PKN2L4JA\/\" target=\"_blank\" rel=\"noopener\" title=\"https:\/\/www.liberation.fr\/environnement\/la-suppression-des-zfe-une-decision-irresponsable-et-penalisante-pour-la-sante-publique-20250529_E6CBF6LDGBA3JHVRB5PKN2L4JA\/\">la suppression des zones \u00e0 faibles \u00e9missions<\/a>, dans la soir\u00e9e du 28 mai, le mot a \u00e9t\u00e9 brandi \u2013 et m\u00eame r\u00e9p\u00e9t\u00e9 quatre fois d\u2019affil\u00e9e dans un tweet \u2013 par Alexandre Jardin, autoproclam\u00e9 <a href=\"https:\/\/www.liberation.fr\/checknews\/qui-sont-les-opposants-aux-zfe-qui-agitent-la-menace-de-nouveaux-gilets-jaunes-20250129_33YUQ3IPTVDDDHWBWT4VG4CRLY\/ \" target=\"_blank\" rel=\"noopener\" title=\"https:\/\/www.liberation.fr\/checknews\/qui-sont-les-opposants-aux-zfe-qui-agitent-la-menace-de-nouveaux-gilets-jaunes-20250129_33YUQ3IPTVDDDHWBWT4VG4CRLY\/ \">\u00abchef de file\u00bb de l\u2019opposition aux fameuses \u00abZFE\u00bb<\/a>. Mais l\u2019\u00e9crivain n\u2019est pas le seul \u00e0 avoir ce mot \u00e0 la bouche. Depuis mercredi soir, aussi bien les \u00e9lus d\u2019extr\u00eame droite que de La France insoumise (LFI) tiennent ce m\u00eame discours.<\/p>\n<p class=\"sc-ksZaOG ehjQrN text-element\">A l\u2019image de Marine Le Pen, cheffe des d\u00e9put\u00e9s Rassemblement national (RN), qui \u00abcrie victoire\u00bb, <a href=\"https:\/\/www.liberation.fr\/politique\/vous-etes-en-train-de-nous-donner-des-lecons-a-noumea-marine-le-pen-se-met-a-dos-les-loyalistes-les-plus-radicaux-20250530_OFL2YSIM6RCKTN6E&lt;\/p&gt;&lt;\/div&gt;&lt;\/article&gt;&lt;\/div&gt;&lt;div data-fusion-lazy-id=\" f0f8vgvlad832fw=\"\" target=\"_blank\" rel=\"noopener\"><\/p>\n","protected":false},"excerpt":{"rendered":"\u00abVictoire.\u00bb Apr\u00e8s l\u2019adoption par l\u2019Assembl\u00e9e nationale de la suppression des zones \u00e0 faibles \u00e9missions, dans la soir\u00e9e du&hellip;\n","protected":false},"author":2,"featured_media":141148,"comment_status":"","ping_status":"","sticky":false,"template":"","format":"standard","meta":{"footnotes":""},"categories":[4],"tags":[11,416,1011,27,12,7399,25,3533],"class_list":{"0":"post-141147","1":"post","2":"type-post","3":"status-publish","4":"format-standard","5":"has-post-thumbnail","7":"category-france","8":"tag-actualites","9":"tag-assemblee-nationale","10":"tag-fr","11":"tag-france","12":"tag-news","13":"tag-pollution-air","14":"tag-republique-francaise","15":"tag-zfe"},"share_on_mastodon":{"url":"https:\/\/pubeurope.com\/@fr\/114601293618904324","error":""},"_links":{"self":[{"href":"https:\/\/www.europesays.com\/fr\/wp-json\/wp\/v2\/posts\/141147","targetHints":{"allow":["GET"]}}],"collection":[{"href":"https:\/\/www.europesays.com\/fr\/wp-json\/wp\/v2\/posts"}],"about":[{"href":"https:\/\/www.europesays.com\/fr\/wp-json\/wp\/v2\/types\/post"}],"author":[{"embeddable":true,"href":"https:\/\/www.europesays.com\/fr\/wp-json\/wp\/v2\/users\/2"}],"replies":[{"embeddable":true,"href":"https:\/\/www.europesays.com\/fr\/wp-json\/wp\/v2\/comments?post=141147"}],"version-history":[{"count":0,"href":"https:\/\/www.europesays.com\/fr\/wp-json\/wp\/v2\/posts\/141147\/revisions"}],"wp:featuredmedia":[{"embeddable":true,"href":"https:\/\/www.europesays.com\/fr\/wp-json\/wp\/v2\/media\/141148"}],"wp:attachment":[{"href":"https:\/\/www.europesays.com\/fr\/wp-json\/wp\/v2\/media?parent=141147"}],"wp:term":[{"taxonomy":"category","embeddable":true,"href":"https:\/\/www.europesays.com\/fr\/wp-json\/wp\/v2\/categories?post=141147"},{"taxonomy":"post_tag","embeddable":true,"href":"https:\/\/www.europesays.com\/fr\/wp-json\/wp\/v2\/tags?post=141147"}],"curies":[{"name":"wp","href":"https:\/\/api.w.org\/{rel}","templated":true}]}}