{"id":141164,"date":"2025-05-31T07:43:12","date_gmt":"2025-05-31T07:43:12","guid":{"rendered":"https:\/\/www.europesays.com\/fr\/141164\/"},"modified":"2025-05-31T07:43:12","modified_gmt":"2025-05-31T07:43:12","slug":"notre-selection-dactivites-a-vivre-en-famille-au-fise","status":"publish","type":"post","link":"https:\/\/www.europesays.com\/fr\/141164\/","title":{"rendered":"notre s\u00e9lection d\u2019activit\u00e9s \u00e0 vivre en famille au FISE"},"content":{"rendered":"<p>            Par<br \/>\n        <strong><br \/>\n            <a href=\"https:\/\/actu.fr\/auteur\/lea-pippinato\" title=\"Consulter tous les articles de L\u00e9a Pippinato\" rel=\"nofollow noopener\" target=\"_blank\">L\u00e9a Pippinato<\/a><br \/>\n        <\/strong><\/p>\n<p>        Publi\u00e9 le<\/p>\n<p>            31 mai 2025 \u00e0 9h35        <\/p>\n<p><strong>Depuis mercredi<\/strong>, le Festival international des sports extr\u00eames), le FISE anime les berges du Lez, \u00e0<strong> Montpellier.<\/strong> Comp\u00e9titions de BMX, figures acrobatiques et tricks spectaculaires attirent les foules. Mais \u00e0 l\u2019\u00e9cart des podiums, une autre ambiance se d\u00e9ploie : celle des stands familiaux, accessibles, color\u00e9s et enti\u00e8rement tourn\u00e9s vers la d\u00e9couverte. Le FISE, ce n\u2019est pas que pour les riders chevronn\u00e9s : c\u2019est aussi un terrain d\u2019aventure \u00e0 taille d\u2019enfant. <strong>M\u00e9tropolitain<\/strong> vous propose une s\u00e9lection d\u2019activit\u00e9s \u00e0 ne pas manquer.<\/p>\n<p>    <a href=\"https:\/\/www.google.com\/maps\/embed?pb=!1m18!1m12!1m3!1d2889.1400277481775!2d3.89382347645965!3d43.603625971104584!2m3!1f0!2f0!3f0!3m2!1i1024!2i768!4f13.1!3m3!1m2!1s0x12b6afdaa3d55c1d%3A0x7de1e521ab504206!2sFISE%20World%20Montpellier!5e0!3m2!1sen!2sfr!4v1748639373465!5m2!1sen!2sfr\" title=\"Ouvrie le lien\" rel=\"nofollow noopener\" target=\"_blank\">Cliquez ici pour visualiser le contenu<\/a><\/p>\n<p>Du sport \u00e0 la port\u00e9e des tout-petits : l\u2019exp\u00e9rience Kids Rider Bike<\/p>\n<p class=\" wall-content\">Sous une grande arche, les cris joyeux des enfants r\u00e9sonnent. Bienvenue sur le stand du Kids Rider Bike, un espace enti\u00e8rement d\u00e9di\u00e9 \u00e0 la draisienne, ce petit v\u00e9lo sans p\u00e9dales qui r\u00e9volutionne l\u2019apprentissage de la mobilit\u00e9 douce.<\/p>\n<p>    <img   decoding=\"async\" loading=\"lazy\" src=\"https:\/\/www.europesays.com\/fr\/wp-content\/uploads\/2025\/05\/tempimagegs6j2n-960x640.jpg\" alt=\"Draisienne entre les jambes, casque bien ajust\u00e9 : au FISE, m\u00eame les plus jeunes font leurs premiers pas de rider.\" width=\"960\" height=\"640\"\/><br \/>\n    Draisienne entre les jambes, casque bien ajust\u00e9 : au FISE, m\u00eame les plus jeunes font leurs premiers pas de rider. (\u00a9M\u00e9tropolitain \/ LP)<\/p>\n<p class=\" wall-content\"><strong>Pens\u00e9 pour les enfants de 2 \u00e0 5 ans<\/strong>, ce stand propose un parcours d\u2019initiation s\u00e9curis\u00e9 o\u00f9 les plus jeunes s\u2019\u00e9lancent, parfois pour la toute premi\u00e8re fois. Ici, pas de roulettes ni de frustration : l\u2019\u00e9quilibre se d\u00e9veloppe dans le jeu, sans forcer. Certains enfants n\u2019ont pas encore deux ans et marchent \u00e0 peine, mais d\u00e9j\u00e0 ils exp\u00e9rimentent le mouvement, encourag\u00e9s par une \u00e9quipe bienveillante. De mercredi \u00e0 vendredi, pr\u00e8s d\u2019un millier d\u2019enfants ont particip\u00e9 \u00e0 l\u2019initiation gratuite, casque fourni et draisienne dernier cri entre les jambes. <strong>Ce week-end<\/strong>, le dispositif se transforme en rencontres conviviales, sans esprit de comp\u00e9tition. Chaque enfant inscrit repartira avec une m\u00e9daille, une plaque personnalis\u00e9e, un sac de goodies et surtout un immense sentiment de fiert\u00e9.<\/p>\n<p class=\" wall-content\">L\u2019inscription est n\u00e9cessaire pour ces deux journ\u00e9es, mais la philosophie reste inchang\u00e9e : pas de podium, pas de pression, uniquement le plaisir du mouvement. L\u2019\u00e9quipe, active toute l\u2019ann\u00e9e en France et en Europe, travaille \u00e9galement avec des \u00e9coles et des cr\u00e8ches pour int\u00e9grer cette approche dans le quotidien.<\/p>\n<p>Vid\u00e9os : en ce moment sur Actu\u00c9veil sportif, sensibilisation aquatique et rires garantis au Family Park<\/p>\n<p class=\" wall-content\">\u00c0 quelques m\u00e8tres de l\u00e0, une autre zone attire les familles : le Family Park, pens\u00e9 pour les enfants de 0 \u00e0 6 ans. Dans cet espace multiactivit\u00e9, les plus jeunes trouvent de quoi explorer, grimper, sauter, ramper, r\u00eaver et surtout se d\u00e9penser. Le stand Swim Stars &amp; Friends propose plusieurs fois par jour des sessions de sensibilisation aquatique. Sans piscine, mais \u00e0 l\u2019aide de jeux, de panneaux, de d\u00e9monstrations, les animateurs transmettent les bons r\u00e9flexes autour de la s\u00e9curit\u00e9 dans l\u2019eau. Un enjeu essentiel, trait\u00e9 avec douceur et p\u00e9dagogie, \u00e0 travers des ateliers interactifs \u00e0 10h30, 11h30, 14h30 et 16h.<\/p>\n<p class=\" wall-content\">Autour de ces animations, les enfants s\u2019en donnent \u00e0 c\u0153ur joie. Ch\u00e2teau gonflable, stands de maquillage, tout est pens\u00e9 pour qu\u2019ils \u00e9veillent leur cr\u00e9ativit\u00e9 tout en bougeant. Et si l\u2019univers semble ludique, il est aussi r\u00e9fl\u00e9chi. La baby-gym, par exemple, aide les enfants \u00e0 mieux coordonner leurs mouvements \u00e0 un \u00e2ge o\u00f9 la croissance est parfois plus rapide que l\u2019agilit\u00e9.\u00a0<\/p>\n<p>    <img   decoding=\"async\" loading=\"lazy\" src=\"https:\/\/www.europesays.com\/fr\/wp-content\/uploads\/2025\/05\/tempimagekdbje8-960x640.jpg\" alt=\"Entre deux sessions de maquillage et un tour de baby-gym, les enfants s\u2019en donnent \u00e0 c\u0153ur joie dans le ch\u00e2teau gonflable du Family Park.\" width=\"960\" height=\"640\"\/><br \/>\n    Entre deux sessions de maquillage et un tour de baby-gym, les enfants s\u2019en donnent \u00e0 c\u0153ur joie dans le ch\u00e2teau gonflable du Family Park. (\u00a9M\u00e9tropolitain \/ LP)R\u00e9parer, transformer, recycler : la fili\u00e8re sport en mode durable<\/p>\n<p class=\" wall-content\">Un peu plus loin, le stand Ecologic intrigue les visiteurs. Ici, pas de course, mais une autre mani\u00e8re d\u2019appr\u00e9hender le monde du sport : le recyclage. Ecologic est une jeune fili\u00e8re d\u00e9di\u00e9e au tri, au r\u00e9emploi et au recyclage des articles de sport et de loisirs. Depuis deux ans seulement, des poubelles roses commencent \u00e0 appara\u00eetre dans certains magasins de sport et d\u00e9chetteries. Encore peu connues, ces installations sont pourtant essentielles : elles permettent de trier les mati\u00e8res complexes contenues dans un v\u00e9lo ou un ballon, plastique, carbone, caoutchouc, pour \u00e9viter qu\u2019ils ne soient simplement incin\u00e9r\u00e9s.<\/p>\n<p>    <img   decoding=\"async\" loading=\"lazy\" src=\"https:\/\/www.europesays.com\/fr\/wp-content\/uploads\/2025\/05\/tempimagevfsxof-960x640.jpg\" alt=\"Fabriqu\u00e9e \u00e0 partir de pi\u00e8ces de v\u00e9lo recycl\u00e9es, la roue Ecologic invite les enfants \u00e0 deviner l\u2019origine et la mati\u00e8re des objets de sport du quotidien.\" width=\"960\" height=\"640\"\/><br \/>\n    Fabriqu\u00e9e \u00e0 partir de pi\u00e8ces de v\u00e9lo recycl\u00e9es, la roue Ecologic invite les enfants \u00e0 deviner l\u2019origine et la mati\u00e8re des objets de sport du quotidien. (\u00a9M\u00e9tropolitain \/ LP)<\/p>\n<p class=\" wall-content\">Le stand propose une s\u00e9rie d\u2019activit\u00e9s ludiques pour comprendre ce processus. D\u2019abord, un jeu de tir o\u00f9 il faut viser les bons bacs de tri avec des d\u00e9chets de sport. Ensuite, une roue \u00e9ducative fabriqu\u00e9e enti\u00e8rement \u00e0 partir de pi\u00e8ces de v\u00e9lo recycl\u00e9es. Elle permet de d\u00e9couvrir les diff\u00e9rents objets de sport et leurs mat\u00e9riaux. Enfin, un atelier cr\u00e9atif invite les enfants \u00e0 fabriquer des petits objets \u00e0 partir de pneus ou de ballons usag\u00e9s. Ici, l\u2019apprentissage passe par la manipulation, le jeu, la discussion. Les animateurs prennent le temps d\u2019expliquer pourquoi recycler un vieux skate ou une chaussure de foot n\u2019a rien d\u2019anodin. Tout est gratuit et ouvert \u00e0 tous.<\/p>\n<p>    <img   decoding=\"async\" loading=\"lazy\" src=\"https:\/\/www.europesays.com\/fr\/wp-content\/uploads\/2025\/05\/tempimagepp5smv-960x640.jpg\" alt=\"Shooter un vieux ballon dans la bonne poubelle : m\u00eame le recyclage devient un jeu d\u2019adresse.\" width=\"960\" height=\"640\"\/><br \/>\n    Shooter un vieux ballon dans la bonne poubelle : m\u00eame le recyclage devient un jeu d\u2019adresse. (\u00a9M\u00e9tropolitain \/ LP)Street art et objets customis\u00e9s : bienvenue chez Posca<\/p>\n<p class=\" wall-content\">Couleurs vives, marqueurs en main, casques et sacs en cours de m\u00e9tamorphose : pas de doute, vous \u00eates sur le stand Posca. Depuis plusieurs ann\u00e9es, la marque de marqueurs-peinture s\u2019est impos\u00e9e comme un partenaire naturel de l\u2019\u00e9v\u00e9nement. Elle propose ici des ateliers de customisation ouverts \u00e0 toute la famille. Les enfants d\u00e8s 7 ans, les ados, les adultes peuvent venir personnaliser un tote bag, une mini planche de surf en bois, un bob, voire leur propre casque ou skate. Ceux qui n\u2019ont rien apport\u00e9 peuvent utiliser les supports fournis.<\/p>\n<p>    <img   decoding=\"async\" loading=\"lazy\" src=\"https:\/\/www.europesays.com\/fr\/wp-content\/uploads\/2025\/05\/tempimageiylqkt-960x640.jpg\" alt=\"Skate, casque, tote bag ou bob : les objets prennent des couleurs entre les mains des apprentis artistes.\" width=\"960\" height=\"640\"\/><br \/>\n    Skate, casque, tote bag ou bob : les objets prennent des couleurs entre les mains des apprentis artistes. (\u00a9M\u00e9tropolitain \/ LP)<\/p>\n<p class=\" wall-content\">Le stand est anim\u00e9 par le collectif montpelli\u00e9rain Line Up, qui assure aussi une fresque participative accessible \u00e0 tous. Chacun peut y laisser un mot, un dessin, une trace. Tous les jours, un artiste du collectif r\u00e9alise une nouvelle fresque en live. En contrebas, une mini rampe est en train d\u2019\u00eatre enti\u00e8rement repeinte par Zinzin, artiste marseillaise \u00e0 l\u2019univers color\u00e9 et engag\u00e9. Ce projet s\u2019inscrit dans une d\u00e9marche artistique qui relie le sport et l\u2019art urbain, et transforme le skatepark en galerie \u00e0 ciel ouvert. Ici, le casque n\u2019est plus une contrainte, il devient un accessoire cool et personnalis\u00e9. Une mani\u00e8re intelligente de sensibiliser les plus jeunes \u00e0 la s\u00e9curit\u00e9, sans moraliser. Tout est gratuit, et les ateliers tournent toute la journ\u00e9e.<\/p>\n<p>    <img   decoding=\"async\" loading=\"lazy\" src=\"https:\/\/www.europesays.com\/fr\/wp-content\/uploads\/2025\/05\/tempimagebhquhw-960x640.jpg\" alt=\"Chacun peut laisser sa trace.\" width=\"960\" height=\"640\"\/><br \/>\n    Chacun peut laisser sa trace. (\u00a9M\u00e9tropolitain \/ LP)<\/p>\n<p class=\" wall-content\">Ces espaces familiaux ne volent pas la vedette aux stars du BMX ou du roller. Mais ils donnent au FISE une autre dimension, r\u00e9solument tourn\u00e9e vers l\u2019apprentissage et la d\u00e9couverte.<\/p>\n<p class=\" wall-content\">Suivez toute l\u2019actualit\u00e9 de vos villes et m\u00e9dias favoris en vous inscrivant \u00e0 <a href=\"https:\/\/moncompte.actu.fr\" title=\"D\u00e9couvez Mon Actu\" rel=\"nofollow noopener\" data-trk=\"{&quot;cta&quot;:{&quot;action&quot;:&quot;https:\\\/\\\/moncompte.actu.fr&quot;,&quot;category&quot;:&quot;mon compte&quot;,&quot;from&quot;:&quot;article footer&quot;,&quot;name&quot;:&quot;Mon actu&quot;,&quot;type&quot;:&quot;cta&quot;}}\" target=\"_blank\">Mon Actu<\/a>.<\/p>\n","protected":false},"excerpt":{"rendered":"Par L\u00e9a Pippinato Publi\u00e9 le 31 mai 2025 \u00e0 9h35 Depuis mercredi, le Festival international des sports extr\u00eames),&hellip;\n","protected":false},"author":2,"featured_media":141165,"comment_status":"","ping_status":"","sticky":false,"template":"","format":"standard","meta":{"footnotes":""},"categories":[9599],"tags":[1111,11,1719,1777,674,652,1011,27,2208,12,2680,25,517,60],"class_list":{"0":"post-141164","1":"post","2":"type-post","3":"status-publish","4":"format-standard","5":"has-post-thumbnail","7":"category-montpellier","8":"tag-actu","9":"tag-actualites","10":"tag-enfants","11":"tag-eu","12":"tag-europe","13":"tag-famille","14":"tag-fr","15":"tag-france","16":"tag-montpellier","17":"tag-news","18":"tag-occitanie","19":"tag-republique-francaise","20":"tag-sport","21":"tag-sports"},"share_on_mastodon":{"url":"https:\/\/pubeurope.com\/@fr\/114601329316564466","error":""},"_links":{"self":[{"href":"https:\/\/www.europesays.com\/fr\/wp-json\/wp\/v2\/posts\/141164","targetHints":{"allow":["GET"]}}],"collection":[{"href":"https:\/\/www.europesays.com\/fr\/wp-json\/wp\/v2\/posts"}],"about":[{"href":"https:\/\/www.europesays.com\/fr\/wp-json\/wp\/v2\/types\/post"}],"author":[{"embeddable":true,"href":"https:\/\/www.europesays.com\/fr\/wp-json\/wp\/v2\/users\/2"}],"replies":[{"embeddable":true,"href":"https:\/\/www.europesays.com\/fr\/wp-json\/wp\/v2\/comments?post=141164"}],"version-history":[{"count":0,"href":"https:\/\/www.europesays.com\/fr\/wp-json\/wp\/v2\/posts\/141164\/revisions"}],"wp:featuredmedia":[{"embeddable":true,"href":"https:\/\/www.europesays.com\/fr\/wp-json\/wp\/v2\/media\/141165"}],"wp:attachment":[{"href":"https:\/\/www.europesays.com\/fr\/wp-json\/wp\/v2\/media?parent=141164"}],"wp:term":[{"taxonomy":"category","embeddable":true,"href":"https:\/\/www.europesays.com\/fr\/wp-json\/wp\/v2\/categories?post=141164"},{"taxonomy":"post_tag","embeddable":true,"href":"https:\/\/www.europesays.com\/fr\/wp-json\/wp\/v2\/tags?post=141164"}],"curies":[{"name":"wp","href":"https:\/\/api.w.org\/{rel}","templated":true}]}}