{"id":141166,"date":"2025-05-31T07:44:08","date_gmt":"2025-05-31T07:44:08","guid":{"rendered":"https:\/\/www.europesays.com\/fr\/141166\/"},"modified":"2025-05-31T07:44:08","modified_gmt":"2025-05-31T07:44:08","slug":"les-voitures-sembrasent-un-mort-et-deux-blesses-en-urgence-absolue","status":"publish","type":"post","link":"https:\/\/www.europesays.com\/fr\/141166\/","title":{"rendered":"les voitures s&#8217;embrasent, un mort et deux bless\u00e9s en \u00ab\u00a0urgence absolue \u00bb"},"content":{"rendered":"<p>            Par<br \/>\n        <strong><br \/>\n            <a href=\"https:\/\/actu.fr\/auteur\/julien-bouteiller\" title=\"Consulter tous les articles de Julien Bouteiller\" rel=\"nofollow noopener\" target=\"_blank\">Julien Bouteiller<\/a><br \/>\n        <\/strong><\/p>\n<p>        Publi\u00e9 le<\/p>\n<p>            31 mai 2025 \u00e0 9h33        <\/p>\n<p><strong>Terrible drame de la route dans l\u2019agglo de Rouen<\/strong>, dans la nuit du 30 au 31 mai 2025. Selon le Service d\u00e9partemental d\u2019incendie et de secours (Sdis),<strong> un homme a \u00e9t\u00e9 tu\u00e9 et deux autres sont dans un \u00e9tat critique<\/strong> apr\u00e8s un choc entre deux voitures <a href=\"https:\/\/actu.fr\/normandie\/le-petit-quevilly_76498\" rel=\"nofollow noopener\" target=\"_blank\">au Petit-Quevilly<\/a>.<\/p>\n<p>Accident, v\u00e9hicules en feu : un mort au Petit-Quevilly<\/p>\n<p class=\" wall-content\"><strong>C\u2019est vers 4h20 du matin<\/strong> que l\u2019accident s\u2019est produit,<strong> sur le boulevard du 11-novembre<\/strong>, au niveau des voies de Teor. D\u2019apr\u00e8s des t\u00e9moins, deux automobilistes se seraient percut\u00e9s en face-\u00e0-face. \u00ab\u00a0Un des passagers <strong>a \u00e9t\u00e9 sorti inconscient<\/strong> par mon compagnon et son fr\u00e8re\u00a0\u00bb, nous relate une lectrice. \u00ab\u00a0Le passager \u00e0 c\u00f4t\u00e9 du conducteur n\u2019a pas pu \u00eatre sorti, <strong>le tableau de bord lui bloquait les jambes et sa porti\u00e8re \u00e9tait bloqu\u00e9e<\/strong>. Les voitures ont pris feu.\u00a0\u00bb<\/p>\n<p class=\" wall-content\">Le Sdis confirme en effet que<strong> les v\u00e9hicules se sont embras\u00e9s<\/strong>. Selon nos informations, cet incendie est<strong> d\u00fb \u00e0 la pr\u00e9sence de protoxyde d\u2019azote<\/strong>.<\/p>\n<p class=\" wall-content\">Le bilan est lourd. Sur cinq impliqu\u00e9s, <strong>un homme est mort, deux autres ont \u00e9t\u00e9 pris en charge en \u00ab\u00a0urgence absolue\u00a0\u00bb<\/strong>. Deux autres sont plus l\u00e9g\u00e8rement touch\u00e9s.\u00a0<\/p>\n<p class=\" wall-content\"><strong>Une enqu\u00eate de police<\/strong> doit maintenant d\u00e9terminer les circonstances exactes de ce drame.<\/p>\n<p>Vid\u00e9os : en ce moment sur ActuSuivez l\u2019actualit\u00e9 de Rouen <a href=\"https:\/\/www.whatsapp.com\/channel\/0029VaKfnf99hXF2ddApFB1D\" rel=\"nofollow noopener\" target=\"_blank\">sur notre cha\u00eene WhatsApp<\/a> et <a href=\"https:\/\/www.tiktok.com\/@76actu.fr?lang=fr\" rel=\"nofollow noopener\" target=\"_blank\">sur notre compte TikTok<\/a><\/p>\n<p class=\" wall-content\">Suivez toute l\u2019actualit\u00e9 de vos villes et m\u00e9dias favoris en vous inscrivant \u00e0 <a href=\"https:\/\/moncompte.actu.fr\" title=\"D\u00e9couvez Mon Actu\" rel=\"nofollow noopener\" data-trk=\"{&quot;cta&quot;:{&quot;action&quot;:&quot;https:\\\/\\\/moncompte.actu.fr&quot;,&quot;category&quot;:&quot;mon compte&quot;,&quot;from&quot;:&quot;article footer&quot;,&quot;name&quot;:&quot;Mon actu&quot;,&quot;type&quot;:&quot;cta&quot;}}\" target=\"_blank\">Mon Actu<\/a>.<\/p>\n<p>                    <script async src=\"\/\/www.tiktok.com\/embed.js\"><\/script><\/p>\n","protected":false},"excerpt":{"rendered":"Par Julien Bouteiller Publi\u00e9 le 31 mai 2025 \u00e0 9h33 Terrible drame de la route dans l\u2019agglo de&hellip;\n","protected":false},"author":2,"featured_media":141167,"comment_status":"","ping_status":"","sticky":false,"template":"","format":"standard","meta":{"footnotes":""},"categories":[9587],"tags":[119,1111,11,1777,674,118,1011,27,1310,12,5161,1311,25,9590],"class_list":{"0":"post-141166","1":"post","2":"type-post","3":"status-publish","4":"format-standard","5":"has-post-thumbnail","7":"category-rouen","8":"tag-accident","9":"tag-actu","10":"tag-actualites","11":"tag-eu","12":"tag-europe","13":"tag-faits-divers","14":"tag-fr","15":"tag-france","16":"tag-incendie","17":"tag-news","18":"tag-normandie","19":"tag-pompiers","20":"tag-republique-francaise","21":"tag-rouen"},"share_on_mastodon":{"url":"https:\/\/pubeurope.com\/@fr\/114601332936627099","error":""},"_links":{"self":[{"href":"https:\/\/www.europesays.com\/fr\/wp-json\/wp\/v2\/posts\/141166","targetHints":{"allow":["GET"]}}],"collection":[{"href":"https:\/\/www.europesays.com\/fr\/wp-json\/wp\/v2\/posts"}],"about":[{"href":"https:\/\/www.europesays.com\/fr\/wp-json\/wp\/v2\/types\/post"}],"author":[{"embeddable":true,"href":"https:\/\/www.europesays.com\/fr\/wp-json\/wp\/v2\/users\/2"}],"replies":[{"embeddable":true,"href":"https:\/\/www.europesays.com\/fr\/wp-json\/wp\/v2\/comments?post=141166"}],"version-history":[{"count":0,"href":"https:\/\/www.europesays.com\/fr\/wp-json\/wp\/v2\/posts\/141166\/revisions"}],"wp:featuredmedia":[{"embeddable":true,"href":"https:\/\/www.europesays.com\/fr\/wp-json\/wp\/v2\/media\/141167"}],"wp:attachment":[{"href":"https:\/\/www.europesays.com\/fr\/wp-json\/wp\/v2\/media?parent=141166"}],"wp:term":[{"taxonomy":"category","embeddable":true,"href":"https:\/\/www.europesays.com\/fr\/wp-json\/wp\/v2\/categories?post=141166"},{"taxonomy":"post_tag","embeddable":true,"href":"https:\/\/www.europesays.com\/fr\/wp-json\/wp\/v2\/tags?post=141166"}],"curies":[{"name":"wp","href":"https:\/\/api.w.org\/{rel}","templated":true}]}}